{"id":31057,"date":"2025-04-21T18:30:17","date_gmt":"2025-04-21T21:30:17","guid":{"rendered":"https:\/\/guialimeira.com.br\/2025\/04\/21\/papa-pediu-velorio-simples-em-testamento-assinado-em-2022\/"},"modified":"2025-04-21T18:30:17","modified_gmt":"2025-04-21T21:30:17","slug":"papa-pediu-velorio-simples-em-testamento-assinado-em-2022","status":"publish","type":"post","link":"https:\/\/guialimeira.com.br\/news\/papa-pediu-velorio-simples-em-testamento-assinado-em-2022\/","title":{"rendered":"Papa pediu vel\u00f3rio simples em testamento assinado em 2022"},"content":{"rendered":"<p> <br \/>\n<\/p>\n<div>\n<p>O Vaticano divulgou nesta segunda-feira (21) o testamento deixado pelo papa Francisco. <strong>Assinado em 29 de junho de 2022, o pont\u00edfice pediu que seu sepultamento seja feito com simplicidade.<\/strong><img data-recalc-dims=\"1\" decoding=\"async\" src=\"https:\/\/i0.wp.com\/agenciabrasil.ebc.com.br\/ebc.png?w=696&#038;ssl=1\" style=\"width:1px; height:1px; display:inline;\"\/><img data-recalc-dims=\"1\" decoding=\"async\" src=\"https:\/\/i0.wp.com\/agenciabrasil.ebc.com.br\/ebc.gif?w=696&#038;ssl=1\" style=\"width:1px; height:1px; display:inline;\"\/><\/p>\n<p>No documento, <strong>o papa tamb\u00e9m solicitou que o sepulcro seja montado no ch\u00e3o e de forma simples, sem decora\u00e7\u00e3o especial e \u00a0somente com a inscri\u00e7\u00e3o Franciscus na l\u00e1pide.<\/strong><\/p>\n<p>O testamento tamb\u00e9m previu que o corpo do pont\u00edfice seja sepultado na bas\u00edlica papal de Santa Maria Maior.<\/p>\n<p>&#8220;Desejo que minha \u00faltima viagem terrena se conclua justamente neste antiqu\u00edssimo santu\u00e1rio mariano, onde ia rezar no in\u00edcio e no fim de cada viagem apost\u00f3lica, para confiar com f\u00e9 minhas inten\u00e7\u00f5es \u00e0 m\u00e3e imaculada e agradecer-lhe por seu cuidado d\u00f3cil e materno&#8221;, justificou.<\/p>\n<p><strong>O papa tamb\u00e9m se preocupou com os gastos do funeral.<\/strong><\/p>\n<p>&#8220;As despesas para a prepara\u00e7\u00e3o da minha sepultura ser\u00e3o cobertas com a quantia de um benfeitor que destinei \u00e0 bas\u00edlica papal de Santa Maria Maior, conforme instru\u00e7\u00f5es que providenciei transmitir ao monsenhor Rolandas Makrickas, comiss\u00e1rio extraordin\u00e1rio do cap\u00edtulo liberiano&#8221;, escreveu.<\/p>\n<p>No final de seu testamento, o papa deixou uma mensagem de fraternidade para o mundo.<\/p>\n<blockquote>\n<p>&#8220;Que o senhor conceda a merecida recompensa \u00e0queles que me amaram e continuar\u00e3o a rezar por mim. Ofere\u00e7o o sofrimento que se fez presente na parte final da minha vida ao Senhor, pela paz no mundo e pela fraternidade entre os povos&#8221;, concluiu.<\/p>\n<\/blockquote>\n<p><strong>Mais cedo, o Vaticano confirmou que o <a href=\"https:\/\/agenciabrasil.ebc.com.br\/internacional\/noticia\/2025-04\/vaticano-confirma-morte-do-papa-por-avc-e-colapso-cardiorrespiratorio\" target=\"_blank\" rel=\"noopener\">pont\u00edfice foi v\u00edtima<\/a> de um acidente vascular cerebral (AVC), seguido por coma e colapso cardiovascular irrevers\u00edvel.<\/strong><\/p>\n<p>Os detalhes do rito de sepultamento e os pr\u00f3ximos passos do Vaticano com rela\u00e7\u00e3o \u00e0 sucess\u00e3o papal ainda n\u00e3o foram divulgados.<\/p>\n<p>      <!-- Relacionada --><\/p>\n<p>            <!-- Relacionada -->\n    <\/div>\n<p><br \/>\n<br \/><a href=\"https:\/\/agenciabrasil.ebc.com.br\/internacional\/noticia\/2025-04\/papa-pediu-velorio-simples-em-testamento-assinado-em-2022\" rel=\"noopener\">Ag\u00eancia Brasil <\/a><\/p>\n","protected":false},"excerpt":{"rendered":"<p>O Vaticano divulgou nesta segunda-feira (21) o testamento deixado pelo papa Francisco. Assinado em 29 de junho de 2022, o pont\u00edfice pediu que seu sepultamento seja feito com simplicidade. No documento, o papa tamb\u00e9m solicitou que o sepulcro seja montado no ch\u00e3o e de forma simples, sem decora\u00e7\u00e3o especial e \u00a0somente com a inscri\u00e7\u00e3o Franciscus [&hellip;]<\/p>\n","protected":false},"author":1,"featured_media":31058,"comment_status":"open","ping_status":"open","sticky":false,"template":"","format":"standard","meta":{"_jetpack_newsletter_access":"","_jetpack_dont_email_post_to_subs":false,"_jetpack_newsletter_tier_id":0,"_jetpack_memberships_contains_paywalled_content":false,"_mbp_banners":[],"_jetpack_feature_clip_id":0,"_jetpack_memberships_contains_paid_content":false,"footnotes":"","jetpack_publicize_message":"","jetpack_publicize_feature_enabled":true,"jetpack_social_post_already_shared":true,"jetpack_social_options":{"image_generator_settings":{"template":"highway","default_image_id":0,"font":"","enabled":false},"version":2},"jetpack_post_was_ever_published":false},"categories":[25],"tags":[],"class_list":["post-31057","post","type-post","status-publish","format-standard","has-post-thumbnail","category-internacional"],"jetpack_publicize_connections":[],"jetpack-related-posts":[],"jetpack_shortlink":"https:\/\/wp.me\/p7Eq1F-84V","jetpack_sharing_enabled":true,"jetpack_featured_media_url":"https:\/\/i0.wp.com\/guialimeira.com.br\/news\/wp-content\/uploads\/2025\/04\/2025-04-21t105936z_1836090190_rc2a2eap9trz_rtrmadp_3_pope-francis.jpg?fit=1600%2C800&ssl=1","_links":{"self":[{"href":"https:\/\/guialimeira.com.br\/news\/wp-json\/wp\/v2\/posts\/31057","targetHints":{"allow":["GET"]}}],"collection":[{"href":"https:\/\/guialimeira.com.br\/news\/wp-json\/wp\/v2\/posts"}],"about":[{"href":"https:\/\/guialimeira.com.br\/news\/wp-json\/wp\/v2\/types\/post"}],"author":[{"embeddable":true,"href":"https:\/\/guialimeira.com.br\/news\/wp-json\/wp\/v2\/users\/1"}],"replies":[{"embeddable":true,"href":"https:\/\/guialimeira.com.br\/news\/wp-json\/wp\/v2\/comments?post=31057"}],"version-history":[{"count":0,"href":"https:\/\/guialimeira.com.br\/news\/wp-json\/wp\/v2\/posts\/31057\/revisions"}],"wp:featuredmedia":[{"embeddable":true,"href":"https:\/\/guialimeira.com.br\/news\/wp-json\/wp\/v2\/media\/31058"}],"wp:attachment":[{"href":"https:\/\/guialimeira.com.br\/news\/wp-json\/wp\/v2\/media?parent=31057"}],"wp:term":[{"taxonomy":"category","embeddable":true,"href":"https:\/\/guialimeira.com.br\/news\/wp-json\/wp\/v2\/categories?post=31057"},{"taxonomy":"post_tag","embeddable":true,"href":"https:\/\/guialimeira.com.br\/news\/wp-json\/wp\/v2\/tags?post=31057"}],"curies":[{"name":"wp","href":"https:\/\/api.w.org\/{rel}","templated":true}]}}