{"id":31044,"date":"2025-04-21T16:28:04","date_gmt":"2025-04-21T19:28:04","guid":{"rendered":"https:\/\/guialimeira.com.br\/2025\/04\/21\/vaticano-confirma-morte-do-papa-por-avc-e-colapso-cardiovascular\/"},"modified":"2025-04-21T16:28:04","modified_gmt":"2025-04-21T19:28:04","slug":"vaticano-confirma-morte-do-papa-por-avc-e-colapso-cardiovascular","status":"publish","type":"post","link":"https:\/\/guialimeira.com.br\/news\/vaticano-confirma-morte-do-papa-por-avc-e-colapso-cardiovascular\/","title":{"rendered":"Vaticano confirma morte do papa por AVC e colapso cardiovascular"},"content":{"rendered":"<p> <br \/>\n<\/p>\n<div>\n<p>Um boletim m\u00e9dico oficial divulgado nesta segunda-feira (21) pela Santa S\u00e9 informa que <strong>o papa Francisco foi v\u00edtima de um acidente vascular cerebral (AVC), seguido por coma e colapso cardiovascular irrevers\u00edvel.<\/strong><img data-recalc-dims=\"1\" decoding=\"async\" src=\"https:\/\/i0.wp.com\/agenciabrasil.ebc.com.br\/ebc.png?w=696&#038;ssl=1\" style=\"width:1px; height:1px; display:inline;\"\/><img data-recalc-dims=\"1\" decoding=\"async\" src=\"https:\/\/i0.wp.com\/agenciabrasil.ebc.com.br\/ebc.gif?w=696&#038;ssl=1\" style=\"width:1px; height:1px; display:inline;\"\/><\/p>\n<p>O relat\u00f3rio de \u00f3bito \u00e9 assinado pelo professor Andrea Arcangeli, diretor da Dire\u00e7\u00e3o de Sa\u00fade e Higiene do Estado da Cidade do Vaticano. <strong>A morte foi constatada por meio de registro eletrocardiotanatogr\u00e1fico, m\u00e9todo que identifica o momento exato da parada card\u00edaca (7h35 no hor\u00e1rio local; 2h35 no hor\u00e1rio de Bras\u00edlia).<\/strong><\/p>\n<p>O documento tamb\u00e9m informa que o papa apresentava hist\u00f3rico cl\u00ednico de insufici\u00eancia respirat\u00f3ria aguda, pneumonia multimicrobiana bilateral, bronquiectasias m\u00faltiplas, hipertens\u00e3o arterial e diabetes tipo 2.<\/p>\n<p>\u201cDeclaro que as causas da morte, segundo meu conhecimento e consci\u00eancia, s\u00e3o aquelas indicadas acima\u201d, afirmou Arcangeli no relat\u00f3rio.<\/p>\n<p>A Santa S\u00e9 ainda n\u00e3o divulgou detalhes sobre as cerim\u00f4nias f\u00fanebres nem sobre os pr\u00f3ximos passos do Vaticano com rela\u00e7\u00e3o \u00e0 sucess\u00e3o papal.<\/p>\n<p>      <!-- Relacionada --><\/p>\n<p>            <!-- Relacionada -->\n    <\/div>\n<p><br \/>\n<br \/><a href=\"https:\/\/agenciabrasil.ebc.com.br\/internacional\/noticia\/2025-04\/vaticano-confirma-morte-do-papa-por-avc-e-colapso-cardiorrespiratorio\" rel=\"noopener\">Ag\u00eancia Brasil <\/a><\/p>\n","protected":false},"excerpt":{"rendered":"<p>Um boletim m\u00e9dico oficial divulgado nesta segunda-feira (21) pela Santa S\u00e9 informa que o papa Francisco foi v\u00edtima de um acidente vascular cerebral (AVC), seguido por coma e colapso cardiovascular irrevers\u00edvel. O relat\u00f3rio de \u00f3bito \u00e9 assinado pelo professor Andrea Arcangeli, diretor da Dire\u00e7\u00e3o de Sa\u00fade e Higiene do Estado da Cidade do Vaticano. A [&hellip;]<\/p>\n","protected":false},"author":1,"featured_media":31045,"comment_status":"open","ping_status":"open","sticky":false,"template":"","format":"standard","meta":{"_jetpack_newsletter_access":"","_jetpack_dont_email_post_to_subs":false,"_jetpack_newsletter_tier_id":0,"_jetpack_memberships_contains_paywalled_content":false,"_mbp_banners":[],"_jetpack_feature_clip_id":0,"_jetpack_memberships_contains_paid_content":false,"footnotes":"","jetpack_publicize_message":"","jetpack_publicize_feature_enabled":true,"jetpack_social_post_already_shared":true,"jetpack_social_options":{"image_generator_settings":{"template":"highway","default_image_id":0,"font":"","enabled":false},"version":2},"jetpack_post_was_ever_published":false},"categories":[25],"tags":[],"class_list":["post-31044","post","type-post","status-publish","format-standard","has-post-thumbnail","category-internacional"],"jetpack_publicize_connections":[],"jetpack-related-posts":[],"jetpack_shortlink":"https:\/\/wp.me\/p7Eq1F-84I","jetpack_sharing_enabled":true,"jetpack_featured_media_url":"https:\/\/i0.wp.com\/guialimeira.com.br\/news\/wp-content\/uploads\/2025\/04\/int8258.jpg?fit=1600%2C800&ssl=1","_links":{"self":[{"href":"https:\/\/guialimeira.com.br\/news\/wp-json\/wp\/v2\/posts\/31044","targetHints":{"allow":["GET"]}}],"collection":[{"href":"https:\/\/guialimeira.com.br\/news\/wp-json\/wp\/v2\/posts"}],"about":[{"href":"https:\/\/guialimeira.com.br\/news\/wp-json\/wp\/v2\/types\/post"}],"author":[{"embeddable":true,"href":"https:\/\/guialimeira.com.br\/news\/wp-json\/wp\/v2\/users\/1"}],"replies":[{"embeddable":true,"href":"https:\/\/guialimeira.com.br\/news\/wp-json\/wp\/v2\/comments?post=31044"}],"version-history":[{"count":0,"href":"https:\/\/guialimeira.com.br\/news\/wp-json\/wp\/v2\/posts\/31044\/revisions"}],"wp:featuredmedia":[{"embeddable":true,"href":"https:\/\/guialimeira.com.br\/news\/wp-json\/wp\/v2\/media\/31045"}],"wp:attachment":[{"href":"https:\/\/guialimeira.com.br\/news\/wp-json\/wp\/v2\/media?parent=31044"}],"wp:term":[{"taxonomy":"category","embeddable":true,"href":"https:\/\/guialimeira.com.br\/news\/wp-json\/wp\/v2\/categories?post=31044"},{"taxonomy":"post_tag","embeddable":true,"href":"https:\/\/guialimeira.com.br\/news\/wp-json\/wp\/v2\/tags?post=31044"}],"curies":[{"name":"wp","href":"https:\/\/api.w.org\/{rel}","templated":true}]}}