{"id":31037,"date":"2025-04-21T15:41:35","date_gmt":"2025-04-21T18:41:35","guid":{"rendered":"https:\/\/guialimeira.com.br\/?p=31037"},"modified":"2025-04-21T15:41:38","modified_gmt":"2025-04-21T18:41:38","slug":"vaticano-confirma-causa-da-morte-do-papa-francisco","status":"publish","type":"post","link":"https:\/\/guialimeira.com.br\/news\/vaticano-confirma-causa-da-morte-do-papa-francisco\/","title":{"rendered":"Vaticano confirma causa da morte do Papa Francisco"},"content":{"rendered":"\n<p class=\"wp-block-paragraph\">O Vaticano divulgou oficialmente a causa da morte do Papa Francisco, falecido na madrugada de 21 de abril de 2025. De acordo com o boletim m\u00e9dico, o Pont\u00edfice sofreu um acidente vascular cerebral (AVC), que levou a um quadro irrevers\u00edvel de insufici\u00eancia card\u00edaca.<\/p>\n\n\n\n<p class=\"wp-block-paragraph\">Segundo o relat\u00f3rio, Francisco entrou em coma ap\u00f3s o AVC e apresentou um colapso cardiocirculat\u00f3rio \u00e0s 7h35 (hor\u00e1rio de Roma) \u2014 o equivalente \u00e0s 2h35 em Bras\u00edlia.<\/p>\n\n\n\n<p class=\"wp-block-paragraph\">\ud83e\ude7a Quadro cl\u00ednico agravado<br>O boletim tamb\u00e9m revelou que o estado de sa\u00fade do Papa estava comprometido por diversas condi\u00e7\u00f5es pr\u00e9-existentes, que agravaram o desfecho cl\u00ednico:<\/p>\n\n\n\n<p class=\"wp-block-paragraph\">Pneumonia bilateral<\/p>\n\n\n\n<p class=\"wp-block-paragraph\">Bronquiectasias m\u00faltiplas (doen\u00e7a respirat\u00f3ria cr\u00f4nica)<\/p>\n\n\n\n<p class=\"wp-block-paragraph\">Hipertens\u00e3o arterial<\/p>\n\n\n\n<p class=\"wp-block-paragraph\">Diabetes tipo II<\/p>\n\n\n\n<p class=\"wp-block-paragraph\">A confirma\u00e7\u00e3o do \u00f3bito foi feita por meio de eletrocardiograma, conforme os protocolos do Ordo Exsequiarum Romani Pontificis, rito oficial que regula os procedimentos ap\u00f3s a morte de um Pont\u00edfice.<\/p>\n\n\n\n<p class=\"wp-block-paragraph\">\u271d\ufe0f Um legado de compaix\u00e3o e coragem<br>Francisco, nascido Jorge Mario Bergoglio, foi o primeiro Papa latino-americano e o primeiro jesu\u00edta a ocupar o trono de S\u00e3o Pedro. Seu pontificado foi marcado pela \u00eanfase na miseric\u00f3rdia, simplicidade, justi\u00e7a social e por uma forte atua\u00e7\u00e3o em temas como mudan\u00e7as clim\u00e1ticas, di\u00e1logo inter-religioso e sinodalidade.<\/p>\n\n\n\n<p class=\"wp-block-paragraph\">Sua morte encerra um ciclo de mais de uma d\u00e9cada de profundas transforma\u00e7\u00f5es e proximidade com os marginalizados.<\/p>\n\n\n\n<p class=\"wp-block-paragraph\">\u26ea O mundo em ora\u00e7\u00e3o<br>Cat\u00f3licos de todo o planeta se unem em luto e ora\u00e7\u00e3o, enquanto o Vaticano organiza as cerim\u00f4nias f\u00fanebres e prepara o Conclave que eleger\u00e1 seu sucessor. O corpo do Santo Padre ser\u00e1 velado na Bas\u00edlica de S\u00e3o Pedro, e o enterro seguir\u00e1 os ritos solenes da Igreja.<\/p>\n","protected":false},"excerpt":{"rendered":"<p>O Vaticano divulgou oficialmente a causa da morte do Papa Francisco, falecido na madrugada de 21 de abril de 2025. De acordo com o boletim m\u00e9dico, o Pont\u00edfice sofreu um acidente vascular cerebral (AVC), que levou a um quadro irrevers\u00edvel de insufici\u00eancia card\u00edaca.<\/p>\n","protected":false},"author":1,"featured_media":17235,"comment_status":"open","ping_status":"open","sticky":false,"template":"","format":"standard","meta":{"_jetpack_newsletter_access":"","_jetpack_dont_email_post_to_subs":false,"_jetpack_newsletter_tier_id":0,"_jetpack_memberships_contains_paywalled_content":false,"_mbp_banners":[],"_jetpack_feature_clip_id":0,"_jetpack_memberships_contains_paid_content":false,"footnotes":"","jetpack_publicize_message":"","jetpack_publicize_feature_enabled":true,"jetpack_social_post_already_shared":true,"jetpack_social_options":{"image_generator_settings":{"template":"highway","default_image_id":0,"font":"","enabled":false},"version":2},"jetpack_post_was_ever_published":false},"categories":[25,16],"tags":[],"class_list":["post-31037","post","type-post","status-publish","format-standard","has-post-thumbnail","category-internacional","category-local"],"jetpack_publicize_connections":[],"jetpack-related-posts":[],"jetpack_shortlink":"https:\/\/wp.me\/p7Eq1F-84B","jetpack_sharing_enabled":true,"jetpack_featured_media_url":"https:\/\/i0.wp.com\/guialimeira.com.br\/news\/wp-content\/uploads\/2024\/11\/papa.jpg?fit=1600%2C800&ssl=1","_links":{"self":[{"href":"https:\/\/guialimeira.com.br\/news\/wp-json\/wp\/v2\/posts\/31037","targetHints":{"allow":["GET"]}}],"collection":[{"href":"https:\/\/guialimeira.com.br\/news\/wp-json\/wp\/v2\/posts"}],"about":[{"href":"https:\/\/guialimeira.com.br\/news\/wp-json\/wp\/v2\/types\/post"}],"author":[{"embeddable":true,"href":"https:\/\/guialimeira.com.br\/news\/wp-json\/wp\/v2\/users\/1"}],"replies":[{"embeddable":true,"href":"https:\/\/guialimeira.com.br\/news\/wp-json\/wp\/v2\/comments?post=31037"}],"version-history":[{"count":1,"href":"https:\/\/guialimeira.com.br\/news\/wp-json\/wp\/v2\/posts\/31037\/revisions"}],"predecessor-version":[{"id":31038,"href":"https:\/\/guialimeira.com.br\/news\/wp-json\/wp\/v2\/posts\/31037\/revisions\/31038"}],"wp:featuredmedia":[{"embeddable":true,"href":"https:\/\/guialimeira.com.br\/news\/wp-json\/wp\/v2\/media\/17235"}],"wp:attachment":[{"href":"https:\/\/guialimeira.com.br\/news\/wp-json\/wp\/v2\/media?parent=31037"}],"wp:term":[{"taxonomy":"category","embeddable":true,"href":"https:\/\/guialimeira.com.br\/news\/wp-json\/wp\/v2\/categories?post=31037"},{"taxonomy":"post_tag","embeddable":true,"href":"https:\/\/guialimeira.com.br\/news\/wp-json\/wp\/v2\/tags?post=31037"}],"curies":[{"name":"wp","href":"https:\/\/api.w.org\/{rel}","templated":true}]}}