{"id":31035,"date":"2025-04-21T15:27:18","date_gmt":"2025-04-21T18:27:18","guid":{"rendered":"https:\/\/guialimeira.com.br\/2025\/04\/21\/meio-ambiente-e-pobreza-sao-legados-do-papa-francisco-diz-arcebispo\/"},"modified":"2025-04-21T15:27:18","modified_gmt":"2025-04-21T18:27:18","slug":"meio-ambiente-e-pobreza-sao-legados-do-papa-francisco-diz-arcebispo","status":"publish","type":"post","link":"https:\/\/guialimeira.com.br\/news\/meio-ambiente-e-pobreza-sao-legados-do-papa-francisco-diz-arcebispo\/","title":{"rendered":"Meio ambiente e pobreza s\u00e3o legados do papa Francisco, diz arcebispo"},"content":{"rendered":"<p> <br \/>\n<\/p>\n<div>\n<p>O papa Francisco colocou o cuidado com o meio\u00a0ambiente e com os mais pobres no centro do seu pontificado. A avalia\u00e7\u00e3o \u00e9 do arcebispo de Bras\u00edlia, cardeal Paulo Cezar Costa, que vai participar da escolha do novo papa. <strong>O <a href=\"https:\/\/agenciabrasil.ebc.com.br\/internacional\/noticia\/2025-04\/papa-francisco-morre-aos-88-anos\" target=\"_blank\" rel=\"noopener\">pont\u00edfice faleceu<\/a> nesta segunda-feira (21), aos 88 anos.<\/strong><img data-recalc-dims=\"1\" decoding=\"async\" src=\"https:\/\/i0.wp.com\/agenciabrasil.ebc.com.br\/ebc.png?w=696&#038;ssl=1\" style=\"width:1px; height:1px; display:inline;\"\/><img data-recalc-dims=\"1\" decoding=\"async\" src=\"https:\/\/i0.wp.com\/agenciabrasil.ebc.com.br\/ebc.gif?w=696&#038;ssl=1\" style=\"width:1px; height:1px; display:inline;\"\/><\/p>\n<p>\u201cDeixa esse grande legado para o mundo, principalmente a quest\u00e3o ecol\u00f3gica, o pr\u00f3prio nome, quando escolheu Francisco [em refer\u00eancia a S\u00e3o Francisco de Assis, conhecido como protetor dos animais e da natureza]\u00a0ele foi algu\u00e9m que amou a ecologia, que percebeu que temos uma casa comum e,\u00a0por isso,\u00a0chamava todos de irm\u00e3os e de irm\u00e3s\u201d, disse dom Paulo, em coletiva de imprensa, nesta segunda-feira,\u00a0em Bras\u00edlia.<\/p>\n<div class=\"dnd-widget-wrapper context-grande_6colunas type-image atom-align-left\">\n<div class=\"dnd-atom-rendered\"><!-- scald=421569:grande_6colunas {\"additionalClasses\":\"\"} --><br \/>\n            <img data-recalc-dims=\"1\" decoding=\"async\" src=\"https:\/\/i0.wp.com\/imagens.ebc.com.br\/xtEkzTE0Tz_IsuOQ4tT25va2UUg%3D\/463x0\/smart\/https%3A\/\/agenciabrasil.ebc.com.br\/sites\/default\/files\/thumbnails\/image\/2025\/04\/21\/21042025-pzzb4489.jpg?w=696&#038;ssl=1\" alt=\"Bras\u00edlia (DF) 221\/04\/2025 o arcebispo de Bras\u00edlia, Cardeal Dom Paulo C\u00e9sar, acompanhado dos bispos auxiliares e do Cardeal em\u00e9rito, Dom Raimundo damasceno, durante coletiva sobre a morte do Papa Francisco  Foto: Fabio Rodrigues-Pozzebom\/ Ag\u00eancia Brasil\" title=\"Fabio Rodrigues-Pozzebom\/ Ag\u00eancia Brasil\"\/><br \/>\n        <img data-recalc-dims=\"1\" decoding=\"async\" src=\"https:\/\/i0.wp.com\/imagens.ebc.com.br\/xtEkzTE0Tz_IsuOQ4tT25va2UUg%3D\/463x0\/smart\/https%3A\/\/agenciabrasil.ebc.com.br\/sites\/default\/files\/thumbnails\/image\/2025\/04\/21\/21042025-pzzb4489.jpg?w=696&#038;ssl=1\" alt=\"Bras\u00edlia (DF) 221\/04\/2025 o arcebispo de Bras\u00edlia, Cardeal Dom Paulo C\u00e9sar, acompanhado dos bispos auxiliares e do Cardeal em\u00e9rito, Dom Raimundo damasceno, durante coletiva sobre a morte do Papa Francisco  Foto: Fabio Rodrigues-Pozzebom\/ Ag\u00eancia Brasil\" title=\"Fabio Rodrigues-Pozzebom\/ Ag\u00eancia Brasil\"\/><br \/>\n    <!-- END scald=421569 --><\/div>\n<div class=\"dnd-caption-wrapper\">\n<p><!--copyright=421569-->Coletiva arcebispo pela morte do Papa, por Fabio Rodrigues-Pozzebom\/ Ag\u00eancia Brasil<!--END copyright=421569--><\/p>\n<\/div>\n<\/div>\n<p>Segundo dom Paulo, quando o papa Francisco prop\u00f5e a Laudato Si, ele alerta que a industrializa\u00e7\u00e3o &#8211;\u00a0a raz\u00e3o moderna &#8211;\u00a0n\u00e3o conseguiu conciliar desenvolvimento com sustentabilidade. \u201c\u00c9 preciso buscar, ent\u00e3o, a raz\u00e3o contemplativa. \u00c9 preciso olhar a realidade e perceber que tudo \u00e9 dom do amor misericordioso de Deus, que precisa ser conservado, precisa ser preservado\u201d, afirmou.<\/p>\n<p>A <a href=\"https:\/\/agenciabrasil.ebc.com.br\/internacional\/noticia\/2015-06\/enciclica-papal-sobre-meio-ambiente-apela-para-responsabilidade-de\" target=\"_blank\" rel=\"noopener\">Laudato Si<\/a> (em portugu\u00eas, Louvado Seja) \u00e9 o t\u00edtulo da enc\u00edclica do papa Francisco sobre o cuidado com o meio ambiente, escrita em 2015, como uma reflex\u00e3o sobre a crise ecol\u00f3gica e um apelo \u00e0 a\u00e7\u00e3o para proteger o planeta. Uma enc\u00edclica \u00e9 a forma mais elevada de escrita papal.<\/p>\n<p>Para o arcebispo de Bras\u00edlia, Francisco tamb\u00e9m deixa um legado de simplicidade, de uma igreja evangelizadora e mission\u00e1ria.<\/p>\n<blockquote>\n<p>\u201cUma igreja que vai para as periferias humanas, para as periferias existenciais, \u00e9 um legado de acolhida\u201d, destacou, dizendo que o Papa era \u201cprofundamente antenado\u201d com as quest\u00f5es atuais, como a migra\u00e7\u00e3o e as guerras.<\/p>\n<\/blockquote>\n<p>De acordo com\u00a0dom Paulo, Francisco dizia que o Mar Mediterr\u00e2neo n\u00e3o poderia ser um \u201ccemit\u00e9rio de pessoas\u201d. No local, muitos <a href=\"https:\/\/agenciabrasil.ebc.com.br\/internacional\/noticia\/2019-01\/mais-de-150-imigrantes-se-afogam-no-mar-mediterraneo\" target=\"_blank\" rel=\"noopener\">barcos com refugiados naufragam tentando chegar \u00e0 Europa<\/a>.\u00a0 Segundo o cardeal, o papa defendia que o <a href=\"https:\/\/agenciabrasil.ebc.com.br\/internacional\/noticia\/2025-04\/papa-apela-cessar-fogo-em-gaza-e-paz-na-ucrania\" target=\"_blank\" rel=\"noopener\">di\u00e1logo \u00e9 o caminho para a resolu\u00e7\u00e3o das guerras<\/a> em curso no mundo. \u201cUm papa que percebia o horror da guerra, que o horror da guerra n\u00e3o \u00e9 solu\u00e7\u00e3o para nada, \u00e9 s\u00f3 fal\u00eancia da humanidade\u201d, disse.<\/p>\n<p><strong>Ao olhar para a pr\u00f3pria Igreja, o religioso trabalhou pelo combate \u00e0 pedofilia dentro da institui\u00e7\u00e3o, pedindo <a href=\"https:\/\/agenciabrasil.ebc.com.br\/internacional\/noticia\/2017-01\/em-carta-aos-bispos-papa-pede-tolerancia-zero-com-pedofilia\" target=\"_blank\" rel=\"noopener\">toler\u00e2ncia zero com os abusos<\/a>.<\/strong> Em 2013, Francisco criou a Comiss\u00e3o de Prote\u00e7\u00e3o \u00e0 Crian\u00e7a do Vaticano, a primeira do g\u00eanero. \u201cN\u00e3o tem que ter toler\u00e2ncia nenhuma\u201d, refor\u00e7ou o arcebispo de Bras\u00edlia. \u201cUm papa que deixa sua marca na vida e caminhada da igreja.\u201d<\/p>\n<p>Dom Paulo Cezar Costa foi feito cardeal pelo papa Francisco em 2022, e chegou a convidar o pont\u00edfice para vir a Bras\u00edlia em julho deste ano, na celebra\u00e7\u00e3o dos 65 anos da Arquidiocese da capital e na prepara\u00e7\u00e3o para a 30\u00aa Confer\u00eancia das Na\u00e7\u00f5es Unidas sobre Mudan\u00e7a do Clima (COP30), que ser\u00e1 realizada em novembro, em Bel\u00e9m, no Par\u00e1. \u201cSe tivesse condi\u00e7\u00f5es, tenho certeza de que ele viria\u201d, disse.<\/p>\n<p>\u201cParece que perdemos um pai\u201d, afirmou dom Paulo, lembrando de\u00a0sua proximidade com Francisco e do esp\u00edrito brincalh\u00e3o do pont\u00edfice, que assumiu a lideran\u00e7a da Igreja Cat\u00f3lica em fevereiro 2013, ap\u00f3s a ren\u00fancia do papa Bento XVI, que faleceu em janeiro de 2023.<\/p>\n<p><strong>Francisco, nome escolhido por ele para seu pontificado, nasceu Jorge Mario Bergoglio, em Buenos Aires, na Argentina, filho de imigrantes italianos<\/strong>. Foi o primeiro papa das Am\u00e9ricas, que, para o cardeal, \u201cserviu a igreja com alegria\u201d.<\/p>\n<blockquote>\n<p>\u201cUm homem que, eu diria, foi um pai para o mundo, porque apontou para o mundo suas alegrias, mas tamb\u00e9m seus problemas\u201d, disse Dom Paulo.<\/p>\n<\/blockquote>\n<div class=\"dnd-widget-wrapper context-cheio_8colunas type-image atom-align-center\">\n<div class=\"dnd-atom-rendered\"><!-- scald=421567:cheio_8colunas {\"additionalClasses\":\"\"} --><br \/>\n            <img data-recalc-dims=\"1\" decoding=\"async\" src=\"https:\/\/i0.wp.com\/imagens.ebc.com.br\/aIk3BzUxzFxeuINmMKeObd8p_So%3D\/754x0\/smart\/https%3A\/\/agenciabrasil.ebc.com.br\/sites\/default\/files\/thumbnails\/image\/2025\/04\/21\/21042025-pzzb4310.jpg?w=696&#038;ssl=1\" alt=\"Bras\u00edlia (DF) 221\/04\/2025 o arcebispo de Bras\u00edlia, Cardeal Dom Paulo C\u00e9sar, acompanhado dos bispos auxiliares e do Cardeal em\u00e9rito, Dom Raimundo damasceno, durante coletiva sobre a morte do Papa Francisco  Foto: Fabio Rodrigues-Pozzebom\/ Ag\u00eancia Brasil\" title=\"Fabio Rodrigues-Pozzebom\/ Ag\u00eancia Brasil\"\/><br \/>\n        <img data-recalc-dims=\"1\" decoding=\"async\" src=\"https:\/\/i0.wp.com\/imagens.ebc.com.br\/aIk3BzUxzFxeuINmMKeObd8p_So%3D\/754x0\/smart\/https%3A\/\/agenciabrasil.ebc.com.br\/sites\/default\/files\/thumbnails\/image\/2025\/04\/21\/21042025-pzzb4310.jpg?w=696&#038;ssl=1\" alt=\"Bras\u00edlia (DF) 221\/04\/2025 o arcebispo de Bras\u00edlia, Cardeal Dom Paulo C\u00e9sar, acompanhado dos bispos auxiliares e do Cardeal em\u00e9rito, Dom Raimundo damasceno, durante coletiva sobre a morte do Papa Francisco  Foto: Fabio Rodrigues-Pozzebom\/ Ag\u00eancia Brasil\" title=\"Fabio Rodrigues-Pozzebom\/ Ag\u00eancia Brasil\"\/><br \/>\n    <!-- END scald=421567 --><\/div>\n<p><h6 class=\"meta\"><!--copyright=421567-->Arcebispo de Bras\u00edlia, Cardeal Dom Paulo C\u00e9sar, acompanhado dos bispos auxiliares e do Cardeal em\u00e9rito, Dom Raimundo Damasceno, durante coletiva sobre a morte do papa Francisco <strong>Foto:\u00a0Fabio Rodrigues-Pozzebom\/ Ag\u00eancia Brasil<\/strong><!--END copyright=421567--><\/h6>\n<\/p>\n<\/div>\n<h2>Conclave<\/h2>\n<p><strong>De acordo com\u00a0o arcebispo de Bras\u00edlia, o funeral do papa Francisco deve ocorrer ao longo da semana, mas o sepultamento deve ser realizado apenas no pr\u00f3ximo fim de semana.<\/strong> Dom Paulo planeja chegar ao Vaticano na sexta-feira (25), para os rituais e, na sequ\u00eancia, seguir para o conclave, evento de escolha do novo papa.<\/p>\n<p><strong>Ap\u00f3s o funeral, o Vaticano passa por um per\u00edodo de luto de nove dias, para que, ent\u00e3o, os cardeais da Igreja Cat\u00f3lica iniciem a primeira parte do conclave<\/strong>, as reuni\u00f5es preparat\u00f3rias para a elei\u00e7\u00e3o. Nessas reuni\u00f5es, todos os cardeais do mundo participam e discutem os problemas da igreja e do mundo atual. A partir dali, come\u00e7a-se a delinear perfis que possam assumir o papel de bispo de Roma, de papa.<\/p>\n<p><strong>Para a segunda parte do conclave, a vota\u00e7\u00e3o na Capela Sistina, participam apenas os cardeais com menos de 80 anos<\/strong>. Segundo dom Paulo, \u00e9 normal que o novo papa seja um dos cardeais que est\u00e3o na capela, mas nada impede que algu\u00e9m que est\u00e1 fora seja eleito.<\/p>\n<blockquote>\n<p>\u201c\u00c9 uma escolha que vai al\u00e9m do voto meramente humano, \u00e9 tamb\u00e9m uma atitude de f\u00e9\u201d, disse o arcebispo de Bras\u00edlia, afastando qualquer clima de \u201ccompl\u00f4 pol\u00edtico\u201d. \u201cO clima \u00e9 outro, \u00e9 a percep\u00e7\u00e3o que n\u00f3s somos instrumentos na busca por perceber quem \u00e9 o melhor para guiar a Igreja, os 1,4 bilh\u00e3o de cat\u00f3licos no mundo inteiro.\u201d<\/p>\n<\/blockquote>\n<p><strong>O arcebispo em\u00e9rito de Aparecida (SP), dom Raymundo Damasceno Assis, tamb\u00e9m falou na coletiva em Bras\u00edlia, ao lado de Dom Paulo Cezar Costa<\/strong>. O cardeal mineiro, inclusive, participou da escolha do Papa Francisco, em 2013, e, agora, diante da idade avan\u00e7ada (88 anos), estar\u00e1 apenas na primeira parte do conclave.<\/p>\n<p>\u201c[Francisco] deixa um grande legado para a igreja, para que o outro papa\u00a0eleito\u00a0dentre os cardeais\u00a0possa continuar esta miss\u00e3o da igreja que \u00e9, fundamentalmente, o an\u00fancio do evangelho no mundo de hoje, diante de todos os seus desafios\u201d, disse dom Damasceno, afastando a possibilidade de ser eleito o novo papa.<\/p>\n<p>\u201cDif\u00edcil que cardeal em\u00e9rito seja eleito papa. \u00c9 necess\u00e1rio muito mais sa\u00fade, vitalidade e conhecimento de toda a Igreja\u201d, destacou. \u201cIsso, evidentemente est\u00e1 completamente descartado e nem eu desejo, nem espero. Rezo para que Deus inspire os cardeais que v\u00e3o votar e possam escolher aquele que melhor possa servir a igreja e o mundo nos dias de hoje\u201d, acrescentou.<\/p>\n<p><strong>O arcebispo em\u00e9rito lembrou que 80% dos cardeais do col\u00e9gio eleitoral foram criados pelo papa Francisco, que, ao longo do seu pontificado, voltou-se muito para as periferias do mundo<\/strong>. \u201c\u00c9 um col\u00e9gio representado por cardeais de todas as periferias do mundo\u201d, disse.<\/p>\n<p>      <!-- Relacionada --><\/p>\n<p>            <!-- Relacionada -->\n    <\/div>\n<p><br \/>\n<br \/><a href=\"https:\/\/agenciabrasil.ebc.com.br\/internacional\/noticia\/2025-04\/meio-ambiente-e-pobreza-sao-legados-de-papa-francisco-diz-arcebispo\" rel=\"noopener\">Ag\u00eancia Brasil <\/a><\/p>\n","protected":false},"excerpt":{"rendered":"<p>O papa Francisco colocou o cuidado com o meio\u00a0ambiente e com os mais pobres no centro do seu pontificado. A avalia\u00e7\u00e3o \u00e9 do arcebispo de Bras\u00edlia, cardeal Paulo Cezar Costa, que vai participar da escolha do novo papa. O pont\u00edfice faleceu nesta segunda-feira (21), aos 88 anos. \u201cDeixa esse grande legado para o mundo, principalmente [&hellip;]<\/p>\n","protected":false},"author":1,"featured_media":31036,"comment_status":"open","ping_status":"open","sticky":false,"template":"","format":"standard","meta":{"_jetpack_newsletter_access":"","_jetpack_dont_email_post_to_subs":false,"_jetpack_newsletter_tier_id":0,"_jetpack_memberships_contains_paywalled_content":false,"_mbp_banners":[],"_jetpack_feature_clip_id":0,"_jetpack_memberships_contains_paid_content":false,"footnotes":"","jetpack_publicize_message":"","jetpack_publicize_feature_enabled":true,"jetpack_social_post_already_shared":true,"jetpack_social_options":{"image_generator_settings":{"template":"highway","default_image_id":0,"font":"","enabled":false},"version":2},"jetpack_post_was_ever_published":false},"categories":[25],"tags":[],"class_list":["post-31035","post","type-post","status-publish","format-standard","has-post-thumbnail","category-internacional"],"jetpack_publicize_connections":[],"jetpack-related-posts":[],"jetpack_shortlink":"https:\/\/wp.me\/p7Eq1F-84z","jetpack_sharing_enabled":true,"jetpack_featured_media_url":"https:\/\/i0.wp.com\/guialimeira.com.br\/news\/wp-content\/uploads\/2025\/04\/21042025-pzzb4244.jpg?fit=1600%2C800&ssl=1","_links":{"self":[{"href":"https:\/\/guialimeira.com.br\/news\/wp-json\/wp\/v2\/posts\/31035","targetHints":{"allow":["GET"]}}],"collection":[{"href":"https:\/\/guialimeira.com.br\/news\/wp-json\/wp\/v2\/posts"}],"about":[{"href":"https:\/\/guialimeira.com.br\/news\/wp-json\/wp\/v2\/types\/post"}],"author":[{"embeddable":true,"href":"https:\/\/guialimeira.com.br\/news\/wp-json\/wp\/v2\/users\/1"}],"replies":[{"embeddable":true,"href":"https:\/\/guialimeira.com.br\/news\/wp-json\/wp\/v2\/comments?post=31035"}],"version-history":[{"count":0,"href":"https:\/\/guialimeira.com.br\/news\/wp-json\/wp\/v2\/posts\/31035\/revisions"}],"wp:featuredmedia":[{"embeddable":true,"href":"https:\/\/guialimeira.com.br\/news\/wp-json\/wp\/v2\/media\/31036"}],"wp:attachment":[{"href":"https:\/\/guialimeira.com.br\/news\/wp-json\/wp\/v2\/media?parent=31035"}],"wp:term":[{"taxonomy":"category","embeddable":true,"href":"https:\/\/guialimeira.com.br\/news\/wp-json\/wp\/v2\/categories?post=31035"},{"taxonomy":"post_tag","embeddable":true,"href":"https:\/\/guialimeira.com.br\/news\/wp-json\/wp\/v2\/tags?post=31035"}],"curies":[{"name":"wp","href":"https:\/\/api.w.org\/{rel}","templated":true}]}}