{"id":31007,"date":"2025-04-21T09:18:51","date_gmt":"2025-04-21T12:18:51","guid":{"rendered":"https:\/\/guialimeira.com.br\/2025\/04\/21\/entidades-criticam-cfm-apos-veto-a-terapias-para-jovens-trans\/"},"modified":"2025-04-21T09:18:51","modified_gmt":"2025-04-21T12:18:51","slug":"entidades-criticam-cfm-apos-veto-a-terapias-para-jovens-trans","status":"publish","type":"post","link":"https:\/\/guialimeira.com.br\/news\/entidades-criticam-cfm-apos-veto-a-terapias-para-jovens-trans\/","title":{"rendered":"Entidades criticam CFM ap\u00f3s veto a terapias para jovens trans"},"content":{"rendered":"<p> <br \/>\n<\/p>\n<div>\n<p><strong>Entidades m\u00e9dicas criticaram, neste fim de semana, a decis\u00e3o do Conselho Federal de Medicina (CFM) que <a href=\"https:\/\/agenciabrasil.ebc.com.br\/saude\/noticia\/2025-04\/cfm-veta-terapias-hormonal-para-menor-de-18-anos-e-restringe-cirurgias\" target=\"_blank\" rel=\"noopener\">vetou terapias hormonais para pessoas transexuais com menos de 18 anos de idade<\/a>. \u201cPostergar a terapia hormonal por mais dois anos, sem evid\u00eancias que o justifiquem, pode acarretar danos emocionais e psiqui\u00e1tricos\u201d, alertaram, em nota as entidades.<\/strong><img data-recalc-dims=\"1\" decoding=\"async\" src=\"https:\/\/i0.wp.com\/agenciabrasil.ebc.com.br\/ebc.png?w=696&#038;ssl=1\" style=\"width:1px; height:1px; display:inline;\"\/><img data-recalc-dims=\"1\" decoding=\"async\" src=\"https:\/\/i0.wp.com\/agenciabrasil.ebc.com.br\/ebc.gif?w=696&#038;ssl=1\" style=\"width:1px; height:1px; display:inline;\"\/><\/p>\n<blockquote>\n<p>Em posicionamento conjunto, sociedades que congregam especialistas de \u00e1reas relacionadas aos cuidados com essas pessoas, admitiram \u201cpreocupa\u00e7\u00e3o com a proibi\u00e7\u00e3o do bloqueio puberal e da terapia hormonal em adolescentes com IG (incongru\u00eancia de g\u00eanero)\u201d.<\/p>\n<\/blockquote>\n<p>Isso poderia, segundo os especialistas, ainda levar ao uso de horm\u00f4nios sem aconselhamento m\u00e9dico, \u201calgo comum nesta popula\u00e7\u00e3o por uma hist\u00f3rica dificuldade de acesso aos servi\u00e7os de sa\u00fade\u201d.<\/p>\n<p><strong>Os especialistas argumentam que a maioria dessas pessoas reconhece a identidade de g\u00eanero ainda na inf\u00e2ncia ou na adolesc\u00eancia.<\/strong><\/p>\n<h2>Vulnerabilidade<\/h2>\n<blockquote>\n<p>As entidades entendem que essas medidas definidas pelo CFM \u201cpodem acarretar danos significativos \u00e0 sa\u00fade desta popula\u00e7\u00e3o que j\u00e1 vive em condi\u00e7\u00f5es de vulnerabilidade\u201d, diz a nota.<\/p>\n<\/blockquote>\n<p><strong>O documento \u00e9 assinado pela Sociedade Brasileira de Endocrinologia e Metabologia (SBEM), pela Associa\u00e7\u00e3o Brasileira de Estudos em Medicina e Sa\u00fade Sexual (Abemss), pela Sociedade Brasileira de Urologia (SBU), pela Federa\u00e7\u00e3o Brasileira das Associa\u00e7\u00f5es de Ginecologia e Obstetr\u00edcia (Febrasgo) e pela Associa\u00e7\u00e3o Brasileira de Obstetr\u00edcia e Ginecologia da Inf\u00e2ncia e Adolesc\u00eancia (Sogia-BR).<\/strong><\/p>\n<p>A nota cita ainda que a terapia hormonal \u00e9 uma etapa importante no processo de afirma\u00e7\u00e3o de g\u00eanero, e \u00e9 realizada ap\u00f3s avalia\u00e7\u00e3o e acompanhamento com equipe multiprofissional.<\/p>\n<p><strong><a href=\"https:\/\/agenciabrasil.ebc.com.br\/saude\/noticia\/2025-04\/mpf-questiona-veto-terapia-hormonal-para-criancas-e-adolescentes\" target=\"_blank\" rel=\"noopener\">&gt;&gt;MPF questiona veto a terapia hormonal para crian\u00e7as e adolescentes<\/a><\/strong><\/p>\n<h2>Qualidade de vida<\/h2>\n<p>As entidades defendem que a terapia est\u00e1 associada \u00e0 melhora da qualidade de vida e redu\u00e7\u00e3o de morbidades ps\u00edquicas como humor deprimido, depress\u00e3o, ansiedade e isolamento social.<\/p>\n<blockquote>\n<p>\u201cProibir este caminho n\u00e3o deve ser a solu\u00e7\u00e3o proposta para melhorar o cuidado oferecido \u00e0s pessoas transg\u00eanero\u201d, rebate a nota. Outra cr\u00edtica \u00e9 que a nova resolu\u00e7\u00e3o justifica que s\u00e3o necess\u00e1rias evid\u00eancias robustas para minimizar danos.<\/p>\n<\/blockquote>\n<p>\u201cNeste sentido, \u00e9 importante lembrar que j\u00e1 existem diversos estudos mostrando baixas taxas de arrependimento e melhora da qualidade de vida de pessoas transg\u00eanero sob terapia hormonal ou submetidas a procedimentos cir\u00fargicos\u201d.<\/p>\n<h2>Mais pesquisas<\/h2>\n<p><strong>As entidades defenderam que \u00e9 imprescind\u00edvel permitir que novas pesquisas continuem acontecendo.<\/strong><\/p>\n<blockquote>\n<p>\u00a0\u201cAs diretrizes internacionais recomendam que o in\u00edcio da terapia hormonal pode ser considerado a partir dos 16 anos de idade para indiv\u00edduos que apresentem capacidade mental suficiente para compreender e consentir com o tratamento, junto aos pais e\/ou respons\u00e1veis legais\u201d.<\/p>\n<\/blockquote>\n<p><strong>Outra cr\u00edtica direta \u00e0 decis\u00e3o \u00e9 que a nova medida prop\u00f5e tamb\u00e9m postergar a interven\u00e7\u00e3o cir\u00fargica por tr\u00eas anos em indiv\u00edduos que j\u00e1 atingiram a maioridade legal, mas h\u00e1 um argumento na nota que leva em conta que essas pessoas \u201cest\u00e3o em acompanhamento multidisciplinar pelo per\u00edodo m\u00ednimo de um ano e apresentam plena capacidade de consentir o tratamento\u201d.<\/strong><\/p>\n<p>Ainda no documento, as entidades observam que, em pessoas transg\u00eanero, o bloqueio puberal permite um tempo maior para consolida\u00e7\u00e3o da identidade de g\u00eanero, \u201csendo completamente revers\u00edvel, uma vez que sua suspens\u00e3o leva \u00e0 retomada do desenvolvimento puberal conforme o sexo atribu\u00eddo ao nascimento\u201d.<\/p>\n<p>      <!-- Relacionada --><\/p>\n<p>            <!-- Relacionada -->\n    <\/div>\n<p><br \/>\n<br \/><a href=\"https:\/\/agenciabrasil.ebc.com.br\/saude\/noticia\/2025-04\/entidades-criticam-cfm-apos-veto-terapias-para-jovens-trans\" rel=\"noopener\">Ag\u00eancia Brasil <\/a><\/p>\n","protected":false},"excerpt":{"rendered":"<p>Entidades m\u00e9dicas criticaram, neste fim de semana, a decis\u00e3o do Conselho Federal de Medicina (CFM) que vetou terapias hormonais para pessoas transexuais com menos de 18 anos de idade. \u201cPostergar a terapia hormonal por mais dois anos, sem evid\u00eancias que o justifiquem, pode acarretar danos emocionais e psiqui\u00e1tricos\u201d, alertaram, em nota as entidades. Em posicionamento [&hellip;]<\/p>\n","protected":false},"author":1,"featured_media":31008,"comment_status":"open","ping_status":"open","sticky":false,"template":"","format":"standard","meta":{"_jetpack_newsletter_access":"","_jetpack_dont_email_post_to_subs":false,"_jetpack_newsletter_tier_id":0,"_jetpack_memberships_contains_paywalled_content":false,"_mbp_banners":[],"_jetpack_feature_clip_id":0,"_jetpack_memberships_contains_paid_content":false,"footnotes":"","jetpack_publicize_message":"","jetpack_publicize_feature_enabled":true,"jetpack_social_post_already_shared":true,"jetpack_social_options":{"image_generator_settings":{"template":"highway","default_image_id":0,"font":"","enabled":false},"version":2},"jetpack_post_was_ever_published":false},"categories":[15],"tags":[],"class_list":["post-31007","post","type-post","status-publish","format-standard","has-post-thumbnail","category-saude"],"jetpack_publicize_connections":[],"jetpack-related-posts":[],"jetpack_shortlink":"https:\/\/wp.me\/p7Eq1F-847","jetpack_sharing_enabled":true,"jetpack_featured_media_url":"https:\/\/i0.wp.com\/guialimeira.com.br\/news\/wp-content\/uploads\/2025\/04\/sede_do_conselho_federal_de_medicina.jpeg?fit=1600%2C800&ssl=1","_links":{"self":[{"href":"https:\/\/guialimeira.com.br\/news\/wp-json\/wp\/v2\/posts\/31007","targetHints":{"allow":["GET"]}}],"collection":[{"href":"https:\/\/guialimeira.com.br\/news\/wp-json\/wp\/v2\/posts"}],"about":[{"href":"https:\/\/guialimeira.com.br\/news\/wp-json\/wp\/v2\/types\/post"}],"author":[{"embeddable":true,"href":"https:\/\/guialimeira.com.br\/news\/wp-json\/wp\/v2\/users\/1"}],"replies":[{"embeddable":true,"href":"https:\/\/guialimeira.com.br\/news\/wp-json\/wp\/v2\/comments?post=31007"}],"version-history":[{"count":0,"href":"https:\/\/guialimeira.com.br\/news\/wp-json\/wp\/v2\/posts\/31007\/revisions"}],"wp:featuredmedia":[{"embeddable":true,"href":"https:\/\/guialimeira.com.br\/news\/wp-json\/wp\/v2\/media\/31008"}],"wp:attachment":[{"href":"https:\/\/guialimeira.com.br\/news\/wp-json\/wp\/v2\/media?parent=31007"}],"wp:term":[{"taxonomy":"category","embeddable":true,"href":"https:\/\/guialimeira.com.br\/news\/wp-json\/wp\/v2\/categories?post=31007"},{"taxonomy":"post_tag","embeddable":true,"href":"https:\/\/guialimeira.com.br\/news\/wp-json\/wp\/v2\/tags?post=31007"}],"curies":[{"name":"wp","href":"https:\/\/api.w.org\/{rel}","templated":true}]}}