{"id":30997,"date":"2025-04-21T07:20:11","date_gmt":"2025-04-21T10:20:11","guid":{"rendered":"https:\/\/guialimeira.com.br\/2025\/04\/21\/papa-francisco-morre-aos-88-anos\/"},"modified":"2025-04-21T07:20:11","modified_gmt":"2025-04-21T10:20:11","slug":"papa-francisco-morre-aos-88-anos","status":"publish","type":"post","link":"https:\/\/guialimeira.com.br\/news\/papa-francisco-morre-aos-88-anos\/","title":{"rendered":"Papa Francisco morre aos 88 anos"},"content":{"rendered":"<p> <br \/>\n<\/p>\n<div>\n<p><strong>O Papa Francisco morreu na manh\u00e3 desta segunda-feira (21), no Vaticano, em Roma. O an\u00fancio da morte foi feito pelo Camerlengo Farrell da Casa Santa Marta.<\/strong><img data-recalc-dims=\"1\" decoding=\"async\" src=\"https:\/\/i0.wp.com\/agenciabrasil.ebc.com.br\/ebc.png?w=696&#038;ssl=1\" style=\"width:1px; height:1px; display:inline;\"\/><img data-recalc-dims=\"1\" decoding=\"async\" src=\"https:\/\/i0.wp.com\/agenciabrasil.ebc.com.br\/ebc.gif?w=696&#038;ssl=1\" style=\"width:1px; height:1px; display:inline;\"\/><\/p>\n<blockquote>\n<p>\u00a0&#8220;\u00c0s 7h35 desta manh\u00e3, o Bispo de Roma, Francisco, retornou \u00e0 casa do Pai. Toda a sua vida foi dedicada ao servi\u00e7o do Senhor e da Igreja&#8221;.<\/p>\n<\/blockquote>\n<p><strong>O cardeal Farrell disse ainda que Francisco chegou a aparecer na sacada da Bas\u00edlica de S\u00e3o Pedro para a mensagem de P\u00e1scoa, na manh\u00e3 deste domingo (20).<\/strong><\/p>\n<blockquote>\n<p>\u201cO Pont\u00edfice apareceu na sacada da Bas\u00edlica de S\u00e3o Pedro para a <a href=\"https:\/\/agenciabrasil.ebc.com.br\/internacional\/noticia\/2025-04\/papa-apela-cessar-fogo-em-gaza-e-paz-na-ucrania\" target=\"_blank\" rel=\"noopener\">mensagem de P\u00e1scoa Urbi et Orbi,<\/a> deixando sua \u00faltima mensagem para a Igreja e o mundo\u201d.<\/p>\n<\/blockquote>\n<p>\u201cCom imensa gratid\u00e3o por seu exemplo como verdadeiro disc\u00edpulo do Senhor Jesus, recomendamos a alma do Papa Francisco ao infinito amor misericordioso do Deus Trino,&#8221; acrescentou o cardeal.<\/p>\n<p><strong><a href=\"https:\/\/agenciabrasil.ebc.com.br\/internacional\/noticia\/2025-03\/papa-francisco-deixa-o-hospital-apos-quase-40-dias-internado\" target=\"_blank\" rel=\"noopener\">&gt;&gt;Papa Francisco deixa o hospital ap\u00f3s quase 40 dias internado<\/a><\/strong><\/p>\n<h2>Primeiro Papa latino-americano<\/h2>\n<p>O argentino Jorge Mario Bergoglio morreu aos 88 anos. Ele esteve \u00e0 frente da Igreja Cat\u00f3lica por 12 anos. Bergoglio foi o primeiro para latino-americano.<\/p>\n<p><em>*Com informa\u00e7\u00f5es do Vaticano News<\/em><\/p>\n<p>      <!-- Relacionada --><\/p>\n<p>            <!-- Relacionada -->\n    <\/div>\n<p><br \/>\n<br \/><a href=\"https:\/\/agenciabrasil.ebc.com.br\/internacional\/noticia\/2025-04\/papa-francisco-morre-aos-88-anos\" rel=\"noopener\">Ag\u00eancia Brasil <\/a><\/p>\n","protected":false},"excerpt":{"rendered":"<p>O Papa Francisco morreu na manh\u00e3 desta segunda-feira (21), no Vaticano, em Roma. O an\u00fancio da morte foi feito pelo Camerlengo Farrell da Casa Santa Marta. \u00a0&#8220;\u00c0s 7h35 desta manh\u00e3, o Bispo de Roma, Francisco, retornou \u00e0 casa do Pai. Toda a sua vida foi dedicada ao servi\u00e7o do Senhor e da Igreja&#8221;. O cardeal [&hellip;]<\/p>\n","protected":false},"author":1,"featured_media":30998,"comment_status":"open","ping_status":"open","sticky":false,"template":"","format":"standard","meta":{"_jetpack_newsletter_access":"","_jetpack_dont_email_post_to_subs":false,"_jetpack_newsletter_tier_id":0,"_jetpack_memberships_contains_paywalled_content":false,"_mbp_banners":[],"_jetpack_feature_clip_id":0,"_jetpack_memberships_contains_paid_content":false,"footnotes":"","jetpack_publicize_message":"","jetpack_publicize_feature_enabled":true,"jetpack_social_post_already_shared":true,"jetpack_social_options":{"image_generator_settings":{"template":"highway","default_image_id":0,"font":"","enabled":false},"version":2},"jetpack_post_was_ever_published":false},"categories":[25],"tags":[],"class_list":["post-30997","post","type-post","status-publish","format-standard","has-post-thumbnail","category-internacional"],"jetpack_publicize_connections":[],"jetpack-related-posts":[],"jetpack_shortlink":"https:\/\/wp.me\/p7Eq1F-83X","jetpack_sharing_enabled":true,"jetpack_featured_media_url":"https:\/\/i0.wp.com\/guialimeira.com.br\/news\/wp-content\/uploads\/2025\/04\/2025-03-23t120040z_1343570588_rc2zida0xseb_rtrmadp_3_pope-francis-health_0.jpg?fit=1600%2C800&ssl=1","_links":{"self":[{"href":"https:\/\/guialimeira.com.br\/news\/wp-json\/wp\/v2\/posts\/30997","targetHints":{"allow":["GET"]}}],"collection":[{"href":"https:\/\/guialimeira.com.br\/news\/wp-json\/wp\/v2\/posts"}],"about":[{"href":"https:\/\/guialimeira.com.br\/news\/wp-json\/wp\/v2\/types\/post"}],"author":[{"embeddable":true,"href":"https:\/\/guialimeira.com.br\/news\/wp-json\/wp\/v2\/users\/1"}],"replies":[{"embeddable":true,"href":"https:\/\/guialimeira.com.br\/news\/wp-json\/wp\/v2\/comments?post=30997"}],"version-history":[{"count":0,"href":"https:\/\/guialimeira.com.br\/news\/wp-json\/wp\/v2\/posts\/30997\/revisions"}],"wp:featuredmedia":[{"embeddable":true,"href":"https:\/\/guialimeira.com.br\/news\/wp-json\/wp\/v2\/media\/30998"}],"wp:attachment":[{"href":"https:\/\/guialimeira.com.br\/news\/wp-json\/wp\/v2\/media?parent=30997"}],"wp:term":[{"taxonomy":"category","embeddable":true,"href":"https:\/\/guialimeira.com.br\/news\/wp-json\/wp\/v2\/categories?post=30997"},{"taxonomy":"post_tag","embeddable":true,"href":"https:\/\/guialimeira.com.br\/news\/wp-json\/wp\/v2\/tags?post=30997"}],"curies":[{"name":"wp","href":"https:\/\/api.w.org\/{rel}","templated":true}]}}