{"id":30996,"date":"2025-04-21T07:24:22","date_gmt":"2025-04-21T10:24:22","guid":{"rendered":"https:\/\/guialimeira.com.br\/?p=30996"},"modified":"2025-04-21T07:24:24","modified_gmt":"2025-04-21T10:24:24","slug":"igreja-catolica-se-prepara-para-conclave-com-136-cardeais-eleitores-de-todos-os-continentes","status":"publish","type":"post","link":"https:\/\/guialimeira.com.br\/news\/igreja-catolica-se-prepara-para-conclave-com-136-cardeais-eleitores-de-todos-os-continentes\/","title":{"rendered":"Igreja Cat\u00f3lica se prepara para Conclave com 136 cardeais eleitores de todos os continentes"},"content":{"rendered":"\n<p class=\"wp-block-paragraph\">O cen\u00e1rio da Igreja Cat\u00f3lica entra em um momento de intensa expectativa com a proximidade de um novo Conclave. Ao todo, <strong>136 cardeais com menos de 80 anos est\u00e3o aptos a votar<\/strong>, formando o col\u00e9gio de eleitores que ir\u00e1 escolher o novo Papa quando o trono de S\u00e3o Pedro ficar vacante.<\/p>\n\n\n\n<p class=\"wp-block-paragraph\">Os <strong>cardeais eleitores do Conclave 2025<\/strong> representam uma verdadeira amostra da diversidade da Igreja no mundo: est\u00e3o distribu\u00eddos por todos os continentes e foram criados por diferentes pontificados \u2014 incluindo S\u00e3o Jo\u00e3o Paulo II, Bento XVI e Francisco.<\/p>\n\n\n\n<hr class=\"wp-block-separator has-alpha-channel-opacity\"\/>\n\n\n\n<h3 class=\"wp-block-heading\">\ud83c\udf0d Diversidade geogr\u00e1fica e eclesial<\/h3>\n\n\n\n<p class=\"wp-block-paragraph\">Entre os cardeais com direito a voto:<\/p>\n\n\n\n<ul class=\"wp-block-list\">\n<li><strong>66 foram nomeados pelo Papa Francisco<\/strong>, refor\u00e7ando seu legado de abertura e descentraliza\u00e7\u00e3o;<\/li>\n\n\n\n<li><strong>29 s\u00e3o provenientes das Am\u00e9ricas<\/strong> (incluindo Brasil, M\u00e9xico, EUA e Argentina);<\/li>\n\n\n\n<li><strong>19 v\u00eam da \u00c1frica<\/strong>, com destaque para pa\u00edses como Congo, Nig\u00e9ria e Costa do Marfim;<\/li>\n\n\n\n<li><strong>27 representam a Europa<\/strong>, ber\u00e7o da tradi\u00e7\u00e3o cat\u00f3lica e sede da C\u00faria Romana;<\/li>\n\n\n\n<li><strong>15 s\u00e3o da \u00c1sia e Oceania<\/strong>, incluindo nomes de Filipinas, \u00cdndia, China, Jap\u00e3o e Austr\u00e1lia.<\/li>\n<\/ul>\n\n\n\n<hr class=\"wp-block-separator has-alpha-channel-opacity\"\/>\n\n\n\n<h3 class=\"wp-block-heading\">\ud83d\udc65 Alguns nomes de destaque entre os eleitores:<\/h3>\n\n\n\n<ul class=\"wp-block-list\">\n<li><strong>Card. Matteo Maria Zuppi (It\u00e1lia)<\/strong> \u2013 conhecido por seu perfil pastoral e atua\u00e7\u00e3o em miss\u00f5es de paz;<\/li>\n\n\n\n<li><strong>Card. Jean-Claude Hollerich (Luxemburgo)<\/strong> \u2013 coordenador do S\u00ednodo sobre a Sinodalidade;<\/li>\n\n\n\n<li><strong>Card. Wilton Gregory (EUA)<\/strong> \u2013 primeiro cardeal afro-americano da hist\u00f3ria da Igreja nos Estados Unidos;<\/li>\n\n\n\n<li><strong>Card. Fridolin Ambongo (Congo)<\/strong> \u2013 refer\u00eancia no episcopado africano e defensor dos direitos ambientais;<\/li>\n\n\n\n<li><strong>Card. Leonardo Steiner (Brasil)<\/strong> \u2013 arcebispo de Manaus e figura central na pauta da Amaz\u00f4nia.<\/li>\n<\/ul>\n\n\n\n<hr class=\"wp-block-separator has-alpha-channel-opacity\"\/>\n\n\n\n<h3 class=\"wp-block-heading\">\ud83d\udd0d Como funciona o Conclave?<\/h3>\n\n\n\n<p class=\"wp-block-paragraph\">O Conclave acontece na <strong>Capela Sistina<\/strong>, no Vaticano, em sess\u00f5es fechadas e sob r\u00edgido sigilo. Os cardeais eleitores s\u00e3o isolados do mundo exterior at\u00e9 que um nome obtenha, no m\u00ednimo, dois ter\u00e7os dos votos.<\/p>\n\n\n\n<p class=\"wp-block-paragraph\">O processo termina com a c\u00e9lebre <strong>fuma\u00e7a branca<\/strong>, sinal de que a Igreja tem um novo Pont\u00edfice. Enquanto isso n\u00e3o acontece, a <strong>fuma\u00e7a preta<\/strong> indica que ainda n\u00e3o houve consenso.<\/p>\n\n\n\n<hr class=\"wp-block-separator has-alpha-channel-opacity\"\/>\n\n\n\n<h3 class=\"wp-block-heading\">\u271d\ufe0f Um novo momento para a Igreja<\/h3>\n\n\n\n<p class=\"wp-block-paragraph\">A escolha do novo Papa representa mais do que uma decis\u00e3o administrativa \u2014 \u00e9 um momento espiritual e global que define os rumos da Igreja para as pr\u00f3ximas d\u00e9cadas.<\/p>\n\n\n\n<p class=\"wp-block-paragraph\">Com representantes de todos os continentes, os <strong>cardeais eleitores do Conclave 2025<\/strong> levam ao Vaticano as esperan\u00e7as, desafios e realidades da f\u00e9 cat\u00f3lica no mundo de hoje.<\/p>\n","protected":false},"excerpt":{"rendered":"<p>O cen\u00e1rio da Igreja Cat\u00f3lica entra em um momento de intensa expectativa com a proximidade de um novo Conclave. Ao todo, 136 cardeais com menos de 80 anos est\u00e3o aptos a votar, formando o col\u00e9gio de eleitores que ir\u00e1 escolher o novo Papa quando o trono de S\u00e3o Pedro ficar vacante.<\/p>\n","protected":false},"author":1,"featured_media":30999,"comment_status":"open","ping_status":"open","sticky":false,"template":"","format":"standard","meta":{"_jetpack_newsletter_access":"","_jetpack_dont_email_post_to_subs":false,"_jetpack_newsletter_tier_id":0,"_jetpack_memberships_contains_paywalled_content":false,"_mbp_banners":[],"_jetpack_feature_clip_id":0,"_jetpack_memberships_contains_paid_content":false,"footnotes":"","jetpack_publicize_message":"","jetpack_publicize_feature_enabled":true,"jetpack_social_post_already_shared":true,"jetpack_social_options":{"image_generator_settings":{"template":"highway","default_image_id":0,"font":"","enabled":false},"version":2},"jetpack_post_was_ever_published":false},"categories":[25,16],"tags":[],"class_list":["post-30996","post","type-post","status-publish","format-standard","has-post-thumbnail","category-internacional","category-local"],"jetpack_publicize_connections":[],"jetpack-related-posts":[],"jetpack_shortlink":"https:\/\/wp.me\/p7Eq1F-83W","jetpack_sharing_enabled":true,"jetpack_featured_media_url":"https:\/\/i0.wp.com\/guialimeira.com.br\/news\/wp-content\/uploads\/2025\/04\/vaticano.png?fit=1024%2C1024&ssl=1","_links":{"self":[{"href":"https:\/\/guialimeira.com.br\/news\/wp-json\/wp\/v2\/posts\/30996","targetHints":{"allow":["GET"]}}],"collection":[{"href":"https:\/\/guialimeira.com.br\/news\/wp-json\/wp\/v2\/posts"}],"about":[{"href":"https:\/\/guialimeira.com.br\/news\/wp-json\/wp\/v2\/types\/post"}],"author":[{"embeddable":true,"href":"https:\/\/guialimeira.com.br\/news\/wp-json\/wp\/v2\/users\/1"}],"replies":[{"embeddable":true,"href":"https:\/\/guialimeira.com.br\/news\/wp-json\/wp\/v2\/comments?post=30996"}],"version-history":[{"count":1,"href":"https:\/\/guialimeira.com.br\/news\/wp-json\/wp\/v2\/posts\/30996\/revisions"}],"predecessor-version":[{"id":31000,"href":"https:\/\/guialimeira.com.br\/news\/wp-json\/wp\/v2\/posts\/30996\/revisions\/31000"}],"wp:featuredmedia":[{"embeddable":true,"href":"https:\/\/guialimeira.com.br\/news\/wp-json\/wp\/v2\/media\/30999"}],"wp:attachment":[{"href":"https:\/\/guialimeira.com.br\/news\/wp-json\/wp\/v2\/media?parent=30996"}],"wp:term":[{"taxonomy":"category","embeddable":true,"href":"https:\/\/guialimeira.com.br\/news\/wp-json\/wp\/v2\/categories?post=30996"},{"taxonomy":"post_tag","embeddable":true,"href":"https:\/\/guialimeira.com.br\/news\/wp-json\/wp\/v2\/tags?post=30996"}],"curies":[{"name":"wp","href":"https:\/\/api.w.org\/{rel}","templated":true}]}}