{"id":3099,"date":"2024-04-29T16:57:44","date_gmt":"2024-04-29T19:57:44","guid":{"rendered":"https:\/\/guialimeira.com.br\/2024\/04\/29\/procon-limeira-suspende-atividades-na-quinta-e-sexta-feira\/"},"modified":"2024-04-29T16:57:44","modified_gmt":"2024-04-29T19:57:44","slug":"procon-limeira-suspende-atividades-na-quinta-e-sexta-feira","status":"publish","type":"post","link":"https:\/\/guialimeira.com.br\/news\/procon-limeira-suspende-atividades-na-quinta-e-sexta-feira\/","title":{"rendered":"Procon Limeira suspende atividades na quinta e sexta-feira"},"content":{"rendered":"<p> <br \/>\n<\/p>\n<div>&#13;<br \/>\n<head>&#13;<br \/>\n    <meta charset=\"utf-8\"\/>&#13;<br \/>\n    <meta http-equiv=\"X-UA-Compatible\" content=\"IE=edge\"\/>&#13;<br \/>\n    <meta name=\"viewport\" content=\"width=device-width, initial-scale=1.0\"\/>&#13;<br \/>\n    <meta name=\"format-detection\" content=\"telephone=no\"\/>&#13;<br \/>\n&#13;<br \/>\n    <title>Procon Limeira suspende atividades na quinta e sexta-feira &#8211; Prefeitura de Limeira<\/title>&#13;<br \/>\n    <meta name=\"description\" content=\"NOTA\"\/>&#13;\n    <link rel=\"canonical\" href=\"https:\/\/limeira.sp.gov.br\/procon-limeira-suspende-atividades-na-quinta-e-sexta-feira\"\/>&#13;<br \/>\n&#13;<br \/>\n    <meta property=\"og:title\" content=\"Procon Limeira suspende atividades na quinta e sexta-feira\"\/>&#13;<br \/>\n    <meta property=\"og:description\" content=\"NOTA\"\/>&#13;<br \/>\n    <meta property=\"og:type\" content=\"website\"\/>&#13;<br \/>\n    <meta property=\"og:url\" content=\"https:\/\/limeira.sp.gov.br\/procon-limeira-suspende-atividades-na-quinta-e-sexta-feira\"\/>&#13;<br \/>\n    <meta property=\"og:image\" content=\"https:\/\/ecrie.com.br\/sistema\/conteudos\/imagem\/m_137_0_1_29042024164339.jpg\"\/>&#13;<br \/>\n    <meta property=\"og:image:secure_url\" content=\"https:\/\/ecrie.com.br\/sistema\/conteudos\/imagem\/m_137_0_1_29042024164339.jpg\"\/>&#13;<br \/>\n    <meta property=\"og:image:width\" content=\"800\"\/>&#13;<br \/>\n    <meta property=\"og:image:height\" content=\"420\"\/>&#13;<br \/>\n    <meta name=\"twitter:card\" content=\"summary_large_image\"\/>&#13;<br \/>\n    <meta name=\"twitter:image\" content=\"https:\/\/ecrie.com.br\/sistema\/conteudos\/imagem\/m_137_0_1_29042024164339.jpg\"\/>&#13;<br \/>\n&#13;\n    <link rel=\"dns-prefetch\" href=\"https:\/\/fonts.gstatic.com\"\/>&#13;\n    <link rel=\"dns-prefetch\" href=\"https:\/\/www.google-analytics.com\"\/>&#13;\n    <link rel=\"dns-prefetch\" href=\"https:\/\/yt3.ggpht.com\"\/>&#13;\n    <link rel=\"dns-prefetch\" href=\"https:\/\/i.ytimg.com\"\/>&#13;\n    <link rel=\"dns-prefetch\" href=\"https:\/\/www.youtube.com\"\/>&#13;\n    <link rel=\"preconnect\" href=\"https:\/\/fonts.gstatic.com\" crossorigin=\"\"\/>&#13;\n    <link rel=\"preconnect\" href=\"https:\/\/fonts.googleapis.com\"\/>&#13;\n    <link rel=\"preconnect\" href=\"https:\/\/www.google-analytics.com\"\/>&#13;\n    <link rel=\"preconnect\" href=\"https:\/\/yt3.ggpht.com\"\/>&#13;\n    <link rel=\"preconnect\" href=\"https:\/\/i.ytimg.com\"\/>&#13;\n    <link rel=\"preconnect\" href=\"https:\/\/www.youtube.com\"\/>&#13;<br \/>\n&#13;\n    <link href=\"https:\/\/fonts.googleapis.com\/css2?family=Open+Sans:wght@400;600;700&amp;display=swap\" rel=\"stylesheet\"\/>&#13;<br \/>\n&#13;\n    <link href=\"https:\/\/limeira.sp.gov.br\/Arquitetura\/CSS\/main.css?v=638481669740252347\" rel=\"stylesheet\"\/>&#13;<br \/>\n    &#13;\n    <link href=\"https:\/\/limeira.sp.gov.br\/Arquitetura\/CSS\/videos.css?v=638204368285304235\" rel=\"stylesheet\"\/>&#13;\n    <link rel=\"icon\" type=\"image\/png\" href=\"https:\/\/limeira.sp.gov.br\/Arquitetura\/Imagens\/prefeitura\/favicon.ico\"\/>&#13;<br \/>\n&#13;<br \/>\n        &#13;<br \/>\n        &#13;<br \/>\n    &#13;<br \/>\n&#13;<br \/>\n    &#13;<br \/>\n    &#13;<br \/>\n    &#13;<br \/>\n    &#13;<br \/>\n    &#13;<br \/>\n    &#13;<br \/>\n<\/head>&#13;<br \/>\n<body class=\"site-container\" id=\"wp_automatic_ReadabilityBody\">&#13;<br \/>\n    &#13;<br \/>\n&#13;<br \/>\n    &#13;<br \/>\n&#13;<br \/>\n&#13;<br \/>\n&#13;<br \/>\n&#13;<br \/>\n&#13;<br \/>\n&#13;<\/p>\n<div class=\"site-body\" id=\"conteudo\">\n<section class=\"page-content list\">&#13;<\/p>\n<div class=\"wrapper\">\n<div class=\"page-grid\">\n            <main class=\"\">&#13;<br \/>\n                &#13;<br \/>\n&#13;<br \/>\n&#13;<br \/>\n&#13;<br \/>\n    <img data-recalc-dims=\"1\" decoding=\"async\" src=\"https:\/\/i0.wp.com\/ecrie.com.br\/sistema\/conteudos\/imagem\/m_137_0_1_29042024164339.jpg?w=696&#038;ssl=1\" alt=\"Procon Limeira suspende atividades na quinta e sexta-feira\"\/>&#13;<br \/>\n&#13;<\/p>\n<div style=\"text-align: justify;\">O Procon Limeira vai suspender as atividades nesta quinta (2) e sexta-feira (3) em raz\u00e3o de uma reforma que ir\u00e1 ocorrer no local. Nesses dias, os consumidores podem utilizar o site do Procon (<a href=\"https:\/\/www.limeira.sp.gov.br\/procon\" data-fr-linked=\"true\" rel=\"noopener\">www.limeira.sp.gov.br\/procon<\/a>) para formalizar reclama\u00e7\u00f5es. O atendimento volta ao normal na segunda-feira (6).<\/div>\n<p>&#13;<br \/>\n&#13;<br \/>\n&#13;<br \/>\n&#13;<\/p>\n<aside class=\"list-related no-print\">&#13;<br \/>\n        &#13;<br \/>\n&#13;<\/p>\n<article class=\"list-item noticias \">&#13;<br \/>\n                    <a class=\"list-item__img\" href=\"https:\/\/limeira.sp.gov.br\/imprensa\/noticias\/desenvolvimento-turismo-e-inovacao\/lancada-2-olimpiada-limeirense-de-empreendedorismo-ole\" tabindex=\"-1\" aria-hidden=\"true\" rel=\"noopener\">&#13;<br \/>\n                        <img data-recalc-dims=\"1\" decoding=\"async\" src=\"https:\/\/i0.wp.com\/ecrie.com.br\/sistema\/conteudos\/imagem\/m_137_0_1_25042024160837.jpeg?w=696&#038;ssl=1\" alt=\"Lan\u00e7ada 2\u00aa Olimp\u00edada Limeirense de Empreendedorismo (OLE)\"\/>&#13;<br \/>\n                    <\/a>&#13;<br \/>\n&#13;<br \/>\n                &#13;<br \/>\n            <\/article>\n<p>&#13;<\/p>\n<article class=\"list-item noticias \">&#13;<br \/>\n                    <a class=\"list-item__img\" href=\"https:\/\/limeira.sp.gov.br\/imprensa\/noticias\/desenvolvimento-turismo-e-inovacao\/curso-que-ajuda-empreendedor-a-se-organizar-recebe-inscricoes\" tabindex=\"-1\" aria-hidden=\"true\" rel=\"noopener\">&#13;<br \/>\n                        <img data-recalc-dims=\"1\" decoding=\"async\" src=\"https:\/\/i0.wp.com\/ecrie.com.br\/sistema\/conteudos\/imagem\/m_137_0_1_24042024172413.jpeg?w=696&#038;ssl=1\" alt=\"Curso que ajuda empreendedor a se organizar recebe inscri\u00e7\u00f5es\"\/>&#13;<br \/>\n                    <\/a>&#13;<br \/>\n&#13;<br \/>\n                &#13;<br \/>\n            <\/article>\n<p>&#13;<\/p>\n<article class=\"list-item noticias \">&#13;<br \/>\n                    <a class=\"list-item__img\" href=\"https:\/\/limeira.sp.gov.br\/imprensa\/noticias\/desenvolvimento-turismo-e-inovacao\/vice-prefeita-erika-tank-participa-de-primeiro-dia-do-liquida-estoque\" tabindex=\"-1\" aria-hidden=\"true\" rel=\"noopener\">&#13;<br \/>\n                        <img data-recalc-dims=\"1\" decoding=\"async\" src=\"https:\/\/i0.wp.com\/ecrie.com.br\/sistema\/conteudos\/imagem\/m_137_0_1_06042024140604.jpeg?w=696&#038;ssl=1\" alt=\"Vice-prefeita Erika Tank participa de primeiro dia do Liquida Estoque\"\/>&#13;<br \/>\n                    <\/a>&#13;<br \/>\n&#13;<br \/>\n                &#13;<br \/>\n            <\/article>\n<p>&#13;<br \/>\n    <\/aside>\n<p>&#13;<br \/>\n&#13;<br \/>\n            <\/main><\/p><\/div>\n<\/p><\/div>\n<p>&#13;<br \/>\n<\/section>\n<\/p><\/div>\n<p>&#13;<br \/>\n&#13;<br \/>\n    &#13;<br \/>\n&#13;<br \/>\n&#13;<br \/>\n&#13;<br \/>\n&#13;<br \/>\n&#13;<br \/>\n&#13;<\/p>\n<div class=\"cookie no-print\" id=\"cookie-container\">\n<p>&#13;<br \/>\n            O Portal da Prefeitura utiliza cookies para melhorar a sua experi\u00eancia,&#13;<br \/>\n            de acordo com a nossa <a href=\"https:\/\/limeira.sp.gov.br\/lei-geral-de-protecao-de-dados-pessoais-lgpd\" tabindex=\"1\" rel=\"noopener\">Pol\u00edtica de Privacidade<\/a>,&#13;<br \/>\n            ao continuar navegando, voc\u00ea concorda com estas condi\u00e7\u00f5es.&#13;\n        <\/p>\n<p>        <button id=\"accept\" tabindex=\"2\">Continuar<\/button>\n    <\/div>\n<p>&#13;<br \/>\n    &#13;<br \/>\n&#13;<br \/>\n    &#13;<br \/>\n    &#13;<br \/>\n&#13;<br \/>\n    &#13;<br \/>\n    &#13;<br \/>\n    &#13;<br \/>\n    <noscript>Seu navegador n\u00e3o suporta Javascript<\/noscript>&#13;<br \/>\n<\/body>&#13;\n<\/div>\n<p><br \/>\n<br \/><a href=\"https:\/\/limeira.sp.gov.br\/procon-limeira-suspende-atividades-na-quinta-e-sexta-feira\" rel=\"noopener\">Informa\u00e7\u00f5es da PML <\/a><\/p>\n","protected":false},"excerpt":{"rendered":"<p>&#13; &#13; &#13; &#13; &#13; &#13; &#13; Procon Limeira suspende atividades na quinta e sexta-feira &#8211; Prefeitura de Limeira&#13; &#13; &#13; &#13; &#13; &#13; &#13; &#13; &#13; &#13; &#13; &#13; &#13; &#13; &#13; &#13; &#13; &#13; &#13; &#13; &#13; &#13; &#13; &#13; &#13; &#13; &#13; &#13; &#13; &#13; &#13; &#13; &#13; &#13; &#13; &#13; &#13; [&hellip;]<\/p>\n","protected":false},"author":1,"featured_media":3100,"comment_status":"open","ping_status":"open","sticky":false,"template":"","format":"standard","meta":{"_jetpack_newsletter_access":"","_jetpack_dont_email_post_to_subs":false,"_jetpack_newsletter_tier_id":0,"_jetpack_memberships_contains_paywalled_content":false,"_mbp_banners":[],"_jetpack_feature_clip_id":0,"_jetpack_memberships_contains_paid_content":false,"footnotes":"","jetpack_publicize_message":"","jetpack_publicize_feature_enabled":true,"jetpack_social_post_already_shared":true,"jetpack_social_options":{"image_generator_settings":{"template":"highway","default_image_id":0,"font":"","enabled":false},"version":2},"jetpack_post_was_ever_published":false},"categories":[16],"tags":[],"class_list":["post-3099","post","type-post","status-publish","format-standard","has-post-thumbnail","category-local"],"jetpack_publicize_connections":[],"jetpack-related-posts":[],"jetpack_shortlink":"https:\/\/wp.me\/p7Eq1F-NZ","jetpack_sharing_enabled":true,"jetpack_featured_media_url":"https:\/\/i0.wp.com\/guialimeira.com.br\/news\/wp-content\/uploads\/2024\/04\/m_137_0_1_29042024164339.jpg?fit=900%2C600&ssl=1","_links":{"self":[{"href":"https:\/\/guialimeira.com.br\/news\/wp-json\/wp\/v2\/posts\/3099","targetHints":{"allow":["GET"]}}],"collection":[{"href":"https:\/\/guialimeira.com.br\/news\/wp-json\/wp\/v2\/posts"}],"about":[{"href":"https:\/\/guialimeira.com.br\/news\/wp-json\/wp\/v2\/types\/post"}],"author":[{"embeddable":true,"href":"https:\/\/guialimeira.com.br\/news\/wp-json\/wp\/v2\/users\/1"}],"replies":[{"embeddable":true,"href":"https:\/\/guialimeira.com.br\/news\/wp-json\/wp\/v2\/comments?post=3099"}],"version-history":[{"count":0,"href":"https:\/\/guialimeira.com.br\/news\/wp-json\/wp\/v2\/posts\/3099\/revisions"}],"wp:featuredmedia":[{"embeddable":true,"href":"https:\/\/guialimeira.com.br\/news\/wp-json\/wp\/v2\/media\/3100"}],"wp:attachment":[{"href":"https:\/\/guialimeira.com.br\/news\/wp-json\/wp\/v2\/media?parent=3099"}],"wp:term":[{"taxonomy":"category","embeddable":true,"href":"https:\/\/guialimeira.com.br\/news\/wp-json\/wp\/v2\/categories?post=3099"},{"taxonomy":"post_tag","embeddable":true,"href":"https:\/\/guialimeira.com.br\/news\/wp-json\/wp\/v2\/tags?post=3099"}],"curies":[{"name":"wp","href":"https:\/\/api.w.org\/{rel}","templated":true}]}}