{"id":30931,"date":"2025-04-19T16:51:16","date_gmt":"2025-04-19T19:51:16","guid":{"rendered":"https:\/\/guialimeira.com.br\/2025\/04\/19\/verstappen-larga-na-frente-no-gp-da-arabia-saudita-de-formula-1\/"},"modified":"2025-04-19T16:51:16","modified_gmt":"2025-04-19T19:51:16","slug":"verstappen-larga-na-frente-no-gp-da-arabia-saudita-de-formula-1","status":"publish","type":"post","link":"https:\/\/guialimeira.com.br\/news\/verstappen-larga-na-frente-no-gp-da-arabia-saudita-de-formula-1\/","title":{"rendered":"Verstappen larga na frente no GP da Ar\u00e1bia Saudita de F\u00f3rmula 1"},"content":{"rendered":"<p> <br \/>\n<\/p>\n<div>\n<p>Em busca do pentacampeonato consecutivo,<strong> o holand\u00eas Max Verstappen teve bom desempenho neste s\u00e1bado (19), em Jed\u00e1, e vai largar na primeira posi\u00e7\u00e3o no GP da Ar\u00e1bia Saudita de F\u00f3rmula 1.<\/strong> O piloto da Red Bull fez a melhor volta no treino de classifica\u00e7\u00e3o, seguido pelo australiano Oscar Piastri, da McLaren e pelo brit\u00e2nico George Russell, da Mercedes.<img data-recalc-dims=\"1\" decoding=\"async\" src=\"https:\/\/i0.wp.com\/agenciabrasil.ebc.com.br\/ebc.png?w=696&#038;ssl=1\" style=\"width:1px; height:1px; display:inline;\"\/><img data-recalc-dims=\"1\" decoding=\"async\" src=\"https:\/\/i0.wp.com\/agenciabrasil.ebc.com.br\/ebc.gif?w=696&#038;ssl=1\" style=\"width:1px; height:1px; display:inline;\"\/><\/p>\n<p>A volta de Verstappen que lhe rendeu a <em>pole position<\/em> (1min27s294) foi apenas 0s01 mais r\u00e1pida que a de Piastri (1min27s304). Os dois pilotos, que est\u00e3o na briga pelo t\u00edtulo da temporada, foram beneficiados pela batida do l\u00edder na tabela, o brit\u00e2nico Lando Norris, da McLaren, que vai largar apenas na d\u00e9cima posi\u00e7\u00e3o. Ap\u00f3s quatro provas, ele soma 77 pontos, tr\u00eas a mais do que Piastri e oito a mais do que Verstappen.<\/p>\n<p><strong>O brasileiro Gabriel Bortoleto, da Sauber, n\u00e3o teve um bom desempenho<\/strong>, rodando em uma de suas voltas, e acabou na 20\u00aa e \u00faltima posi\u00e7\u00e3o na classifica\u00e7\u00e3o.<\/p>\n<p><strong>O GP da Ar\u00e1bia Saudita ser\u00e1\u00a0neste domingo (20), a partir das 14h de Bras\u00edlia.<\/strong><\/p>\n<p>      <!-- Relacionada --><\/p>\n<p>            <!-- Relacionada -->\n    <\/div>\n<p><br \/>\n<br \/><a href=\"https:\/\/agenciabrasil.ebc.com.br\/esportes\/noticia\/2025-04\/verstappen-larga-na-frente-no-gp-da-arabia-saudita-de-formula-1\" rel=\"noopener\">Ag\u00eancia Brasil<\/a><\/p>\n","protected":false},"excerpt":{"rendered":"<p>Em busca do pentacampeonato consecutivo, o holand\u00eas Max Verstappen teve bom desempenho neste s\u00e1bado (19), em Jed\u00e1, e vai largar na primeira posi\u00e7\u00e3o no GP da Ar\u00e1bia Saudita de F\u00f3rmula 1. O piloto da Red Bull fez a melhor volta no treino de classifica\u00e7\u00e3o, seguido pelo australiano Oscar Piastri, da McLaren e pelo brit\u00e2nico George [&hellip;]<\/p>\n","protected":false},"author":1,"featured_media":30932,"comment_status":"open","ping_status":"open","sticky":false,"template":"","format":"standard","meta":{"_jetpack_newsletter_access":"","_jetpack_dont_email_post_to_subs":false,"_jetpack_newsletter_tier_id":0,"_jetpack_memberships_contains_paywalled_content":false,"_mbp_banners":[],"_jetpack_feature_clip_id":0,"_jetpack_memberships_contains_paid_content":false,"footnotes":"","jetpack_publicize_message":"","jetpack_publicize_feature_enabled":true,"jetpack_social_post_already_shared":true,"jetpack_social_options":{"image_generator_settings":{"template":"highway","default_image_id":0,"font":"","enabled":false},"version":2},"jetpack_post_was_ever_published":false},"categories":[23],"tags":[],"class_list":["post-30931","post","type-post","status-publish","format-standard","has-post-thumbnail","category-esportes"],"jetpack_publicize_connections":[],"jetpack-related-posts":[],"jetpack_shortlink":"https:\/\/wp.me\/p7Eq1F-82T","jetpack_sharing_enabled":true,"jetpack_featured_media_url":"https:\/\/i0.wp.com\/guialimeira.com.br\/news\/wp-content\/uploads\/2025\/04\/2025-04-19t182326z_677029842_up1el4j1f301o_rtrmadp_3_motor-f1-saudi.jpg?fit=1600%2C800&ssl=1","_links":{"self":[{"href":"https:\/\/guialimeira.com.br\/news\/wp-json\/wp\/v2\/posts\/30931","targetHints":{"allow":["GET"]}}],"collection":[{"href":"https:\/\/guialimeira.com.br\/news\/wp-json\/wp\/v2\/posts"}],"about":[{"href":"https:\/\/guialimeira.com.br\/news\/wp-json\/wp\/v2\/types\/post"}],"author":[{"embeddable":true,"href":"https:\/\/guialimeira.com.br\/news\/wp-json\/wp\/v2\/users\/1"}],"replies":[{"embeddable":true,"href":"https:\/\/guialimeira.com.br\/news\/wp-json\/wp\/v2\/comments?post=30931"}],"version-history":[{"count":0,"href":"https:\/\/guialimeira.com.br\/news\/wp-json\/wp\/v2\/posts\/30931\/revisions"}],"wp:featuredmedia":[{"embeddable":true,"href":"https:\/\/guialimeira.com.br\/news\/wp-json\/wp\/v2\/media\/30932"}],"wp:attachment":[{"href":"https:\/\/guialimeira.com.br\/news\/wp-json\/wp\/v2\/media?parent=30931"}],"wp:term":[{"taxonomy":"category","embeddable":true,"href":"https:\/\/guialimeira.com.br\/news\/wp-json\/wp\/v2\/categories?post=30931"},{"taxonomy":"post_tag","embeddable":true,"href":"https:\/\/guialimeira.com.br\/news\/wp-json\/wp\/v2\/tags?post=30931"}],"curies":[{"name":"wp","href":"https:\/\/api.w.org\/{rel}","templated":true}]}}