{"id":30895,"date":"2025-04-19T07:42:01","date_gmt":"2025-04-19T10:42:01","guid":{"rendered":"https:\/\/guialimeira.com.br\/2025\/04\/19\/vasco-e-flamengo-fazem-classico-dos-milhoes-neste-sabado-no-brasileiro\/"},"modified":"2025-04-19T07:42:01","modified_gmt":"2025-04-19T10:42:01","slug":"vasco-e-flamengo-fazem-classico-dos-milhoes-neste-sabado-no-brasileiro","status":"publish","type":"post","link":"https:\/\/guialimeira.com.br\/news\/vasco-e-flamengo-fazem-classico-dos-milhoes-neste-sabado-no-brasileiro\/","title":{"rendered":"Vasco e Flamengo fazem Cl\u00e1ssico dos Milh\u00f5es neste s\u00e1bado no Brasileiro"},"content":{"rendered":"<p> <br \/>\n<\/p>\n<div>\n<p>Vasco e Flamengo se enfrentam neste s\u00e1bado (18) pela quinta rodada do Campeonato Brasileiro. A partida ser\u00e1 realizada no Maracan\u00e3, \u00e0s 18h30 (hor\u00e1rio de Bras\u00edlia). Os rubro-negros buscam manter a lideran\u00e7a da competi\u00e7\u00e3o, enquanto a equipe cruzmaltina tenta se reabilitar, j\u00e1 que na \u00faltima rodada perdeu fora de casa para o Cear\u00e1 por 2 a 1.\u00a0A <a href=\"https:\/\/radios.ebc.com.br\/aovivo?emissora=radio-nacional-do-rio-de-janeiro\" rel=\"noopener\"><strong>R\u00e1dio Nacional <\/strong><\/a>transmite ao vivo o Cl\u00e1ssico dos Milh\u00f5es com narra\u00e7\u00e3o de Rodrigo Campos, coment\u00e1rios de\u00a0Rodrigo Ricardo e\u00a0reportagens de\u00a0Rafael Monteiro. O pr\u00e9-jogo come\u00e7a 30 minutos antes do inicio da partida.<img data-recalc-dims=\"1\" decoding=\"async\" src=\"https:\/\/i0.wp.com\/agenciabrasil.ebc.com.br\/ebc.png?w=696&#038;ssl=1\" style=\"width:1px; height:1px; display:inline;\"\/><img data-recalc-dims=\"1\" decoding=\"async\" src=\"https:\/\/i0.wp.com\/agenciabrasil.ebc.com.br\/ebc.gif?w=696&#038;ssl=1\" style=\"width:1px; height:1px; display:inline;\"\/><\/p>\n<p>Pelo lado do Vasco, o t\u00e9cnico F\u00e1bio Carille diz como deve ser o esp\u00edrito do time na noite deste s\u00e1bado (19), ap\u00f3s o \u00faltimo rev\u00e9s em Fortaleza.<\/p>\n<blockquote>\n<p>\u201cNeste time, que neste clube que estamos aqui, o comportamento tem que ser sempre mais. Tem que querer, lutar e buscar jogar para frente. \u00c9 o que estou pegando no p\u00e9 desde o come\u00e7o do ano, mas tem jogo que n\u00f3s entramos fazendo o jogo muito para o lado e para tr\u00e1s e isso tira confian\u00e7a\u201d.<\/p>\n<\/blockquote>\n<div class=\"dnd-widget-wrapper context-cheio_8colunas type-audio\">\n<div class=\"dnd-caption-wrapper\">\n<p><!--copyright=421497--><strong>Ou\u00e7a na R\u00e1dio Nacional\u00a0<\/strong><!--END copyright=421497--><\/p>\n<\/div>\n<\/div>\n<p>J\u00e1 o treinador Rubro-Negro Filipe Luis fala sobre o\u00a0trabalho que desenvolve com o elenco para melhorar o ataque, mesmo ap\u00f3s o time ter goleado o Juventude (6 a 0)\u00a0na \u00faltima quarta (16), no Maracan\u00e3.\u00a0<\/p>\n<blockquote>\n<p>\u201cO time chega, mas claro, as chances, quando os advers\u00e1rios se fecham, nunca s\u00e3o claras, E a\u00ed voc\u00ea tem que buscar recursos, como cruzamento, chute e tudo mais. Uma das coisas que t\u00ednhamos e temos que continuar melhorando \u00e9 esse ter\u00e7o final\u201d.<\/p>\n<\/blockquote>\n<p>O Flamengo est\u00e1 invicto no Brasileir\u00e3o, com tr\u00eas vit\u00f3rias e um empate. No retrospecto recente no Cl\u00e1ssico dos Milh\u00f5es, os rubro-negros t\u00eam ampla vantagem: nos \u00faltimos\u00a032 jogos, foram 19 vit\u00f3rias, 11 empates e duas\u00a0derrotas.<\/p>\n<p>      <!-- Relacionada --><\/p>\n<p>            <!-- Relacionada -->\n    <\/div>\n<p><br \/>\n<br \/><a href=\"https:\/\/agenciabrasil.ebc.com.br\/esportes\/noticia\/2025-04\/vasco-e-flamengo-fazem-classico-dos-milhoes-neste-sabado-no-brasileiro\" rel=\"noopener\">Ag\u00eancia Brasil<\/a><\/p>\n","protected":false},"excerpt":{"rendered":"<p>Vasco e Flamengo se enfrentam neste s\u00e1bado (18) pela quinta rodada do Campeonato Brasileiro. A partida ser\u00e1 realizada no Maracan\u00e3, \u00e0s 18h30 (hor\u00e1rio de Bras\u00edlia). Os rubro-negros buscam manter a lideran\u00e7a da competi\u00e7\u00e3o, enquanto a equipe cruzmaltina tenta se reabilitar, j\u00e1 que na \u00faltima rodada perdeu fora de casa para o Cear\u00e1 por 2 a [&hellip;]<\/p>\n","protected":false},"author":1,"featured_media":30896,"comment_status":"open","ping_status":"open","sticky":false,"template":"","format":"standard","meta":{"_jetpack_newsletter_access":"","_jetpack_dont_email_post_to_subs":false,"_jetpack_newsletter_tier_id":0,"_jetpack_memberships_contains_paywalled_content":false,"_mbp_banners":[],"_jetpack_feature_clip_id":0,"_jetpack_memberships_contains_paid_content":false,"footnotes":"","jetpack_publicize_message":"","jetpack_publicize_feature_enabled":true,"jetpack_social_post_already_shared":true,"jetpack_social_options":{"image_generator_settings":{"template":"highway","default_image_id":0,"font":"","enabled":false},"version":2},"jetpack_post_was_ever_published":false},"categories":[23],"tags":[],"class_list":["post-30895","post","type-post","status-publish","format-standard","has-post-thumbnail","category-esportes"],"jetpack_publicize_connections":[],"jetpack-related-posts":[],"jetpack_shortlink":"https:\/\/wp.me\/p7Eq1F-82j","jetpack_sharing_enabled":true,"jetpack_featured_media_url":"https:\/\/i0.wp.com\/guialimeira.com.br\/news\/wp-content\/uploads\/2025\/04\/vasco_x_fla_fev_2025_cariocao.jpg?fit=1600%2C800&ssl=1","_links":{"self":[{"href":"https:\/\/guialimeira.com.br\/news\/wp-json\/wp\/v2\/posts\/30895","targetHints":{"allow":["GET"]}}],"collection":[{"href":"https:\/\/guialimeira.com.br\/news\/wp-json\/wp\/v2\/posts"}],"about":[{"href":"https:\/\/guialimeira.com.br\/news\/wp-json\/wp\/v2\/types\/post"}],"author":[{"embeddable":true,"href":"https:\/\/guialimeira.com.br\/news\/wp-json\/wp\/v2\/users\/1"}],"replies":[{"embeddable":true,"href":"https:\/\/guialimeira.com.br\/news\/wp-json\/wp\/v2\/comments?post=30895"}],"version-history":[{"count":0,"href":"https:\/\/guialimeira.com.br\/news\/wp-json\/wp\/v2\/posts\/30895\/revisions"}],"wp:featuredmedia":[{"embeddable":true,"href":"https:\/\/guialimeira.com.br\/news\/wp-json\/wp\/v2\/media\/30896"}],"wp:attachment":[{"href":"https:\/\/guialimeira.com.br\/news\/wp-json\/wp\/v2\/media?parent=30895"}],"wp:term":[{"taxonomy":"category","embeddable":true,"href":"https:\/\/guialimeira.com.br\/news\/wp-json\/wp\/v2\/categories?post=30895"},{"taxonomy":"post_tag","embeddable":true,"href":"https:\/\/guialimeira.com.br\/news\/wp-json\/wp\/v2\/tags?post=30895"}],"curies":[{"name":"wp","href":"https:\/\/api.w.org\/{rel}","templated":true}]}}