{"id":30884,"date":"2025-04-18T18:28:58","date_gmt":"2025-04-18T21:28:58","guid":{"rendered":"https:\/\/guialimeira.com.br\/2025\/04\/18\/hugo-calderano-bate-numero-3-e-vai-a-semi-em-etapa-da-copa-do-mundo\/"},"modified":"2025-04-18T18:28:58","modified_gmt":"2025-04-18T21:28:58","slug":"hugo-calderano-bate-numero-3-e-vai-a-semi-em-etapa-da-copa-do-mundo","status":"publish","type":"post","link":"https:\/\/guialimeira.com.br\/news\/hugo-calderano-bate-numero-3-e-vai-a-semi-em-etapa-da-copa-do-mundo\/","title":{"rendered":"Hugo Calderano bate n\u00famero 3 e vai \u00e0 semi em etapa da Copa do Mundo"},"content":{"rendered":"<p> <br \/>\n<\/p>\n<div>\n<p>O brasileiro Hugo Calderano se tornou nesta sexta-feira (18) o primeiro atleta das Am\u00e9ricas a assegurar um lugar no p\u00f3dio da etapa da Copa do Mundo de t\u00eanis de mesa em Macau (China). O carioca de 28 anos, atual n\u00famero cinco do mundo, se classificou ap\u00f3s ap\u00f3s vencer de virada o japon\u00eas Tomakazu Harimoto, terceiro melhor no ranking, por 4 sets a 1 (parciais de 8\/11,11\/8, 11\/8, 11\/8 e 12\/10). Al\u00e9m disso, Calderano \u00e9 o \u00fanico n\u00e3o asi\u00e1tico entre os semifinalistas em Macau.<img data-recalc-dims=\"1\" decoding=\"async\" src=\"https:\/\/i0.wp.com\/agenciabrasil.ebc.com.br\/ebc.png?w=696&#038;ssl=1\" style=\"width:1px; height:1px; display:inline;\"\/><img data-recalc-dims=\"1\" decoding=\"async\" src=\"https:\/\/i0.wp.com\/agenciabrasil.ebc.com.br\/ebc.gif?w=696&#038;ssl=1\" style=\"width:1px; height:1px; display:inline;\"\/><\/p>\n<p>Ser\u00e1 a primeira semi do carioca nesta temporada, seu melhor desempenho at\u00e9 o momento. Como o torneio n\u00e3o tem disputa de terceiro lugar, Calderano j\u00e1 assegurou a medalha de bronze. Mas, \u00e9 claro, que a meta dele \u00e9 chegar ao topo do p\u00f3dio. Ele volta a competir \u00e0s 3h45 (hor\u00e1rio de Bras\u00edlia) deste s\u00e1bado (19). O advers\u00e1rio ser\u00e1 o chin\u00eas Wang Chuquin, o atual vice-l\u00edder no ranking mundial. A partida ter\u00e1 <a href=\"https:\/\/www.youtube.com\/@ITTFWorld\" rel=\"noopener\"><strong>transmiss\u00e3o gratuita ao vivo <\/strong><\/a>na conta da \u00a0Federa\u00e7\u00e3o Internacional de T\u00eanis de Mesa (ITTF World) no YouTube.<\/p>\n<blockquote class=\"instagram-media\" data-instgrm-captioned=\"\" data-instgrm-permalink=\"https:\/\/www.instagram.com\/reel\/DIl3pwfNx5i\/?utm_source=ig_embed&amp;utm_campaign=loading\" data-instgrm-version=\"14\" style=\" background:#FFF; border:0; border-radius:3px; box-shadow:0 0 1px 0 rgba(0,0,0,0.5),0 1px 10px 0 rgba(0,0,0,0.15); margin: 1px; max-width:540px; min-width:326px; padding:0; width:99.375%; width:-webkit-calc(100% - 2px); width:calc(100% - 2px);\">\n<\/blockquote>\n<p>O Brasil tamb\u00e9m contou com Bruna Takahashi nas quartas de final femininas na chave de simples. A paulista (24\u00aa no ranking) chegou a vencer um set contar a chinesa Chen Xingtong, n\u00famero quatro do mundo, mas asi\u00e1tica fez valer seu favoritismo e selou a classifica\u00e7\u00e3o \u00e0s semifinais com vit\u00f3ria por 4 sets a 1 (11\/6, 6\/11, 13\/11, 11\/7 e 11\/7).<\/p>\n<p>O pa\u00eds come\u00e7ou a competi\u00e7\u00e3o com outros dois atletas,\u00a0Vitor Ishiy e Eric Jouti, eliminados na fase de grupos. A etapa da Copa do Mundo em Macau re\u00fane 48 atletas e vai at\u00e9 o pr\u00f3ximo domingo (20). O t\u00eanis de mesa brasileiro busca medalha in\u00e9dita no torneio.<\/p>\n<p>      <!-- Relacionada --><\/p>\n<p>            <!-- Relacionada -->\n    <\/div>\n<p><script async src=\"\/\/www.instagram.com\/embed.js\"><\/script><br \/>\n<br \/><br \/>\n<br \/><a href=\"https:\/\/agenciabrasil.ebc.com.br\/esportes\/noticia\/2025-04\/hugo-calderano-bate-numero-3-e-vai-a-semi-de-etapa-da-copa-do-mundo\" rel=\"noopener\">Ag\u00eancia Brasil<\/a><\/p>\n","protected":false},"excerpt":{"rendered":"<p>O brasileiro Hugo Calderano se tornou nesta sexta-feira (18) o primeiro atleta das Am\u00e9ricas a assegurar um lugar no p\u00f3dio da etapa da Copa do Mundo de t\u00eanis de mesa em Macau (China). O carioca de 28 anos, atual n\u00famero cinco do mundo, se classificou ap\u00f3s ap\u00f3s vencer de virada o japon\u00eas Tomakazu Harimoto, terceiro [&hellip;]<\/p>\n","protected":false},"author":1,"featured_media":30885,"comment_status":"open","ping_status":"open","sticky":false,"template":"","format":"standard","meta":{"_jetpack_newsletter_access":"","_jetpack_dont_email_post_to_subs":false,"_jetpack_newsletter_tier_id":0,"_jetpack_memberships_contains_paywalled_content":false,"_mbp_banners":[],"_jetpack_feature_clip_id":0,"_jetpack_memberships_contains_paid_content":false,"footnotes":"","jetpack_publicize_message":"","jetpack_publicize_feature_enabled":true,"jetpack_social_post_already_shared":true,"jetpack_social_options":{"image_generator_settings":{"template":"highway","default_image_id":0,"font":"","enabled":false},"version":2},"jetpack_post_was_ever_published":false},"categories":[23],"tags":[],"class_list":["post-30884","post","type-post","status-publish","format-standard","has-post-thumbnail","category-esportes"],"jetpack_publicize_connections":[],"jetpack-related-posts":[],"jetpack_shortlink":"https:\/\/wp.me\/p7Eq1F-828","jetpack_sharing_enabled":true,"jetpack_featured_media_url":"https:\/\/i0.wp.com\/guialimeira.com.br\/news\/wp-content\/uploads\/2025\/04\/calderano_grand_smash_singapura_2025.jpg?fit=1600%2C800&ssl=1","_links":{"self":[{"href":"https:\/\/guialimeira.com.br\/news\/wp-json\/wp\/v2\/posts\/30884","targetHints":{"allow":["GET"]}}],"collection":[{"href":"https:\/\/guialimeira.com.br\/news\/wp-json\/wp\/v2\/posts"}],"about":[{"href":"https:\/\/guialimeira.com.br\/news\/wp-json\/wp\/v2\/types\/post"}],"author":[{"embeddable":true,"href":"https:\/\/guialimeira.com.br\/news\/wp-json\/wp\/v2\/users\/1"}],"replies":[{"embeddable":true,"href":"https:\/\/guialimeira.com.br\/news\/wp-json\/wp\/v2\/comments?post=30884"}],"version-history":[{"count":0,"href":"https:\/\/guialimeira.com.br\/news\/wp-json\/wp\/v2\/posts\/30884\/revisions"}],"wp:featuredmedia":[{"embeddable":true,"href":"https:\/\/guialimeira.com.br\/news\/wp-json\/wp\/v2\/media\/30885"}],"wp:attachment":[{"href":"https:\/\/guialimeira.com.br\/news\/wp-json\/wp\/v2\/media?parent=30884"}],"wp:term":[{"taxonomy":"category","embeddable":true,"href":"https:\/\/guialimeira.com.br\/news\/wp-json\/wp\/v2\/categories?post=30884"},{"taxonomy":"post_tag","embeddable":true,"href":"https:\/\/guialimeira.com.br\/news\/wp-json\/wp\/v2\/tags?post=30884"}],"curies":[{"name":"wp","href":"https:\/\/api.w.org\/{rel}","templated":true}]}}