{"id":30829,"date":"2025-04-17T21:06:56","date_gmt":"2025-04-18T00:06:56","guid":{"rendered":"https:\/\/guialimeira.com.br\/2025\/04\/17\/corinthians-demite-o-tecnico-argentino-ramon-diaz\/"},"modified":"2025-04-17T21:06:56","modified_gmt":"2025-04-18T00:06:56","slug":"corinthians-demite-o-tecnico-argentino-ramon-diaz","status":"publish","type":"post","link":"https:\/\/guialimeira.com.br\/news\/corinthians-demite-o-tecnico-argentino-ramon-diaz\/","title":{"rendered":"Corinthians demite o t\u00e9cnico argentino Ram\u00f3n D\u00edaz"},"content":{"rendered":"<p> <br \/>\n<\/p>\n<div>\n<p>Ram\u00f3n D\u00edaz n\u00e3o \u00e9 mais o t\u00e9cnico do Corinthians. O an\u00fancio foi feito pelo Tim\u00e3o no in\u00edcio da noite desta quinta-feira (17). A demiss\u00e3o do argentino foi sacramentada ap\u00f3s a derrota de 2 a 0 da equipe do Parque S\u00e3o Jorge para o Fluminense na noite da \u00faltima quarta-feira (16) pelo Campeonato Brasileiro.<img data-recalc-dims=\"1\" decoding=\"async\" src=\"https:\/\/i0.wp.com\/agenciabrasil.ebc.com.br\/ebc.png?w=696&#038;ssl=1\" style=\"width:1px; height:1px; display:inline;\"\/><img data-recalc-dims=\"1\" decoding=\"async\" src=\"https:\/\/i0.wp.com\/agenciabrasil.ebc.com.br\/ebc.gif?w=696&#038;ssl=1\" style=\"width:1px; height:1px; display:inline;\"\/><\/p>\n<p>\u201cNesta quinta-feira [17], o Sport Club Corinthians Paulista comunica o desligamento de Ram\u00f3n D\u00edaz do cargo de t\u00e9cnico da equipe. Tamb\u00e9m deixam o clube os auxiliares Emiliano D\u00edaz, Bruno Urribarri e Osmar Ferreyra, al\u00e9m do preparador f\u00edsico Diego Pereira\u201d, diz a nota do Tim\u00e3o.<\/p>\n<blockquote class=\"twitter-tweet\">\n<p dir=\"ltr\" lang=\"pt\" xml:lang=\"pt\">Ram\u00f3n D\u00edaz deixa o comando t\u00e9cnico do Corinthians.<\/p>\n<p>Nesta quinta-feira (17), o Sport Club Corinthians Paulista comunica o desligamento de Ram\u00f3n D\u00edaz do cargo de t\u00e9cnico da equipe. Tamb\u00e9m deixam o clube os auxiliares Emiliano D\u00edaz, Bruno Urribarri e Osmar Ferreyra, al\u00e9m do\u2026 <a href=\"https:\/\/t.co\/zw2CWdMxUG\">pic.twitter.com\/zw2CWdMxUG<\/a><\/p>\n<p>\u2014 Corinthians (@Corinthians) <a href=\"https:\/\/twitter.com\/Corinthians\/status\/1912967474053546422?ref_src=twsrc%5Etfw\" rel=\"noopener\">April 17, 2025<\/a><\/p><\/blockquote>\n<p>Ram\u00f3n D\u00edaz assumiu o Corinthians no decorrer da \u00faltima edi\u00e7\u00e3o do Campeonato Brasileiro, em julho de 2024, e levou a equipe ao t\u00edtulo do Campeonato Paulista de 2025.<\/p>\n<p>Segundo o Tim\u00e3o, \u201cOrlando Ribeiro, t\u00e9cnico do sub-20 do Corinthians, comandar\u00e1 o treino do elenco principal nesta sexta-feira [18]\u201d.<\/p>\n<p>      <!-- Relacionada --><\/p>\n<p>            <!-- Relacionada -->\n    <\/div>\n<p><script async src=\"\/\/platform.twitter.com\/widgets.js\" charset=\"utf-8\"><\/script><br \/>\n<br \/><br \/>\n<br \/><a href=\"https:\/\/agenciabrasil.ebc.com.br\/esportes\/noticia\/2025-04\/corinthians-demite-o-tecnico-argentino-ramon-diaz\" rel=\"noopener\">Ag\u00eancia Brasil<\/a><\/p>\n","protected":false},"excerpt":{"rendered":"<p>Ram\u00f3n D\u00edaz n\u00e3o \u00e9 mais o t\u00e9cnico do Corinthians. O an\u00fancio foi feito pelo Tim\u00e3o no in\u00edcio da noite desta quinta-feira (17). A demiss\u00e3o do argentino foi sacramentada ap\u00f3s a derrota de 2 a 0 da equipe do Parque S\u00e3o Jorge para o Fluminense na noite da \u00faltima quarta-feira (16) pelo Campeonato Brasileiro. \u201cNesta quinta-feira [&hellip;]<\/p>\n","protected":false},"author":1,"featured_media":30830,"comment_status":"open","ping_status":"open","sticky":false,"template":"","format":"standard","meta":{"_jetpack_newsletter_access":"","_jetpack_dont_email_post_to_subs":false,"_jetpack_newsletter_tier_id":0,"_jetpack_memberships_contains_paywalled_content":false,"_mbp_banners":[],"_jetpack_feature_clip_id":0,"_jetpack_memberships_contains_paid_content":false,"footnotes":"","jetpack_publicize_message":"","jetpack_publicize_feature_enabled":true,"jetpack_social_post_already_shared":true,"jetpack_social_options":{"image_generator_settings":{"template":"highway","default_image_id":0,"font":"","enabled":false},"version":2},"jetpack_post_was_ever_published":false},"categories":[23],"tags":[],"class_list":["post-30829","post","type-post","status-publish","format-standard","has-post-thumbnail","category-esportes"],"jetpack_publicize_connections":[],"jetpack-related-posts":[],"jetpack_shortlink":"https:\/\/wp.me\/p7Eq1F-81f","jetpack_sharing_enabled":true,"jetpack_featured_media_url":"https:\/\/i0.wp.com\/guialimeira.com.br\/news\/wp-content\/uploads\/2025\/04\/1743792787fb0650ff38f84d526883336ff5119dc0.jpg?fit=1600%2C800&ssl=1","_links":{"self":[{"href":"https:\/\/guialimeira.com.br\/news\/wp-json\/wp\/v2\/posts\/30829","targetHints":{"allow":["GET"]}}],"collection":[{"href":"https:\/\/guialimeira.com.br\/news\/wp-json\/wp\/v2\/posts"}],"about":[{"href":"https:\/\/guialimeira.com.br\/news\/wp-json\/wp\/v2\/types\/post"}],"author":[{"embeddable":true,"href":"https:\/\/guialimeira.com.br\/news\/wp-json\/wp\/v2\/users\/1"}],"replies":[{"embeddable":true,"href":"https:\/\/guialimeira.com.br\/news\/wp-json\/wp\/v2\/comments?post=30829"}],"version-history":[{"count":0,"href":"https:\/\/guialimeira.com.br\/news\/wp-json\/wp\/v2\/posts\/30829\/revisions"}],"wp:featuredmedia":[{"embeddable":true,"href":"https:\/\/guialimeira.com.br\/news\/wp-json\/wp\/v2\/media\/30830"}],"wp:attachment":[{"href":"https:\/\/guialimeira.com.br\/news\/wp-json\/wp\/v2\/media?parent=30829"}],"wp:term":[{"taxonomy":"category","embeddable":true,"href":"https:\/\/guialimeira.com.br\/news\/wp-json\/wp\/v2\/categories?post=30829"},{"taxonomy":"post_tag","embeddable":true,"href":"https:\/\/guialimeira.com.br\/news\/wp-json\/wp\/v2\/tags?post=30829"}],"curies":[{"name":"wp","href":"https:\/\/api.w.org\/{rel}","templated":true}]}}