{"id":30826,"date":"2025-04-17T20:55:01","date_gmt":"2025-04-17T23:55:01","guid":{"rendered":"https:\/\/guialimeira.com.br\/?p=30826"},"modified":"2025-04-17T20:55:01","modified_gmt":"2025-04-17T23:55:01","slug":"glauber-braga-encerra-greve-de-fome-apos-acordo-com-hugo-motta","status":"publish","type":"post","link":"https:\/\/guialimeira.com.br\/news\/glauber-braga-encerra-greve-de-fome-apos-acordo-com-hugo-motta\/","title":{"rendered":"Glauber Braga encerra greve de fome ap\u00f3s acordo com Hugo Motta"},"content":{"rendered":"\n<figure class=\"wp-block-gallery has-nested-images columns-default is-cropped wp-block-gallery-1 is-layout-flex wp-block-gallery-is-layout-flex\">\n<figure class=\"wp-block-image size-large\"><\/figure>\n\t\t\t\t\t\n<figure class=\"wp-block-image size-large\"><img loading=\"lazy\" decoding=\"async\" width=\"1\" height=\"1\" data-attachment-id=\"30825\" data-permalink=\"https:\/\/guialimeira.com.br\/news\/glauber-braga-encerra-greve-de-fome-apos-acordo-com-hugo-2\/\" data-orig-file=\"https:\/\/i0.wp.com\/guialimeira.com.br\/news\/wp-content\/uploads\/2025\/04\/1744934096_880_ebc.gif?fit=1%2C1&amp;ssl=1\" data-orig-size=\"1,1\" data-comments-opened=\"1\" data-image-meta=\"{&quot;aperture&quot;:&quot;0&quot;,&quot;credit&quot;:&quot;&quot;,&quot;camera&quot;:&quot;&quot;,&quot;caption&quot;:&quot;&quot;,&quot;created_timestamp&quot;:&quot;0&quot;,&quot;copyright&quot;:&quot;&quot;,&quot;focal_length&quot;:&quot;0&quot;,&quot;iso&quot;:&quot;0&quot;,&quot;shutter_speed&quot;:&quot;0&quot;,&quot;title&quot;:&quot;&quot;,&quot;orientation&quot;:&quot;0&quot;}\" data-image-title=\"Glauber Braga encerra greve de fome ap\u00f3s acordo com Hugo\" data-image-description=\"\" data-image-caption=\"\" data-large-file=\"https:\/\/i0.wp.com\/guialimeira.com.br\/news\/wp-content\/uploads\/2025\/04\/1744934096_880_ebc.gif?fit=1%2C1&amp;ssl=1\" data-id=\"30825\" src=\"https:\/\/i0.wp.com\/guialimeira.com.br\/wp-content\/uploads\/2025\/04\/1744934096_880_ebc.gif?resize=1%2C1&amp;ssl=1\" alt=\"\" class=\"wp-image-30825\" \/><\/figure>\n\t\t\t\t\t<\/figure>\n \r\n<br><div>\n                    <p><strong>O deputado federal Glauber Braga (PSOL-RJ) encerrou nesta quinta-feira (17) a <a href=\"http:\/\/agenciabrasil.ebc.com.br\/politica\/noticia\/2025-04\/greve-de-fome-de-glauber-completa-8-dias-e-mobiliza-apoios\" rel=\"noopener\">greve de fome iniciada h\u00e1 nove\u00a0dias<\/a>, ap\u00f3s acordo firmado com o presidente da C\u00e2mara dos Deputados, Hugo Motta <\/strong>(Republicanos- PB), que prev\u00ea que o processo de cassa\u00e7\u00e3o de seu mandato n\u00e3o ser\u00e1 analisado neste primeiro semestre<img data-recalc-dims=\"1\" decoding=\"async\" src=\"https:\/\/i0.wp.com\/guialimeira.com.br\/wp-content\/uploads\/2025\/04\/1744934096_83_ebc.png?w=696&#038;ssl=1\" style=\"width:1px;height:1px\" \/><img data-recalc-dims=\"1\" decoding=\"async\" src=\"https:\/\/i0.wp.com\/guialimeira.com.br\/wp-content\/uploads\/2025\/04\/1744934096_880_ebc.gif?w=696&#038;ssl=1\" style=\"width:1px;height:1px\" \/><\/p>\n\n<p><strong>Glauber Braga iniciou a greve de fome no dia 9 de abril, <a href=\"http:\/\/agenciabrasil.ebc.com.br\/politica\/noticia\/2025-04\/conselho-de-etica-aprova-cassacao-do-mandato-de-glauber-braga\" rel=\"noopener\">ap\u00f3s aprova\u00e7\u00e3o do processo de cassa\u00e7\u00e3o<\/a> de seu mandato pelo Conselho de \u00c9tica da C\u00e2mara.<\/strong><\/p>\n\n<blockquote>\n<p>\u201cEstou suspendendo a greve de fome, mas n\u00f3s n\u00e3o estamos suspendendo a luta contra o or\u00e7amento secreto, contra o poder olig\u00e1rquico. N\u00e3o estamos suspendendo a luta pela responsabiliza\u00e7\u00e3o dos assassinos de Marielle e pela responsabiliza\u00e7\u00e3o dos golpistas de plant\u00e3o\u201d, disse Glauber.\u00a0<\/p>\n<\/blockquote>\n\n<p>Segundo a assessoria do parlamentar, durante os dias em que <a href=\"https:\/\/agenciabrasil.ebc.com.br\/politica\/noticia\/2025-04\/Greve%20de%20fome%3A%20Glauber-acampa-na-C%C3%A2mara-ap%C3%B3s-Conselho-votar-cassa%C3%A7%C3%A3o-\" rel=\"noopener\">ele ficou acampado na C\u00e2mara dos Deputados<\/a> sem se\u00a0alimentar, ele perdeu mais de 5 quilos, ingeriu apenas \u00e1gua, soro e isot\u00f4nico.\u00a0<\/p>\n\n<p>O deputado disse que passar\u00e1 por um momento de recupera\u00e7\u00e3o e est\u00e1 recebendo orienta\u00e7\u00e3o m\u00e9dica sobre o que pode ingerir.\u00a0\u00a0<\/p>\n\n<h2>Acordo\u00a0<\/h2>\n\n<p><strong><a href=\"https:\/\/x.com\/HugoMottaPB\/status\/1912947953095827835\">Em publica\u00e7\u00e3o nas redes sociais<\/a>, Hugo Motta garantiu que, ap\u00f3s a delibera\u00e7\u00e3o na Comiss\u00e3o de Constitui\u00e7\u00e3o e Justi\u00e7a (CCJ), o processo s\u00f3 ser\u00e1 submetido ao plen\u00e1rio ap\u00f3s 60 dias.\u00a0<\/strong><\/p>\n\n<blockquote>\n<p>\u201cGaranto que, ap\u00f3s a delibera\u00e7\u00e3o da CCJ, qualquer que seja ela, n\u00e3o submeteremos o caso do deputado ao Plen\u00e1rio da C\u00e2mara antes de 60 dias para que ele possa exercer a defesa do seu mandato parlamentar. Ap\u00f3s este per\u00edodo, as deputadas e os deputados poder\u00e3o soberanamente decidir sobre o processo\u201d, disse Motta.\u00a0<\/p>\n<\/blockquote>\n\n<p>O acordo com Motta foi intermediado pelos deputados\u00a0S\u00e2mia Bomfim (PSOL-SP) e Lindbergh Farias (PT-RJ).\u00a0Para Glauber Braga, a mensagem de Hugo Motta demonstrou um recuo e uma sinaliza\u00e7\u00e3o importante contra a persegui\u00e7\u00e3o que ele estava sofrendo.<\/p>\n\n      <!-- Relacionada -->\n              \n            <!-- Relacionada -->\n    <\/div>\r\n<br>\r\n<br><a href=\"https:\/\/agenciabrasil.ebc.com.br\/politica\/noticia\/2025-04\/glauber-braga-encerra-greve-de-fome-apos-acordo-com-hugo-motta\" rel=\"noopener\">Ag\u00eancia Brasil<\/a>","protected":false},"excerpt":{"rendered":"<p>O deputado federal Glauber Braga (PSOL-RJ) encerrou nesta quinta-feira (17) a greve de fome iniciada h\u00e1 nove\u00a0dias, ap\u00f3s acordo firmado com o presidente da C\u00e2mara dos Deputados, Hugo Motta (Republicanos- PB), que prev\u00ea que o processo de cassa\u00e7\u00e3o de seu mandato n\u00e3o ser\u00e1 analisado neste primeiro semestre Glauber Braga iniciou a greve de fome no [&hellip;]<\/p>\n","protected":false},"author":1,"featured_media":30827,"comment_status":"open","ping_status":"open","sticky":false,"template":"","format":"standard","meta":{"_jetpack_newsletter_access":"","_jetpack_dont_email_post_to_subs":false,"_jetpack_newsletter_tier_id":0,"_jetpack_memberships_contains_paywalled_content":false,"_mbp_banners":[],"_jetpack_feature_clip_id":0,"_jetpack_memberships_contains_paid_content":false,"footnotes":"","jetpack_publicize_message":"","jetpack_publicize_feature_enabled":true,"jetpack_social_post_already_shared":true,"jetpack_social_options":{"image_generator_settings":{"template":"highway","default_image_id":0,"font":"","enabled":false},"version":2},"jetpack_post_was_ever_published":false},"categories":[19],"tags":[],"class_list":["post-30826","post","type-post","status-publish","format-standard","has-post-thumbnail","category-politica"],"jetpack_publicize_connections":[],"jetpack-related-posts":[],"jetpack_shortlink":"https:\/\/wp.me\/p7Eq1F-81c","jetpack_sharing_enabled":true,"jetpack_featured_media_url":"https:\/\/i0.wp.com\/guialimeira.com.br\/news\/wp-content\/uploads\/2025\/04\/Glauber-Braga-encerra-greve-de-fome-apos-acordo-com-Hugo.jpeg?fit=1600%2C800&ssl=1","_links":{"self":[{"href":"https:\/\/guialimeira.com.br\/news\/wp-json\/wp\/v2\/posts\/30826","targetHints":{"allow":["GET"]}}],"collection":[{"href":"https:\/\/guialimeira.com.br\/news\/wp-json\/wp\/v2\/posts"}],"about":[{"href":"https:\/\/guialimeira.com.br\/news\/wp-json\/wp\/v2\/types\/post"}],"author":[{"embeddable":true,"href":"https:\/\/guialimeira.com.br\/news\/wp-json\/wp\/v2\/users\/1"}],"replies":[{"embeddable":true,"href":"https:\/\/guialimeira.com.br\/news\/wp-json\/wp\/v2\/comments?post=30826"}],"version-history":[{"count":1,"href":"https:\/\/guialimeira.com.br\/news\/wp-json\/wp\/v2\/posts\/30826\/revisions"}],"predecessor-version":[{"id":30828,"href":"https:\/\/guialimeira.com.br\/news\/wp-json\/wp\/v2\/posts\/30826\/revisions\/30828"}],"wp:featuredmedia":[{"embeddable":true,"href":"https:\/\/guialimeira.com.br\/news\/wp-json\/wp\/v2\/media\/30827"}],"wp:attachment":[{"href":"https:\/\/guialimeira.com.br\/news\/wp-json\/wp\/v2\/media?parent=30826"}],"wp:term":[{"taxonomy":"category","embeddable":true,"href":"https:\/\/guialimeira.com.br\/news\/wp-json\/wp\/v2\/categories?post=30826"},{"taxonomy":"post_tag","embeddable":true,"href":"https:\/\/guialimeira.com.br\/news\/wp-json\/wp\/v2\/tags?post=30826"}],"curies":[{"name":"wp","href":"https:\/\/api.w.org\/{rel}","templated":true}]}}