{"id":30722,"date":"2025-04-16T21:07:08","date_gmt":"2025-04-17T00:07:08","guid":{"rendered":"https:\/\/guialimeira.com.br\/?p=30722"},"modified":"2025-04-16T21:07:09","modified_gmt":"2025-04-17T00:07:09","slug":"vereador-costa-junior-cobra-reforma-da-ubs-do-parque-nossa-senhora-das-dores-i-etapa","status":"publish","type":"post","link":"https:\/\/guialimeira.com.br\/news\/vereador-costa-junior-cobra-reforma-da-ubs-do-parque-nossa-senhora-das-dores-i-etapa\/","title":{"rendered":"Vereador Costa J\u00fanior cobra reforma da UBS do Parque Nossa Senhora das Dores I Etapa"},"content":{"rendered":"\n<p class=\"wp-block-paragraph\">O vereador <strong>Costa J\u00fanior (Podemos)<\/strong> protocolou o <strong>Requerimento n\u00ba 278\/2025<\/strong> na C\u00e2mara Municipal de Limeira solicitando informa\u00e7\u00f5es ao Poder Executivo sobre a <strong>necessidade urgente de reforma ou manuten\u00e7\u00e3o do teto da Unidade B\u00e1sica de Sa\u00fade (UBS)<\/strong> localizada no bairro <strong>Parque Nossa Senhora das Dores I Etapa<\/strong>.<\/p>\n\n\n\n<p class=\"wp-block-paragraph\">A iniciativa surge ap\u00f3s relatos da comunidade sobre <strong>poss\u00edveis riscos estruturais<\/strong> no pr\u00e9dio, que comprometem a seguran\u00e7a tanto dos servidores quanto da popula\u00e7\u00e3o atendida.<\/p>\n\n\n\n<h3 class=\"wp-block-heading\">\ud83d\udee0\ufe0f O que est\u00e1 sendo questionado: O parlamentar solicita que o Executivo informe:<\/h3>\n\n\n\n<ul class=\"wp-block-list\">\n<li>Se h\u00e1 <strong>previs\u00e3o de reforma ou manuten\u00e7\u00e3o do teto<\/strong> da unidade;<\/li>\n\n\n\n<li>Qual o <strong>cronograma de a\u00e7\u00f5es planejadas<\/strong>;<\/li>\n\n\n\n<li>Quais s\u00e3o os <strong>recursos financeiros dispon\u00edveis<\/strong> para a execu\u00e7\u00e3o das obras.<\/li>\n<\/ul>\n\n\n\n<h3 class=\"wp-block-heading\">\u26a0\ufe0f Estrutura comprometida e risco \u00e0 popula\u00e7\u00e3o<\/h3>\n\n\n\n<p class=\"wp-block-paragraph\">Na justificativa do requerimento, Costa J\u00fanior ressalta a import\u00e2ncia de garantir <strong>condi\u00e7\u00f5es adequadas de atendimento \u00e0 popula\u00e7\u00e3o<\/strong> e a integridade f\u00edsica dos trabalhadores da sa\u00fade:<\/p>\n\n\n\n<blockquote class=\"wp-block-quote is-layout-flow wp-block-quote-is-layout-flow\">\n<p class=\"wp-block-paragraph\">\u201cA sa\u00fade e a seguran\u00e7a da nossa comunidade devem ser prioridade. Uma UBS com problemas estruturais coloca em risco vidas e prejudica a qualidade do atendimento\u201d, afirmou o vereador.<\/p>\n<\/blockquote>\n\n\n\n<h3 class=\"wp-block-heading\">\ud83d\udde3\ufe0f Fiscaliza\u00e7\u00e3o como compromisso com a sa\u00fade p\u00fablica<\/h3>\n\n\n\n<p class=\"wp-block-paragraph\">O vereador refor\u00e7a seu compromisso em <strong>acompanhar de perto as condi\u00e7\u00f5es das unidades de sa\u00fade<\/strong> do munic\u00edpio, atuando com responsabilidade para que as demandas da popula\u00e7\u00e3o sejam ouvidas e atendidas.<\/p>\n\n\n\n<p class=\"wp-block-paragraph\">O requerimento aguarda agora resposta formal da Prefeitura, com base na legisla\u00e7\u00e3o que garante o direito \u00e0 informa\u00e7\u00e3o e o dever de transpar\u00eancia na gest\u00e3o p\u00fablica.<\/p>\n","protected":false},"excerpt":{"rendered":"<p>A iniciativa surge ap\u00f3s relatos da comunidade sobre poss\u00edveis riscos estruturais no pr\u00e9dio, que comprometem a seguran\u00e7a tanto dos servidores quanto da popula\u00e7\u00e3o atendida.<\/p>\n","protected":false},"author":1,"featured_media":30723,"comment_status":"open","ping_status":"open","sticky":false,"template":"","format":"standard","meta":{"_jetpack_newsletter_access":"","_jetpack_dont_email_post_to_subs":false,"_jetpack_newsletter_tier_id":0,"_jetpack_memberships_contains_paywalled_content":false,"_mbp_banners":[],"_jetpack_feature_clip_id":0,"_jetpack_memberships_contains_paid_content":false,"footnotes":"","jetpack_publicize_message":"","jetpack_publicize_feature_enabled":true,"jetpack_social_post_already_shared":true,"jetpack_social_options":{"image_generator_settings":{"template":"highway","default_image_id":0,"font":"","enabled":false},"version":2},"jetpack_post_was_ever_published":false},"categories":[19],"tags":[],"class_list":["post-30722","post","type-post","status-publish","format-standard","has-post-thumbnail","category-politica"],"jetpack_publicize_connections":[],"jetpack-related-posts":[],"jetpack_shortlink":"https:\/\/wp.me\/p7Eq1F-7Zw","jetpack_sharing_enabled":true,"jetpack_featured_media_url":"https:\/\/i0.wp.com\/guialimeira.com.br\/news\/wp-content\/uploads\/2025\/04\/ubs.png?fit=1024%2C1024&ssl=1","_links":{"self":[{"href":"https:\/\/guialimeira.com.br\/news\/wp-json\/wp\/v2\/posts\/30722","targetHints":{"allow":["GET"]}}],"collection":[{"href":"https:\/\/guialimeira.com.br\/news\/wp-json\/wp\/v2\/posts"}],"about":[{"href":"https:\/\/guialimeira.com.br\/news\/wp-json\/wp\/v2\/types\/post"}],"author":[{"embeddable":true,"href":"https:\/\/guialimeira.com.br\/news\/wp-json\/wp\/v2\/users\/1"}],"replies":[{"embeddable":true,"href":"https:\/\/guialimeira.com.br\/news\/wp-json\/wp\/v2\/comments?post=30722"}],"version-history":[{"count":1,"href":"https:\/\/guialimeira.com.br\/news\/wp-json\/wp\/v2\/posts\/30722\/revisions"}],"predecessor-version":[{"id":30724,"href":"https:\/\/guialimeira.com.br\/news\/wp-json\/wp\/v2\/posts\/30722\/revisions\/30724"}],"wp:featuredmedia":[{"embeddable":true,"href":"https:\/\/guialimeira.com.br\/news\/wp-json\/wp\/v2\/media\/30723"}],"wp:attachment":[{"href":"https:\/\/guialimeira.com.br\/news\/wp-json\/wp\/v2\/media?parent=30722"}],"wp:term":[{"taxonomy":"category","embeddable":true,"href":"https:\/\/guialimeira.com.br\/news\/wp-json\/wp\/v2\/categories?post=30722"},{"taxonomy":"post_tag","embeddable":true,"href":"https:\/\/guialimeira.com.br\/news\/wp-json\/wp\/v2\/tags?post=30722"}],"curies":[{"name":"wp","href":"https:\/\/api.w.org\/{rel}","templated":true}]}}