{"id":30710,"date":"2025-04-16T18:30:47","date_gmt":"2025-04-16T21:30:47","guid":{"rendered":"https:\/\/guialimeira.com.br\/2025\/04\/16\/apos-asilo-diplomatico-esposa-de-ex-presidente-do-peru-chega-ao-brasi\/"},"modified":"2025-04-16T18:30:47","modified_gmt":"2025-04-16T21:30:47","slug":"apos-asilo-diplomatico-esposa-de-ex-presidente-do-peru-chega-ao-brasi","status":"publish","type":"post","link":"https:\/\/guialimeira.com.br\/news\/apos-asilo-diplomatico-esposa-de-ex-presidente-do-peru-chega-ao-brasi\/","title":{"rendered":"Ap\u00f3s asilo diplom\u00e1tico, esposa de ex-presidente do Peru chega ao Brasi"},"content":{"rendered":"<p> <br \/>\n<\/p>\n<div>\n<p><strong>O Pal\u00e1cio do Itamaraty informou nesta quarta-feira (16) que Nadine Heredia Alarc\u00f3n, esposa do ex-presidente do Peru Ollanta Humala, j\u00e1 est\u00e1 em solo brasileiro ap\u00f3s ter o pedido de asilo diplom\u00e1tico concedido pelo governo federal. Ela veio acompanhada pelo filho Samir Ollanta Humala Heredia, que \u00e9 menor de idade. Ambos desembarcaram na manh\u00e3, em local n\u00e3o informado.<\/strong><img data-recalc-dims=\"1\" decoding=\"async\" src=\"https:\/\/i0.wp.com\/agenciabrasil.ebc.com.br\/ebc.png?w=696&#038;ssl=1\" style=\"width:1px; height:1px; display:inline;\"\/><img data-recalc-dims=\"1\" decoding=\"async\" src=\"https:\/\/i0.wp.com\/agenciabrasil.ebc.com.br\/ebc.gif?w=696&#038;ssl=1\" style=\"width:1px; height:1px; display:inline;\"\/><\/p>\n<p>O Terceiro Juizado Criminal de Lima, capital peruana, <a href=\"https:\/\/agenciabrasil.ebc.com.br\/internacional\/noticia\/2025-04\/justica-peruana-condena-ex-presidente-por-receber-propina-da-odebrecht\" target=\"_blank\" rel=\"noopener\">condenou<\/a> Nadine Heredia e Ollanta Humala a 15 anos de deten\u00e7\u00e3o por lavagem de dinheiro, sob acusa\u00e7\u00e3o de terem recebido valores il\u00edcitos para campanha pol\u00edtica, em 2011, em um caso envolvendo a construtora brasileira Odebrecht, que atua h\u00e1 d\u00e9cadas no pa\u00eds vizinho.<\/p>\n<p><strong>Antes da divulga\u00e7\u00e3o das senten\u00e7as, <a href=\"https:\/\/agenciabrasil.ebc.com.br\/internacional\/noticia\/2025-04\/esposa-de-ex-presidente-do-peru-pede-asilo-ao-brasil-apos-condenacao\" target=\"_blank\" rel=\"noopener\">Nadine e Samir se abrigaram na embaixada do Brasil em Lima<\/a>, onde obtiveram a concess\u00e3o de asilo diplom\u00e1tico, nos termos da Conven\u00e7\u00e3o de Asilo Diplom\u00e1tico, da ambos os pa\u00edses s\u00e3o parte.<\/strong><\/p>\n<blockquote>\n<p>&#8220;Nos termos do Artigo XII da mencionada Conven\u00e7\u00e3o, o governo do Peru outorgou as garantias e o salvo conduto correspondente, permitindo que a senhora Alarc\u00f3n e o seu filho pudessem deixar o territ\u00f3rio peruano, com destino ao territ\u00f3rio brasileiro. A senhora Alarc\u00f3n e o seu filho passar\u00e3o, agora, pelos procedimentos necess\u00e1rios para sua regulariza\u00e7\u00e3o migrat\u00f3ria no Brasil&#8221;, informou o Itamaraty.<\/p>\n<\/blockquote>\n<p><strong>J\u00e1 o ex-presidente peruano, que governou o pa\u00eds entre 2011 e 2016, decidiu cumprir a condena\u00e7\u00e3o em seu pa\u00eds<\/strong>. Ele dever\u00e1 cumprir a pris\u00e3o em uma base policial especialmente constru\u00edda para abrigar os ex-presidentes do pa\u00eds, onde Alejandro Toledo e Pedro Castillo est\u00e3o atualmente detidos.<\/p>\n<p><strong>De acordo com a promotoria, Humala e esposa teriam aumentado suas riquezas pessoais gra\u00e7as \u00e0 &#8220;contribui\u00e7\u00e3o il\u00edcita&#8221; feita pela Odebrecht, agora conhecida como Novonor, e pela OAS, outra empreiteira brasileira. Os recursos eram destinados \u00e0 sua campanha eleitoral.<\/strong><\/p>\n<h2>Defesa de Humala e Nadine<\/h2>\n<p>O advogado Leonardo Massud, do escrit\u00f3rio Massud, Sarcedo e Andrade, em S\u00e3o Paulo, que assessora a defesa do ex-presidente peruano Ollanta Humala, disse que ele e a ex-primeira-dama Nadine Heredia n\u00e3o deveriam ter suas pris\u00f5es decretadas.<\/p>\n<blockquote>\n<p>&#8220;A Corte de Primeira Inst\u00e2ncia demonstrou ainda mais a brutalidade da decis\u00e3o, emitindo ordem imediata de pris\u00e3o a quem ainda deve ser presumidamente considerado inocente e que sempre cumpriu com todos os chamados processuais.&#8221; \u00a0<\/p>\n<\/blockquote>\n<p>Em julho do ano passado, a Justi\u00e7a peruana chegou a conceder e, depois, revogou autoriza\u00e7\u00e3o para que a ex-primeira-dama fosse \u00e0 Col\u00f4mbia para se submeter a um tratamento de sa\u00fade. \u00a0<\/p>\n<p>O escrit\u00f3rio de advocacia que defende Humala e Nadine levaram \u00e0 Justi\u00e7a do Peru os argumentos que, no Brasil, serviram para inocentar os acusados da Lava Jato, como a obten\u00e7\u00e3o il\u00edcita de provas e a falta de delitos antecedentes ao crime de lavagem de dinheiro \u2014 o que \u00e9 exigido naquele pa\u00eds.<\/p>\n<p><strong>Segundo o advogado brasileiro, a Justi\u00e7a peruana aceitou a palavra de delatores que se beneficiaram dos acordos que fizeram<\/strong>.<\/p>\n<blockquote>\n<p>&#8220;Isso permitiu, inclusive, que eles se ausentassem do pa\u00eds levando enorme patrim\u00f4nio, sem qualquer prova de corrobora\u00e7\u00e3o das suas declara\u00e7\u00f5es&#8221;, diz Massud.<\/p>\n<\/blockquote>\n<h2>Poss\u00edvel persegui\u00e7\u00e3o<\/h2>\n<p>Ainda de acordo com o advogado, o entendimento do Tribunal peruano seguiu na mesma linha que o Tribunal Regional Federal da 4\u00aa Regi\u00e3o (TRF4) brasileiro, quando da condena\u00e7\u00e3o dos envolvidos na Lava Jato, ignorando a obten\u00e7\u00e3o de provas de maneira il\u00edcita, tese que acabou prosperando no Supremo Tribunal Federal (STF).<\/p>\n<blockquote>\n<p>&#8220;Como advogado que trabalhou na obten\u00e7\u00e3o de documentos, provas e declara\u00e7\u00f5es de nulidade para eles aqui no Brasil, posso afirmar que o fundamento da decis\u00e3o ignorou a evidente ilicitude de v\u00e1rias provas e muitas que delas derivaram, tal como ocorrido aqui em casos semelhantes da Lava Jato&#8221;, disse Leonardo Massud. \u00a0 \u00a0 \u00a0<\/p>\n<\/blockquote>\n<p><strong>Para o professor de Rela\u00e7\u00f5es Internacionais da ESPM Porto Alegre, Roberto Uebel, que \u00e9 doutor em Estudos Estrat\u00e9gicos Internacionais pela Universidade Federal do Rio Grande do Sul (UFRGS), \u00e9 dif\u00edcil classificar a condena\u00e7\u00e3o de Humala e Nadine como <em>lawfare<\/em>, termo que designa o uso instrumentos jur\u00eddicos para fins de persegui\u00e7\u00e3o pol\u00edtica, e destrui\u00e7\u00e3o da imagem p\u00fablica<\/strong>.<\/p>\n<blockquote>\n<p>&#8220;A Lava Jato, no Peru, de fato se inspira muito na Lava Jato brasileira. O alvo dela \u00e9 o Ollanta Humala, que \u00e9 uma figura pol\u00edtica importante. Eu n\u00e3o o vejo como um candidato nas pr\u00f3ximas elei\u00e7\u00f5es, mas ele ainda tem uma base [social] muito forte no pa\u00eds. Acho que esta condena\u00e7\u00e3o traz quest\u00f5es mistas, tanto quest\u00f5es legais, de implica\u00e7\u00f5es legais, como tamb\u00e9m uma quest\u00e3o pol\u00edtica, mas eu n\u00e3o cravaria essencialmente como lawfare&#8221;, opinou o docente em entrevista \u00e0 <strong>Ag\u00eancia Brasil<\/strong>.<\/p>\n<\/blockquote>\n<p><em>*Colaborou Lucas Pordeus Le\u00f3n, rep\u00f3rter da <strong>Ag\u00eancia Brasil<\/strong><\/em><\/p>\n<p>      <!-- Relacionada --><\/p>\n<p>            <!-- Relacionada -->\n    <\/div>\n<p><br \/>\n<br \/><a href=\"https:\/\/agenciabrasil.ebc.com.br\/internacional\/noticia\/2025-04\/apos-asilo-diplomatico-esposa-de-ex-presidente-do-peru-chega-ao-brasi\" rel=\"noopener\">Ag\u00eancia Brasil <\/a><\/p>\n","protected":false},"excerpt":{"rendered":"<p>O Pal\u00e1cio do Itamaraty informou nesta quarta-feira (16) que Nadine Heredia Alarc\u00f3n, esposa do ex-presidente do Peru Ollanta Humala, j\u00e1 est\u00e1 em solo brasileiro ap\u00f3s ter o pedido de asilo diplom\u00e1tico concedido pelo governo federal. Ela veio acompanhada pelo filho Samir Ollanta Humala Heredia, que \u00e9 menor de idade. Ambos desembarcaram na manh\u00e3, em local [&hellip;]<\/p>\n","protected":false},"author":1,"featured_media":30711,"comment_status":"open","ping_status":"open","sticky":false,"template":"","format":"standard","meta":{"_jetpack_newsletter_access":"","_jetpack_dont_email_post_to_subs":false,"_jetpack_newsletter_tier_id":0,"_jetpack_memberships_contains_paywalled_content":false,"_mbp_banners":[],"_jetpack_feature_clip_id":0,"_jetpack_memberships_contains_paid_content":false,"footnotes":"","jetpack_publicize_message":"","jetpack_publicize_feature_enabled":true,"jetpack_social_post_already_shared":true,"jetpack_social_options":{"image_generator_settings":{"template":"highway","default_image_id":0,"font":"","enabled":false},"version":2},"jetpack_post_was_ever_published":false},"categories":[25],"tags":[],"class_list":["post-30710","post","type-post","status-publish","format-standard","has-post-thumbnail","category-internacional"],"jetpack_publicize_connections":[],"jetpack-related-posts":[],"jetpack_shortlink":"https:\/\/wp.me\/p7Eq1F-7Zk","jetpack_sharing_enabled":true,"jetpack_featured_media_url":"https:\/\/i0.wp.com\/guialimeira.com.br\/news\/wp-content\/uploads\/2025\/04\/8249593097_c94c694aa0_o.jpg?fit=1600%2C800&ssl=1","_links":{"self":[{"href":"https:\/\/guialimeira.com.br\/news\/wp-json\/wp\/v2\/posts\/30710","targetHints":{"allow":["GET"]}}],"collection":[{"href":"https:\/\/guialimeira.com.br\/news\/wp-json\/wp\/v2\/posts"}],"about":[{"href":"https:\/\/guialimeira.com.br\/news\/wp-json\/wp\/v2\/types\/post"}],"author":[{"embeddable":true,"href":"https:\/\/guialimeira.com.br\/news\/wp-json\/wp\/v2\/users\/1"}],"replies":[{"embeddable":true,"href":"https:\/\/guialimeira.com.br\/news\/wp-json\/wp\/v2\/comments?post=30710"}],"version-history":[{"count":0,"href":"https:\/\/guialimeira.com.br\/news\/wp-json\/wp\/v2\/posts\/30710\/revisions"}],"wp:featuredmedia":[{"embeddable":true,"href":"https:\/\/guialimeira.com.br\/news\/wp-json\/wp\/v2\/media\/30711"}],"wp:attachment":[{"href":"https:\/\/guialimeira.com.br\/news\/wp-json\/wp\/v2\/media?parent=30710"}],"wp:term":[{"taxonomy":"category","embeddable":true,"href":"https:\/\/guialimeira.com.br\/news\/wp-json\/wp\/v2\/categories?post=30710"},{"taxonomy":"post_tag","embeddable":true,"href":"https:\/\/guialimeira.com.br\/news\/wp-json\/wp\/v2\/tags?post=30710"}],"curies":[{"name":"wp","href":"https:\/\/api.w.org\/{rel}","templated":true}]}}