{"id":3068,"date":"2024-04-29T10:43:47","date_gmt":"2024-04-29T13:43:47","guid":{"rendered":"https:\/\/guialimeira.com.br\/2024\/04\/29\/calendario-define-areas-em-emergencia-ambiental-por-incendio-florestal\/"},"modified":"2024-04-29T10:43:47","modified_gmt":"2024-04-29T13:43:47","slug":"calendario-define-areas-em-emergencia-ambiental-por-incendio-florestal","status":"publish","type":"post","link":"https:\/\/guialimeira.com.br\/news\/calendario-define-areas-em-emergencia-ambiental-por-incendio-florestal\/","title":{"rendered":"Calend\u00e1rio define \u00e1reas em emerg\u00eancia ambiental por inc\u00eandio florestal"},"content":{"rendered":"<p> <br \/>\n<\/p>\n<div>\n<p>A cada ano, o Minist\u00e9rio do Meio Ambiente e Mudan\u00e7a do Clima publica um calend\u00e1rio que declara &#8211; por per\u00edodos &#8211; emerg\u00eancia ambiental em estados e regi\u00f5es mais suscet\u00edveis aos inc\u00eandios florestais. A estrat\u00e9gia possibilita o planejamento anual do Programa de Brigadas Federais do Centro Nacional de Preven\u00e7\u00e3o e Combate aos Inc\u00eandios Florestais (Prevfogo).<img data-recalc-dims=\"1\" decoding=\"async\" src=\"https:\/\/i0.wp.com\/agenciabrasil.ebc.com.br\/ebc.png?w=696&#038;ssl=1\" style=\"width:1px; height:1px; display:inline;\"\/><img data-recalc-dims=\"1\" decoding=\"async\" src=\"https:\/\/i0.wp.com\/agenciabrasil.ebc.com.br\/ebc.gif?w=696&#038;ssl=1\" style=\"width:1px; height:1px; display:inline;\"\/><\/p>\n<p>Segundo o Instituto Brasileiro do Meio Ambiente e dos Recursos Naturais Renov\u00e1veis (Ibama), a situa\u00e7\u00e3o de emerg\u00eancia ambiental acontece quando um desastre natural ou uma falha humana cria uma amea\u00e7a ao meio ambiente ou \u00e0 sa\u00fade p\u00fablica. Nesses casos, \u00e9 necess\u00e1ria a ado\u00e7\u00e3o de medidas para reverter essa condi\u00e7\u00e3o.<\/p>\n<p>Embora as a\u00e7\u00f5es sejam de responsabilidade compartilhada entre os entes federados, conforme prev\u00ea a Constitui\u00e7\u00e3o, o Ibama mant\u00e9m iniciativas preventivas &#8211; por meio do Prevfogo &#8211; alinhadas aos dados de monitoramento de inc\u00eandio e \u00e1reas de queimadas no pa\u00eds.<\/p>\n<h2>Brigadistas<\/h2>\n<p>O risco iminente j\u00e1 justifica a contrata\u00e7\u00e3o de brigadistas para \u201catender a necessidade tempor\u00e1ria de excepcional interesse p\u00fablico\u201d, conforme prev\u00ea a Lei 8.745\/1993. Para cada per\u00edodo e regi\u00e3o, o Ibama, contrata brigadas especializadas em biomas, com agentes ind\u00edgenas, quilombolas e de comunidades que conhe\u00e7am o territ\u00f3rio e possam contribuir de forma efetiva com as a\u00e7\u00f5es preventivas.<\/p>\n<p>Confira na portaria publicada nesta segunda-feira (29), no<a href=\"http:\/\/www.in.gov.br\/web\/dou\/-\/portaria-gm\/mma-n-1.052-de-25-de-abril-de-2024-556536031\" target=\"_blank\" rel=\"noopener\"><em> Di\u00e1rio Oficial da Uni\u00e3o<\/em><\/a>, os per\u00edodos e regi\u00f5es que tiveram situa\u00e7\u00e3o de emerg\u00eancia ambiental declarada no per\u00edodo de fevereiro de 2024 a abril de 2025.<\/p>\n<p>\u00a0<\/p>\n<\/p><\/div>\n<p><br \/>\n<br \/><a href=\"https:\/\/agenciabrasil.ebc.com.br\/geral\/noticia\/2024-04\/calendario-define-areas-em-emergencia-ambiental-por-incendio-florestal\" rel=\"noopener\">Ag\u00eancia Brasil<\/a><\/p>\n","protected":false},"excerpt":{"rendered":"<p>A cada ano, o Minist\u00e9rio do Meio Ambiente e Mudan\u00e7a do Clima publica um calend\u00e1rio que declara &#8211; por per\u00edodos &#8211; emerg\u00eancia ambiental em estados e regi\u00f5es mais suscet\u00edveis aos inc\u00eandios florestais. A estrat\u00e9gia possibilita o planejamento anual do Programa de Brigadas Federais do Centro Nacional de Preven\u00e7\u00e3o e Combate aos Inc\u00eandios Florestais (Prevfogo). Segundo [&hellip;]<\/p>\n","protected":false},"author":1,"featured_media":3069,"comment_status":"open","ping_status":"open","sticky":false,"template":"","format":"standard","meta":{"_jetpack_newsletter_access":"","_jetpack_dont_email_post_to_subs":false,"_jetpack_newsletter_tier_id":0,"_jetpack_memberships_contains_paywalled_content":false,"_mbp_banners":[],"_jetpack_feature_clip_id":0,"_jetpack_memberships_contains_paid_content":false,"footnotes":"","jetpack_publicize_message":"","jetpack_publicize_feature_enabled":true,"jetpack_social_post_already_shared":true,"jetpack_social_options":{"image_generator_settings":{"template":"highway","default_image_id":0,"font":"","enabled":false},"version":2},"jetpack_post_was_ever_published":false},"categories":[1],"tags":[],"class_list":["post-3068","post","type-post","status-publish","format-standard","has-post-thumbnail","category-geral"],"jetpack_publicize_connections":[],"jetpack-related-posts":[],"jetpack_shortlink":"https:\/\/wp.me\/p7Eq1F-Nu","jetpack_sharing_enabled":true,"jetpack_featured_media_url":"https:\/\/i0.wp.com\/guialimeira.com.br\/news\/wp-content\/uploads\/2024\/04\/whatsapp_image_2019-09-16_at_18.34.09.jpeg?fit=1600%2C800&ssl=1","_links":{"self":[{"href":"https:\/\/guialimeira.com.br\/news\/wp-json\/wp\/v2\/posts\/3068","targetHints":{"allow":["GET"]}}],"collection":[{"href":"https:\/\/guialimeira.com.br\/news\/wp-json\/wp\/v2\/posts"}],"about":[{"href":"https:\/\/guialimeira.com.br\/news\/wp-json\/wp\/v2\/types\/post"}],"author":[{"embeddable":true,"href":"https:\/\/guialimeira.com.br\/news\/wp-json\/wp\/v2\/users\/1"}],"replies":[{"embeddable":true,"href":"https:\/\/guialimeira.com.br\/news\/wp-json\/wp\/v2\/comments?post=3068"}],"version-history":[{"count":0,"href":"https:\/\/guialimeira.com.br\/news\/wp-json\/wp\/v2\/posts\/3068\/revisions"}],"wp:featuredmedia":[{"embeddable":true,"href":"https:\/\/guialimeira.com.br\/news\/wp-json\/wp\/v2\/media\/3069"}],"wp:attachment":[{"href":"https:\/\/guialimeira.com.br\/news\/wp-json\/wp\/v2\/media?parent=3068"}],"wp:term":[{"taxonomy":"category","embeddable":true,"href":"https:\/\/guialimeira.com.br\/news\/wp-json\/wp\/v2\/categories?post=3068"},{"taxonomy":"post_tag","embeddable":true,"href":"https:\/\/guialimeira.com.br\/news\/wp-json\/wp\/v2\/tags?post=3068"}],"curies":[{"name":"wp","href":"https:\/\/api.w.org\/{rel}","templated":true}]}}