{"id":30668,"date":"2025-04-16T16:14:20","date_gmt":"2025-04-16T19:14:20","guid":{"rendered":"https:\/\/guialimeira.com.br\/?p=30668"},"modified":"2025-04-16T16:14:21","modified_gmt":"2025-04-16T19:14:21","slug":"vereadora-lu-bogo-cobra-informacoes-sobre-aumento-de-casos-de-herpes-zoster-em-limeira","status":"publish","type":"post","link":"https:\/\/guialimeira.com.br\/news\/vereadora-lu-bogo-cobra-informacoes-sobre-aumento-de-casos-de-herpes-zoster-em-limeira\/","title":{"rendered":"Vereadora Lu Bogo cobra informa\u00e7\u00f5es sobre aumento de casos de herpes zoster em Limeira"},"content":{"rendered":"\n<p class=\"wp-block-paragraph\">Preocupada com a crescente demanda por atendimento e informa\u00e7\u00f5es sobre a <strong>herpes zoster<\/strong> na rede p\u00fablica de sa\u00fade, a vereadora <strong>Lu Bogo (PL)<\/strong> protocolou o <strong>Requerimento n\u00ba 272\/2025<\/strong>, solicitando dados oficiais ao Poder Executivo sobre a incid\u00eancia da doen\u00e7a no munic\u00edpio de Limeira.<\/p>\n\n\n\n<p class=\"wp-block-paragraph\">Segundo a parlamentar, <strong>muitas pessoas t\u00eam buscado diagn\u00f3stico e tratamento<\/strong> de forma tardia, confundindo os sintomas com alergias ou outros problemas dermatol\u00f3gicos, o que pode levar a complica\u00e7\u00f5es graves se n\u00e3o houver atendimento adequado.<\/p>\n\n\n\n<h3 class=\"wp-block-heading\">\ud83d\udcca O que a vereadora quer saber:<\/h3>\n\n\n\n<p class=\"wp-block-paragraph\">No requerimento, foram solicitadas as seguintes informa\u00e7\u00f5es:<\/p>\n\n\n\n<ol class=\"wp-block-list\">\n<li><strong>N\u00famero de casos notificados<\/strong> de herpes zoster nos \u00faltimos seis meses;<\/li>\n\n\n\n<li>Se h\u00e1 <strong>mapeamento regional<\/strong> das \u00e1reas com maior incid\u00eancia da doen\u00e7a;<\/li>\n\n\n\n<li>Caso n\u00e3o exista mapeamento, qual o motivo da aus\u00eancia;<\/li>\n\n\n\n<li><strong>Faixa et\u00e1ria predominante<\/strong> entre os pacientes que buscaram tratamento;<\/li>\n\n\n\n<li>Se h\u00e1 <strong>vacina dispon\u00edvel na rede municipal<\/strong> para preven\u00e7\u00e3o da doen\u00e7a;<\/li>\n\n\n\n<li>Quais s\u00e3o os <strong>sintomas t\u00edpicos<\/strong> da herpes zoster;<\/li>\n\n\n\n<li>E qual o <strong>protocolo de orienta\u00e7\u00e3o<\/strong> \u00e0 popula\u00e7\u00e3o para prevenir novos casos.<\/li>\n<\/ol>\n\n\n\n<h3 class=\"wp-block-heading\">\ud83d\udd0e Import\u00e2ncia da preven\u00e7\u00e3o e da informa\u00e7\u00e3o<\/h3>\n\n\n\n<p class=\"wp-block-paragraph\">A vereadora refor\u00e7a que, por se tratar de uma doen\u00e7a que pode passar despercebida nas fases iniciais, <strong>a popula\u00e7\u00e3o precisa estar bem informada<\/strong> para reconhecer os sintomas e procurar atendimento m\u00e9dico o quanto antes. Al\u00e9m disso, ela destaca a necessidade da vacina como forma preventiva, especialmente para grupos de risco, como idosos e pessoas imunossuprimidas.<\/p>\n\n\n\n<blockquote class=\"wp-block-quote is-layout-flow wp-block-quote-is-layout-flow\">\n<p class=\"wp-block-paragraph\">\u201cA falta de informa\u00e7\u00e3o leva ao diagn\u00f3stico tardio. \u00c9 papel do poder p\u00fablico garantir acesso ao tratamento e \u00e0s formas de preven\u00e7\u00e3o, com base em dados concretos e mapeamento regional\u201d, afirma Lu Bogo.<\/p>\n<\/blockquote>\n\n\n\n<h3 class=\"wp-block-heading\">\ud83d\uddfa\ufe0f Mapeamento e faixa et\u00e1ria: dados essenciais para pol\u00edticas p\u00fablicas<\/h3>\n\n\n\n<p class=\"wp-block-paragraph\">Al\u00e9m dos n\u00fameros, o requerimento busca identificar <strong>onde est\u00e3o concentrados os casos<\/strong> e <strong>qual o perfil da popula\u00e7\u00e3o mais afetada<\/strong>. Com isso, ser\u00e1 poss\u00edvel direcionar campanhas educativas, refor\u00e7ar as a\u00e7\u00f5es de preven\u00e7\u00e3o e, se necess\u00e1rio, ampliar a oferta de vacina\u00e7\u00e3o.<\/p>\n","protected":false},"excerpt":{"rendered":"<p>Segundo a parlamentar, muitas pessoas t\u00eam buscado diagn\u00f3stico e tratamento de forma tardia, confundindo os sintomas com alergias ou outros problemas dermatol\u00f3gicos, o que pode levar a complica\u00e7\u00f5es graves se n\u00e3o houver atendimento adequado.<\/p>\n","protected":false},"author":1,"featured_media":30669,"comment_status":"open","ping_status":"open","sticky":false,"template":"","format":"standard","meta":{"_jetpack_newsletter_access":"","_jetpack_dont_email_post_to_subs":false,"_jetpack_newsletter_tier_id":0,"_jetpack_memberships_contains_paywalled_content":false,"_mbp_banners":[],"_jetpack_feature_clip_id":0,"_jetpack_memberships_contains_paid_content":false,"footnotes":"","jetpack_publicize_message":"","jetpack_publicize_feature_enabled":true,"jetpack_social_post_already_shared":true,"jetpack_social_options":{"image_generator_settings":{"template":"highway","default_image_id":0,"font":"","enabled":false},"version":2},"jetpack_post_was_ever_published":false},"categories":[20,15],"tags":[],"class_list":["post-30668","post","type-post","status-publish","format-standard","has-post-thumbnail","category-regiao","category-saude"],"jetpack_publicize_connections":[],"jetpack-related-posts":[],"jetpack_shortlink":"https:\/\/wp.me\/p7Eq1F-7YE","jetpack_sharing_enabled":true,"jetpack_featured_media_url":"https:\/\/i0.wp.com\/guialimeira.com.br\/news\/wp-content\/uploads\/2025\/04\/horster.png?fit=1024%2C1024&ssl=1","_links":{"self":[{"href":"https:\/\/guialimeira.com.br\/news\/wp-json\/wp\/v2\/posts\/30668","targetHints":{"allow":["GET"]}}],"collection":[{"href":"https:\/\/guialimeira.com.br\/news\/wp-json\/wp\/v2\/posts"}],"about":[{"href":"https:\/\/guialimeira.com.br\/news\/wp-json\/wp\/v2\/types\/post"}],"author":[{"embeddable":true,"href":"https:\/\/guialimeira.com.br\/news\/wp-json\/wp\/v2\/users\/1"}],"replies":[{"embeddable":true,"href":"https:\/\/guialimeira.com.br\/news\/wp-json\/wp\/v2\/comments?post=30668"}],"version-history":[{"count":1,"href":"https:\/\/guialimeira.com.br\/news\/wp-json\/wp\/v2\/posts\/30668\/revisions"}],"predecessor-version":[{"id":30672,"href":"https:\/\/guialimeira.com.br\/news\/wp-json\/wp\/v2\/posts\/30668\/revisions\/30672"}],"wp:featuredmedia":[{"embeddable":true,"href":"https:\/\/guialimeira.com.br\/news\/wp-json\/wp\/v2\/media\/30669"}],"wp:attachment":[{"href":"https:\/\/guialimeira.com.br\/news\/wp-json\/wp\/v2\/media?parent=30668"}],"wp:term":[{"taxonomy":"category","embeddable":true,"href":"https:\/\/guialimeira.com.br\/news\/wp-json\/wp\/v2\/categories?post=30668"},{"taxonomy":"post_tag","embeddable":true,"href":"https:\/\/guialimeira.com.br\/news\/wp-json\/wp\/v2\/tags?post=30668"}],"curies":[{"name":"wp","href":"https:\/\/api.w.org\/{rel}","templated":true}]}}