{"id":30665,"date":"2025-04-16T16:00:18","date_gmt":"2025-04-16T19:00:18","guid":{"rendered":"https:\/\/guialimeira.com.br\/?p=30665"},"modified":"2025-04-16T16:00:21","modified_gmt":"2025-04-16T19:00:21","slug":"mariana-calsa-cobra-transparencia-sobre-rescisoes-contratuais-de-comissionados-em-limeira","status":"publish","type":"post","link":"https:\/\/guialimeira.com.br\/news\/mariana-calsa-cobra-transparencia-sobre-rescisoes-contratuais-de-comissionados-em-limeira\/","title":{"rendered":"Mariana Calsa cobra transpar\u00eancia sobre rescis\u00f5es contratuais de comissionados em Limeira"},"content":{"rendered":"\n<p class=\"wp-block-paragraph\">A vereadora <strong>Mariana Silva Calsa<\/strong> (Progressistas) apresentou \u00e0 C\u00e2mara Municipal o <strong>Requerimento n\u00ba 275\/2025<\/strong>, solicitando ao Poder Executivo informa\u00e7\u00f5es detalhadas sobre as <strong>rescis\u00f5es contratuais de servidores comissionados<\/strong> realizadas ao final de 2024 e in\u00edcio de 2025, per\u00edodo marcado pela transi\u00e7\u00e3o de governo em Limeira.<\/p>\n\n\n\n<p class=\"wp-block-paragraph\">O objetivo \u00e9 garantir que os desligamentos tenham seguido os princ\u00edpios da legalidade, impessoalidade e economicidade, e que os recursos p\u00fablicos tenham sido aplicados corretamente.<\/p>\n\n\n\n<h3 class=\"wp-block-heading\">\ud83d\udccb Informa\u00e7\u00f5es solicitadas pela vereadora:<\/h3>\n\n\n\n<ol class=\"wp-block-list\">\n<li><strong>Quantos diretores e secret\u00e1rios municipais<\/strong>, vinculados \u00e0 administra\u00e7\u00e3o direta e indireta, tiveram seus contratos encerrados entre dezembro de 2024 e janeiro de 2025?<br>\u27a4 A vereadora solicita a lista com <strong>nomes, cargos e datas de desligamento<\/strong>.<\/li>\n\n\n\n<li><strong>Quais valores foram pagos como verbas rescis\u00f3rias?<\/strong><br>\u27a4 O pedido inclui a <strong>discrimina\u00e7\u00e3o de cada tipo de verba<\/strong> recebida (como f\u00e9rias proporcionais, 13\u00ba sal\u00e1rio, etc.), al\u00e9m da <strong>c\u00f3pia dos termos de rescis\u00e3o<\/strong> e documentos correspondentes.<\/li>\n<\/ol>\n\n\n\n<h3 class=\"wp-block-heading\">\ud83e\uddfe Justificativa do requerimento<\/h3>\n\n\n\n<p class=\"wp-block-paragraph\">Segundo Mariana Calsa, o pedido visa garantir o exerc\u00edcio do poder fiscalizat\u00f3rio do Legislativo, especialmente em momentos de mudan\u00e7a administrativa. Para ela, \u00e9 fundamental que os atos praticados no encerramento da gest\u00e3o anterior sejam analisados com aten\u00e7\u00e3o.<\/p>\n\n\n\n<blockquote class=\"wp-block-quote is-layout-flow wp-block-quote-is-layout-flow\">\n<p class=\"wp-block-paragraph\">\u201cTranspar\u00eancia e fiscaliza\u00e7\u00e3o s\u00e3o pilares de um governo comprometido com o bem p\u00fablico. Precisamos ter clareza sobre como os contratos foram encerrados e se os pagamentos seguiram os crit\u00e9rios legais\u201d, afirma a vereadora.<\/p>\n<\/blockquote>\n\n\n\n<h3 class=\"wp-block-heading\">\ud83d\udd0d Por que isso importa?<\/h3>\n\n\n\n<p class=\"wp-block-paragraph\">As <strong>rescis\u00f5es contratuais de comissionados em Limeira<\/strong> envolvem cargos de confian\u00e7a, que geralmente s\u00e3o substitu\u00eddos a cada nova gest\u00e3o. No entanto, a forma como esses desligamentos ocorrem \u2014 e principalmente os valores pagos \u2014 precisa estar em conformidade com a legisla\u00e7\u00e3o para evitar preju\u00edzos ao er\u00e1rio p\u00fablico e suspeitas de favorecimento pol\u00edtico.<\/p>\n","protected":false},"excerpt":{"rendered":"<p>A vereadora Mariana Silva Calsa (Progressistas) apresentou \u00e0 C\u00e2mara Municipal o Requerimento n\u00ba 275\/2025, solicitando ao Poder Executivo informa\u00e7\u00f5es detalhadas sobre as rescis\u00f5es contratuais de servidores comissionados realizadas ao final de 2024 e in\u00edcio de 2025, per\u00edodo marcado pela transi\u00e7\u00e3o de governo em Limeira. O objetivo \u00e9 garantir que os desligamentos tenham seguido os princ\u00edpios [&hellip;]<\/p>\n","protected":false},"author":1,"featured_media":30666,"comment_status":"open","ping_status":"open","sticky":false,"template":"","format":"standard","meta":{"_jetpack_newsletter_access":"","_jetpack_dont_email_post_to_subs":false,"_jetpack_newsletter_tier_id":0,"_jetpack_memberships_contains_paywalled_content":false,"_mbp_banners":[],"_jetpack_feature_clip_id":0,"_jetpack_memberships_contains_paid_content":false,"footnotes":"","jetpack_publicize_message":"","jetpack_publicize_feature_enabled":true,"jetpack_social_post_already_shared":true,"jetpack_social_options":{"image_generator_settings":{"template":"highway","default_image_id":0,"font":"","enabled":false},"version":2},"jetpack_post_was_ever_published":false},"categories":[19],"tags":[],"class_list":["post-30665","post","type-post","status-publish","format-standard","has-post-thumbnail","category-politica"],"jetpack_publicize_connections":[],"jetpack-related-posts":[],"jetpack_shortlink":"https:\/\/wp.me\/p7Eq1F-7YB","jetpack_sharing_enabled":true,"jetpack_featured_media_url":"https:\/\/i0.wp.com\/guialimeira.com.br\/news\/wp-content\/uploads\/2025\/04\/comissionados.png?fit=1024%2C1024&ssl=1","_links":{"self":[{"href":"https:\/\/guialimeira.com.br\/news\/wp-json\/wp\/v2\/posts\/30665","targetHints":{"allow":["GET"]}}],"collection":[{"href":"https:\/\/guialimeira.com.br\/news\/wp-json\/wp\/v2\/posts"}],"about":[{"href":"https:\/\/guialimeira.com.br\/news\/wp-json\/wp\/v2\/types\/post"}],"author":[{"embeddable":true,"href":"https:\/\/guialimeira.com.br\/news\/wp-json\/wp\/v2\/users\/1"}],"replies":[{"embeddable":true,"href":"https:\/\/guialimeira.com.br\/news\/wp-json\/wp\/v2\/comments?post=30665"}],"version-history":[{"count":1,"href":"https:\/\/guialimeira.com.br\/news\/wp-json\/wp\/v2\/posts\/30665\/revisions"}],"predecessor-version":[{"id":30667,"href":"https:\/\/guialimeira.com.br\/news\/wp-json\/wp\/v2\/posts\/30665\/revisions\/30667"}],"wp:featuredmedia":[{"embeddable":true,"href":"https:\/\/guialimeira.com.br\/news\/wp-json\/wp\/v2\/media\/30666"}],"wp:attachment":[{"href":"https:\/\/guialimeira.com.br\/news\/wp-json\/wp\/v2\/media?parent=30665"}],"wp:term":[{"taxonomy":"category","embeddable":true,"href":"https:\/\/guialimeira.com.br\/news\/wp-json\/wp\/v2\/categories?post=30665"},{"taxonomy":"post_tag","embeddable":true,"href":"https:\/\/guialimeira.com.br\/news\/wp-json\/wp\/v2\/tags?post=30665"}],"curies":[{"name":"wp","href":"https:\/\/api.w.org\/{rel}","templated":true}]}}