{"id":30661,"date":"2025-04-16T15:39:04","date_gmt":"2025-04-16T18:39:04","guid":{"rendered":"https:\/\/guialimeira.com.br\/?p=30661"},"modified":"2025-04-16T15:39:06","modified_gmt":"2025-04-16T18:39:06","slug":"aquisicao-de-ovos-de-pascoa-levanta-duvidas-sobre-planejamento-e-economia-na-prefeitura-de-limeira","status":"publish","type":"post","link":"https:\/\/guialimeira.com.br\/news\/aquisicao-de-ovos-de-pascoa-levanta-duvidas-sobre-planejamento-e-economia-na-prefeitura-de-limeira\/","title":{"rendered":"Aquisi\u00e7\u00e3o de ovos de P\u00e1scoa levanta d\u00favidas sobre planejamento e economia na Prefeitura de Limeira"},"content":{"rendered":"\n<p class=\"wp-block-paragraph\">O vereador <strong>Waguinho da Santa Luzia (Progressistas)<\/strong> protocolou o <strong>Requerimento n\u00ba 273\/2025<\/strong> na C\u00e2mara Municipal de Limeira questionando a Prefeitura sobre o valor <strong>significativamente mais alto<\/strong> pago na compra de ovos de P\u00e1scoa para os alunos da rede municipal neste ano.<\/p>\n\n\n\n<p class=\"wp-block-paragraph\">Segundo o parlamentar, <strong>o munic\u00edpio adquiriu 22.625 ovos de 100g ao custo unit\u00e1rio de R$ 19,50<\/strong>, totalizando <strong>R$ 441.187,50<\/strong>. Em 2024, por\u00e9m, foram compradas <strong>26.000 unidades de 90g por R$ 6,75 cada<\/strong>, com valor total de <strong>R$ 175.500,00<\/strong>. A diferen\u00e7a chamou aten\u00e7\u00e3o e motivou o pedido de esclarecimentos.<\/p>\n\n\n\n<hr class=\"wp-block-separator has-alpha-channel-opacity\"\/>\n\n\n\n<h3 class=\"wp-block-heading\">\ud83d\udcca Comparativo de valores: 2018 a 2025<\/h3>\n\n\n\n<figure class=\"wp-block-table\"><table class=\"has-fixed-layout\"><thead><tr><th>Ano<\/th><th>Quantidade<\/th><th>Peso<\/th><th>Valor unit\u00e1rio<\/th><th>Valor total<\/th><\/tr><\/thead><tbody><tr><td>2018<\/td><td>26.000<\/td><td>90g<\/td><td>R$ 3,15<\/td><td>R$ 81.900,00<\/td><\/tr><tr><td>2019<\/td><td>26.000<\/td><td>90g<\/td><td>R$ 5,15<\/td><td>R$ 133.900,00<\/td><\/tr><tr><td>2020<\/td><td>26.000<\/td><td>90g<\/td><td>R$ 3,29<\/td><td>R$ 85.540,00<\/td><\/tr><tr><td>2021<\/td><td>26.000<\/td><td>90g<\/td><td>R$ 6,99<\/td><td>R$ 181.740,00<\/td><\/tr><tr><td>2022<\/td><td>26.000<\/td><td>90g<\/td><td>R$ 5,70<\/td><td>R$ 148.200,00<\/td><\/tr><tr><td>2023<\/td><td>26.000<\/td><td>90g<\/td><td>R$ 7,13<\/td><td>R$ 185.380,00<\/td><\/tr><tr><td>2024<\/td><td>26.000<\/td><td>90g<\/td><td>R$ 6,75<\/td><td>R$ 175.500,00<\/td><\/tr><tr><td>2025<\/td><td>22.625<\/td><td>100g<\/td><td>R$ 19,50<\/td><td>R$ 441.187,50<\/td><\/tr><\/tbody><\/table><\/figure>\n\n\n\n<hr class=\"wp-block-separator has-alpha-channel-opacity\"\/>\n\n\n\n<h3 class=\"wp-block-heading\">\u2753 Questionamentos feitos \u00e0 Prefeitura:<\/h3>\n\n\n\n<ol class=\"wp-block-list\">\n<li><strong>Por que n\u00e3o houve planejamento antecipado<\/strong> para evitar a discrep\u00e2ncia de valores?<\/li>\n\n\n\n<li><strong>Por que foi cancelado o Preg\u00e3o Eletr\u00f4nico n\u00ba 20\/2025?<\/strong><\/li>\n\n\n\n<li><strong>Qual era o valor unit\u00e1rio previsto no preg\u00e3o cancelado?<\/strong><\/li>\n\n\n\n<li>Como o munic\u00edpio aderiu \u00e0 <strong>Ata de Registro de Pre\u00e7os da Uni\u00e3o dos Munic\u00edpios da M\u00e9dia Sorocabana<\/strong>, mesmo n\u00e3o integrando o cons\u00f3rcio?<\/li>\n\n\n\n<li>Por que a empresa <strong>Sellmar Distribuidora de Alimentos Ltda<\/strong> recebeu R$ 19,50 por unidade, enquanto em 2024 a empresa <strong>Maria Aparecida Baizi Moreira<\/strong> forneceu por R$ 6,75?<\/li>\n<\/ol>\n\n\n\n<hr class=\"wp-block-separator has-alpha-channel-opacity\"\/>\n\n\n\n<h3 class=\"wp-block-heading\">\ud83d\udde3\ufe0f \u201cA fiscaliza\u00e7\u00e3o \u00e9 um dever, n\u00e3o um favor\u201d<\/h3>\n\n\n\n<p class=\"wp-block-paragraph\">Waguinho ressalta que o requerimento tem car\u00e1ter <strong>meramente fiscalizat\u00f3rio<\/strong>, conforme prev\u00ea a Constitui\u00e7\u00e3o Federal e a Lei Org\u00e2nica do Munic\u00edpio. O objetivo \u00e9 garantir transpar\u00eancia no uso dos recursos p\u00fablicos, principalmente quando os valores envolvidos aumentam drasticamente sem justificativa clara.<\/p>\n","protected":false},"excerpt":{"rendered":"<p>O vereador Waguinho da Santa Luzia (Progressistas) protocolou o Requerimento n\u00ba 273\/2025 na C\u00e2mara Municipal de Limeira questionando a Prefeitura sobre o valor significativamente mais alto pago na compra de ovos de P\u00e1scoa para os alunos da rede municipal neste ano.<\/p>\n","protected":false},"author":1,"featured_media":30663,"comment_status":"open","ping_status":"open","sticky":false,"template":"","format":"standard","meta":{"_jetpack_newsletter_access":"","_jetpack_dont_email_post_to_subs":false,"_jetpack_newsletter_tier_id":0,"_jetpack_memberships_contains_paywalled_content":false,"_mbp_banners":[],"_jetpack_feature_clip_id":0,"_jetpack_memberships_contains_paid_content":false,"footnotes":"","jetpack_publicize_message":"","jetpack_publicize_feature_enabled":true,"jetpack_social_post_already_shared":true,"jetpack_social_options":{"image_generator_settings":{"template":"highway","default_image_id":0,"font":"","enabled":false},"version":2},"jetpack_post_was_ever_published":false},"categories":[19],"tags":[],"class_list":["post-30661","post","type-post","status-publish","format-standard","has-post-thumbnail","category-politica"],"jetpack_publicize_connections":[],"jetpack-related-posts":[],"jetpack_shortlink":"https:\/\/wp.me\/p7Eq1F-7Yx","jetpack_sharing_enabled":true,"jetpack_featured_media_url":"https:\/\/i0.wp.com\/guialimeira.com.br\/news\/wp-content\/uploads\/2025\/04\/valor-ovo-pascoa.png?fit=1024%2C1024&ssl=1","_links":{"self":[{"href":"https:\/\/guialimeira.com.br\/news\/wp-json\/wp\/v2\/posts\/30661","targetHints":{"allow":["GET"]}}],"collection":[{"href":"https:\/\/guialimeira.com.br\/news\/wp-json\/wp\/v2\/posts"}],"about":[{"href":"https:\/\/guialimeira.com.br\/news\/wp-json\/wp\/v2\/types\/post"}],"author":[{"embeddable":true,"href":"https:\/\/guialimeira.com.br\/news\/wp-json\/wp\/v2\/users\/1"}],"replies":[{"embeddable":true,"href":"https:\/\/guialimeira.com.br\/news\/wp-json\/wp\/v2\/comments?post=30661"}],"version-history":[{"count":1,"href":"https:\/\/guialimeira.com.br\/news\/wp-json\/wp\/v2\/posts\/30661\/revisions"}],"predecessor-version":[{"id":30664,"href":"https:\/\/guialimeira.com.br\/news\/wp-json\/wp\/v2\/posts\/30661\/revisions\/30664"}],"wp:featuredmedia":[{"embeddable":true,"href":"https:\/\/guialimeira.com.br\/news\/wp-json\/wp\/v2\/media\/30663"}],"wp:attachment":[{"href":"https:\/\/guialimeira.com.br\/news\/wp-json\/wp\/v2\/media?parent=30661"}],"wp:term":[{"taxonomy":"category","embeddable":true,"href":"https:\/\/guialimeira.com.br\/news\/wp-json\/wp\/v2\/categories?post=30661"},{"taxonomy":"post_tag","embeddable":true,"href":"https:\/\/guialimeira.com.br\/news\/wp-json\/wp\/v2\/tags?post=30661"}],"curies":[{"name":"wp","href":"https:\/\/api.w.org\/{rel}","templated":true}]}}