{"id":30650,"date":"2025-04-16T14:24:46","date_gmt":"2025-04-16T17:24:46","guid":{"rendered":"https:\/\/guialimeira.com.br\/2025\/04\/16\/mpf-questiona-veto-a-terapia-hormonal-para-criancas-e-adolescentes\/"},"modified":"2025-04-16T14:24:46","modified_gmt":"2025-04-16T17:24:46","slug":"mpf-questiona-veto-a-terapia-hormonal-para-criancas-e-adolescentes","status":"publish","type":"post","link":"https:\/\/guialimeira.com.br\/news\/mpf-questiona-veto-a-terapia-hormonal-para-criancas-e-adolescentes\/","title":{"rendered":"MPF questiona veto a terapia hormonal para crian\u00e7as e adolescentes"},"content":{"rendered":"<p> <br \/>\n<\/p>\n<div>\n<p><strong>O Minist\u00e9rio P\u00fablico Federal (MPF) instaurou procedimento para apurar a legalidade de uma resolu\u00e7\u00e3o do Conselho Federal de Medicina (CFM), <a href=\"https:\/\/agenciabrasil.ebc.com.br\/saude\/noticia\/2025-04\/cfm-veta-terapias-hormonais-para-criancas-e-adolescentes\" target=\"_blank\" rel=\"noopener\">publicada nesta quarta-feira (16)<\/a> que revisa crit\u00e9rios \u00e9ticos e t\u00e9cnicos para o atendimento a pessoas com incongru\u00eancia e\/ou disforia de g\u00eanero.<\/strong><img data-recalc-dims=\"1\" decoding=\"async\" src=\"https:\/\/i0.wp.com\/agenciabrasil.ebc.com.br\/ebc.png?w=696&#038;ssl=1\" style=\"width:1px; height:1px; display:inline;\"\/><img data-recalc-dims=\"1\" decoding=\"async\" src=\"https:\/\/i0.wp.com\/agenciabrasil.ebc.com.br\/ebc.gif?w=696&#038;ssl=1\" style=\"width:1px; height:1px; display:inline;\"\/><\/p>\n<p>Em nota, a entidade destaca que a publica\u00e7\u00e3o altera as normas que definem o atendimento e a realiza\u00e7\u00e3o de procedimentos m\u00e9dicos ofertados a pessoas trans, incluindo crian\u00e7as e adolescentes.<\/p>\n<p><strong>De acordo com o MPF, o procedimento foi aberto a partir de den\u00fancia feita pela Associa\u00e7\u00e3o M\u00e3es pela Diversidade e de nota t\u00e9cnica publicada pela Associa\u00e7\u00e3o Nacional de Travestis e Transexuais (Antra).<\/strong><\/p>\n<blockquote>\n<p>\u201cAs entidades comunicaram o fato e demonstraram a preocupa\u00e7\u00e3o de familiares de crian\u00e7as com variabilidade de g\u00eanero ou adolescentes trans que sofrem de disforia de g\u00eanero e que t\u00eam acesso a procedimentos terap\u00eauticos como bloqueio puberal e hormoniza\u00e7\u00e3o cruzada.\u201d<\/p>\n<\/blockquote>\n<p>O procurador regional dos Direitos do Cidad\u00e3o no Acre, Lucas Costa Almeida Dias, expediu of\u00edcio ao CFM para que, no prazo de 15 dias, preste informa\u00e7\u00f5es sobre os argumentos t\u00e9cnicos e jur\u00eddicos que fundamentaram a decis\u00e3o normativa.<\/p>\n<blockquote>\n<p>\u201cEle aponta decis\u00f5es do Supremo Tribunal Federal (STF) em sentido contr\u00e1rio e a despatologiza\u00e7\u00e3o da transexualidade reconhecida pela Organiza\u00e7\u00e3o Mundial da Sa\u00fade (OMS)\u201d, destacou o MPF no comunicado.<\/p>\n<\/blockquote>\n<h2>Entenda<\/h2>\n<p><strong>A resolu\u00e7\u00e3o do CFM pro\u00edbe o bloqueio hormonal para crian\u00e7as e adolescentes com incongru\u00eancia e\/ou disforia de g\u00eanero.<\/strong><\/p>\n<p>O texto estabelece ainda que terapia hormonal cruzada (administra\u00e7\u00e3o de horm\u00f4nios sexuais para induzir caracter\u00edsticas secund\u00e1rias condizentes com a identidade de g\u00eanero do paciente) s\u00f3 poder\u00e1 ser iniciada a partir dos 18 anos.<\/p>\n<p><strong>A publica\u00e7\u00e3o tamb\u00e9m restringe o acesso a cirurgias de redesigna\u00e7\u00e3o de g\u00eanero para pessoas trans antes dos 18 anos e, nos casos em que o procedimento implicar potencial efeito esterilizador, antes de 21 anos.<\/strong><\/p>\n<p>Por fim, a resolu\u00e7\u00e3o determina que pessoas trans que mant\u00eam seus \u00f3rg\u00e3os reprodutivos biol\u00f3gicos devem buscar atendimento m\u00e9dico preventivo ou terap\u00eautico com especialistas do sexo biol\u00f3gico e n\u00e3o conforme sua identidade de g\u00eanero.<\/p>\n<p>      <!-- Relacionada --><\/p>\n<p>            <!-- Relacionada -->\n    <\/div>\n<p><br \/>\n<br \/><a href=\"https:\/\/agenciabrasil.ebc.com.br\/saude\/noticia\/2025-04\/mpf-questiona-veto-terapia-hormonal-para-criancas-e-adolescentes\" rel=\"noopener\">Ag\u00eancia Brasil <\/a><\/p>\n","protected":false},"excerpt":{"rendered":"<p>O Minist\u00e9rio P\u00fablico Federal (MPF) instaurou procedimento para apurar a legalidade de uma resolu\u00e7\u00e3o do Conselho Federal de Medicina (CFM), publicada nesta quarta-feira (16) que revisa crit\u00e9rios \u00e9ticos e t\u00e9cnicos para o atendimento a pessoas com incongru\u00eancia e\/ou disforia de g\u00eanero. Em nota, a entidade destaca que a publica\u00e7\u00e3o altera as normas que definem o [&hellip;]<\/p>\n","protected":false},"author":1,"featured_media":2473,"comment_status":"open","ping_status":"open","sticky":false,"template":"","format":"standard","meta":{"_jetpack_newsletter_access":"","_jetpack_dont_email_post_to_subs":false,"_jetpack_newsletter_tier_id":0,"_jetpack_memberships_contains_paywalled_content":false,"_mbp_banners":[],"_jetpack_feature_clip_id":0,"_jetpack_memberships_contains_paid_content":false,"footnotes":"","jetpack_publicize_message":"","jetpack_publicize_feature_enabled":true,"jetpack_social_post_already_shared":true,"jetpack_social_options":{"image_generator_settings":{"template":"highway","default_image_id":0,"font":"","enabled":false},"version":2},"jetpack_post_was_ever_published":false},"categories":[15],"tags":[],"class_list":["post-30650","post","type-post","status-publish","format-standard","has-post-thumbnail","category-saude"],"jetpack_publicize_connections":[],"jetpack-related-posts":[],"jetpack_shortlink":"https:\/\/wp.me\/p7Eq1F-7Ym","jetpack_sharing_enabled":true,"jetpack_featured_media_url":"https:\/\/i0.wp.com\/guialimeira.com.br\/news\/wp-content\/uploads\/2024\/04\/53600763393_3274700702_o.jpg?fit=1600%2C800&ssl=1","_links":{"self":[{"href":"https:\/\/guialimeira.com.br\/news\/wp-json\/wp\/v2\/posts\/30650","targetHints":{"allow":["GET"]}}],"collection":[{"href":"https:\/\/guialimeira.com.br\/news\/wp-json\/wp\/v2\/posts"}],"about":[{"href":"https:\/\/guialimeira.com.br\/news\/wp-json\/wp\/v2\/types\/post"}],"author":[{"embeddable":true,"href":"https:\/\/guialimeira.com.br\/news\/wp-json\/wp\/v2\/users\/1"}],"replies":[{"embeddable":true,"href":"https:\/\/guialimeira.com.br\/news\/wp-json\/wp\/v2\/comments?post=30650"}],"version-history":[{"count":0,"href":"https:\/\/guialimeira.com.br\/news\/wp-json\/wp\/v2\/posts\/30650\/revisions"}],"wp:featuredmedia":[{"embeddable":true,"href":"https:\/\/guialimeira.com.br\/news\/wp-json\/wp\/v2\/media\/2473"}],"wp:attachment":[{"href":"https:\/\/guialimeira.com.br\/news\/wp-json\/wp\/v2\/media?parent=30650"}],"wp:term":[{"taxonomy":"category","embeddable":true,"href":"https:\/\/guialimeira.com.br\/news\/wp-json\/wp\/v2\/categories?post=30650"},{"taxonomy":"post_tag","embeddable":true,"href":"https:\/\/guialimeira.com.br\/news\/wp-json\/wp\/v2\/tags?post=30650"}],"curies":[{"name":"wp","href":"https:\/\/api.w.org\/{rel}","templated":true}]}}