{"id":3064,"date":"2024-04-28T18:32:43","date_gmt":"2024-04-28T21:32:43","guid":{"rendered":"https:\/\/guialimeira.com.br\/2024\/04\/28\/alckmin-defende-dialogo-com-congresso-sobre-desoneracao-da-folha\/"},"modified":"2024-04-28T18:32:43","modified_gmt":"2024-04-28T21:32:43","slug":"alckmin-defende-dialogo-com-congresso-sobre-desoneracao-da-folha","status":"publish","type":"post","link":"https:\/\/guialimeira.com.br\/news\/alckmin-defende-dialogo-com-congresso-sobre-desoneracao-da-folha\/","title":{"rendered":"Alckmin defende di\u00e1logo com Congresso sobre desonera\u00e7\u00e3o da folha"},"content":{"rendered":"<p> <br \/>\n<\/p>\n<div>\n<p>O vice-presidente e ministro do Desenvolvimento, Ind\u00fastria, Com\u00e9rcio e Servi\u00e7os, Geraldo Alckmin, defendeu neste domingo (28) di\u00e1logo entre o governo federal e o Congresso Nacional sobre a quest\u00e3o da desonera\u00e7\u00e3o de impostos sobre a folha de pagamento de 17 setores da economia e de determinados munic\u00edpios at\u00e9 2027.<img data-recalc-dims=\"1\" decoding=\"async\" src=\"https:\/\/i0.wp.com\/agenciabrasil.ebc.com.br\/ebc.png?w=696&#038;ssl=1\" style=\"width:1px; height:1px; display:inline;\"\/><img data-recalc-dims=\"1\" decoding=\"async\" src=\"https:\/\/i0.wp.com\/agenciabrasil.ebc.com.br\/ebc.gif?w=696&#038;ssl=1\" style=\"width:1px; height:1px; display:inline;\"\/><\/p>\n<p>Alckmin participou da abertura da Agrishow, uma das maiores feiras do agroneg\u00f3cio do pa\u00eds, em Ribeir\u00e3o Preto (SP). Perguntado sobre a rela\u00e7\u00e3o do governo com o presidente do Senado, Rodrigo Pacheco, o vice-presidente disse que o governo busca o di\u00e1logo com todos os poderes.<\/p>\n<p>&#8220;O que caracteriza o governo do presidente Lula \u00e9 o di\u00e1logo, di\u00e1logo permanente com os demais poderes e os v\u00e1rios n\u00edveis da federa\u00e7\u00e3o. A responsabilidade fiscal \u00e9 um dever de todos. \u00c9 com boa pol\u00edtica fiscal que n\u00f3s vamos ter pol\u00edtica monet\u00e1ria melhor, com redu\u00e7\u00e3o de juros e crescimento da economia. Acho que \u00e9 um compromisso de todos, e o caminho \u00e9 o di\u00e1logo&#8221;, afirmou.<\/p>\n<p>Sobre os incentivos do governo federal ao agroneg\u00f3cio, Alckmin destacou a cria\u00e7\u00e3o de investimentos de letras de cr\u00e9dito para financiar a ind\u00fastria e diminuir os custos de empr\u00e9stimos e o mecanismo da deprecia\u00e7\u00e3o acelerada para permitir a renova\u00e7\u00e3o de m\u00e1quinas e equipamentos agr\u00edcolas.<\/p>\n<p>&#8220;N\u00f3s precisamos de desenvolvimento, gerar emprego, renda e atrair investimento. Esse \u00e9 o caminho. Para isso que se faz a Agrishow. Desenvolver novas tecnologias e fortalecer o setor produtivo, gerador do emprego e renda&#8221;, completou.<\/p>\n<h2>Desonera\u00e7\u00e3o<\/h2>\n<p>Na sexta-feira (26), o presidente do Senado <a href=\"https:\/\/agenciabrasil.ebc.com.br\/justica\/noticia\/2024-04\/senado-recorre-ao-stf-para-manter-desoneracao-da-folha-de-pagamento\" target=\"_blank\" rel=\"noopener\">anunciou recurso ao Supremo Tribunal Federal<\/a> (STF) para derrubar a decis\u00e3o do ministro Cristiano Zanin <a href=\"https:\/\/agenciabrasil.ebc.com.br\/justica\/noticia\/2024-04\/zanin-acata-pedido-do-governo-e-suspende-desoneracao-da-folha\" target=\"_blank\" rel=\"noopener\">que suspendeu a desonera\u00e7\u00e3o<\/a>.<\/p>\n<p>A decis\u00e3o foi motivada por uma <a href=\"https:\/\/agenciabrasil.ebc.com.br\/justica\/noticia\/2024-04\/agu-recorre-ao-stf-para-derrubar-desoneracao-de-setores-e-municipios\" target=\"_blank\" rel=\"noopener\">a\u00e7\u00e3o protocolada pela Advocacia-Geral da Uni\u00e3o<\/a> (AGU), \u00f3rg\u00e3o que representa o governo federal na Justi\u00e7a.<\/p>\n<p>Na a\u00e7\u00e3o protocolada no STF, a AGU sustentou que a desonera\u00e7\u00e3o foi prorrogada at\u00e9 2027 pelo Congresso sem estabelecer o impacto financeiro da ren\u00fancia fiscal.<\/p>\n<p>A a\u00e7\u00e3o tamb\u00e9m contestou a decis\u00e3o de Pacheco, que invalidou o trecho da Medida Provis\u00f3ria (MP) 1.202\/2023. A MP derrubou a desonera\u00e7\u00e3o previdenci\u00e1ria para pequenas e m\u00e9dias prefeituras.<\/p>\n<\/p><\/div>\n<p><br \/>\n<br \/><a href=\"https:\/\/agenciabrasil.ebc.com.br\/economia\/noticia\/2024-04\/alckmin-defende-dialogo-com-congresso-sobre-desoneracao-da-folha\" rel=\"noopener\">Ag\u00eancia Brasil<\/a><\/p>\n","protected":false},"excerpt":{"rendered":"<p>O vice-presidente e ministro do Desenvolvimento, Ind\u00fastria, Com\u00e9rcio e Servi\u00e7os, Geraldo Alckmin, defendeu neste domingo (28) di\u00e1logo entre o governo federal e o Congresso Nacional sobre a quest\u00e3o da desonera\u00e7\u00e3o de impostos sobre a folha de pagamento de 17 setores da economia e de determinados munic\u00edpios at\u00e9 2027. Alckmin participou da abertura da Agrishow, uma [&hellip;]<\/p>\n","protected":false},"author":1,"featured_media":3065,"comment_status":"open","ping_status":"open","sticky":false,"template":"","format":"standard","meta":{"_jetpack_newsletter_access":"","_jetpack_dont_email_post_to_subs":false,"_jetpack_newsletter_tier_id":0,"_jetpack_memberships_contains_paywalled_content":false,"_mbp_banners":[],"_jetpack_feature_clip_id":0,"_jetpack_memberships_contains_paid_content":false,"footnotes":"","jetpack_publicize_message":"","jetpack_publicize_feature_enabled":true,"jetpack_social_post_already_shared":true,"jetpack_social_options":{"image_generator_settings":{"template":"highway","default_image_id":0,"font":"","enabled":false},"version":2},"jetpack_post_was_ever_published":false},"categories":[24],"tags":[],"class_list":["post-3064","post","type-post","status-publish","format-standard","has-post-thumbnail","category-economia"],"jetpack_publicize_connections":[],"jetpack-related-posts":[],"jetpack_shortlink":"https:\/\/wp.me\/p7Eq1F-Nq","jetpack_sharing_enabled":true,"jetpack_featured_media_url":"https:\/\/i0.wp.com\/guialimeira.com.br\/news\/wp-content\/uploads\/2024\/04\/53683879742_d2e8dc3aaa_6k.jpg?fit=1600%2C800&ssl=1","_links":{"self":[{"href":"https:\/\/guialimeira.com.br\/news\/wp-json\/wp\/v2\/posts\/3064","targetHints":{"allow":["GET"]}}],"collection":[{"href":"https:\/\/guialimeira.com.br\/news\/wp-json\/wp\/v2\/posts"}],"about":[{"href":"https:\/\/guialimeira.com.br\/news\/wp-json\/wp\/v2\/types\/post"}],"author":[{"embeddable":true,"href":"https:\/\/guialimeira.com.br\/news\/wp-json\/wp\/v2\/users\/1"}],"replies":[{"embeddable":true,"href":"https:\/\/guialimeira.com.br\/news\/wp-json\/wp\/v2\/comments?post=3064"}],"version-history":[{"count":0,"href":"https:\/\/guialimeira.com.br\/news\/wp-json\/wp\/v2\/posts\/3064\/revisions"}],"wp:featuredmedia":[{"embeddable":true,"href":"https:\/\/guialimeira.com.br\/news\/wp-json\/wp\/v2\/media\/3065"}],"wp:attachment":[{"href":"https:\/\/guialimeira.com.br\/news\/wp-json\/wp\/v2\/media?parent=3064"}],"wp:term":[{"taxonomy":"category","embeddable":true,"href":"https:\/\/guialimeira.com.br\/news\/wp-json\/wp\/v2\/categories?post=3064"},{"taxonomy":"post_tag","embeddable":true,"href":"https:\/\/guialimeira.com.br\/news\/wp-json\/wp\/v2\/tags?post=3064"}],"curies":[{"name":"wp","href":"https:\/\/api.w.org\/{rel}","templated":true}]}}