{"id":30639,"date":"2025-04-16T12:34:48","date_gmt":"2025-04-16T15:34:48","guid":{"rendered":"https:\/\/guialimeira.com.br\/2025\/04\/16\/time-portugues-estoril-usara-uniforme-inspirado-em-ayrton-senna\/"},"modified":"2025-04-16T12:34:48","modified_gmt":"2025-04-16T15:34:48","slug":"time-portugues-estoril-usara-uniforme-inspirado-em-ayrton-senna","status":"publish","type":"post","link":"https:\/\/guialimeira.com.br\/news\/time-portugues-estoril-usara-uniforme-inspirado-em-ayrton-senna\/","title":{"rendered":"Time portugu\u00eas Estoril usar\u00e1 uniforme inspirado em Ayrton Senna"},"content":{"rendered":"<p> <br \/>\n<\/p>\n<div>\n<p>\u00a0O Estoril Praia, time da primeira divis\u00e3o portuguesa, trocar\u00e1 suas tradicionais faixas amarela e azul pelo verde e amarelo da bandeira brasileira no s\u00e1bado (19) para marcar o 40\u00ba anivers\u00e1rio da primeira vit\u00f3ria de Ayrton Senna em Grande Pr\u00eamio de F\u00f3rmula 1.<img data-recalc-dims=\"1\" decoding=\"async\" src=\"https:\/\/i0.wp.com\/agenciabrasil.ebc.com.br\/ebc.png?w=696&#038;ssl=1\" style=\"width:1px; height:1px; display:inline;\"\/><img data-recalc-dims=\"1\" decoding=\"async\" src=\"https:\/\/i0.wp.com\/agenciabrasil.ebc.com.br\/ebc.gif?w=696&#038;ssl=1\" style=\"width:1px; height:1px; display:inline;\"\/><\/p>\n<p>O uniforme especial, com as cores do ic\u00f4nico capacete de Senna, ser\u00e1 usado quando o Estoril enfrentar o Braga na Primeira Liga de Portugal, em homenagem ao triunfo do brasileiro no circuito de Estoril em 1985.<\/p>\n<blockquote class=\"twitter-tweet\">\n<p dir=\"ltr\" lang=\"pt\" xml:lang=\"pt\">Oficialmente o 4.\u00ba equipamento desta \u00e9poca! \ud83d\udfe2\ud83d\udfe1\ud83d\udd35<\/p>\n<p>Ayrton Senna x Estoril Praia \ud83c\udfc1\ud83c\udfce\ufe0f <a href=\"https:\/\/t.co\/vPLfmJDo9l\">pic.twitter.com\/vPLfmJDo9l<\/a><\/p>\n<p>\u2014 Estoril Praia SAD (@estorilpraiasad) <a href=\"https:\/\/twitter.com\/estorilpraiasad\/status\/1912208933550235949?ref_src=twsrc%5Etfw\" rel=\"noopener\">April 15, 2025<\/a><\/p><\/blockquote>\n<p>O tricampe\u00e3o mundial, que morreu em um acidente em \u00cdmola em 1994, dominou as condi\u00e7\u00f5es torrenciais do circuito para conquistar a primeira de suas 41 vit\u00f3rias.<\/p>\n<blockquote>\n<p>&#8220;O Estoril Praia presta homenagem \u00e0 pessoa e ao atleta que marcou uma gera\u00e7\u00e3o com tr\u00eas campeonatos mundiais pela McLaren, cuja liga\u00e7\u00e3o ao munic\u00edpio de Cascais e a Portugal \u00e9 inequ\u00edvoca&#8221;, afirmou o clube em comunicado.<\/p>\n<\/blockquote>\n<p>Em outra homenagem no \u00faltimo fim de semana, o sobrinho do falecido piloto, Bruno, dirigiu o Lotus Type 97T que Senna pilotou para a vit\u00f3ria em Estoril como parte de uma demonstra\u00e7\u00e3o no Festival de Goodwood, na Inglaterra.<\/p>\n<p>O carro tamb\u00e9m estar\u00e1 em exposi\u00e7\u00e3o no circuito de Estoril no domingo (20) e na segunda-feira (21).<\/p>\n<p><em><strong>* \u00c9 proibida a reprodu\u00e7\u00e3o deste conte\u00fado.<\/strong><\/em><\/p>\n<p>      <!-- Relacionada --><\/p>\n<p>            <!-- Relacionada -->\n    <\/div>\n<p><script async src=\"\/\/platform.twitter.com\/widgets.js\" charset=\"utf-8\"><\/script><br \/>\n<br \/><br \/>\n<br \/><a href=\"https:\/\/agenciabrasil.ebc.com.br\/esportes\/noticia\/2025-04\/time-portugues-estoril-usara-uniforme-inspirado-em-ayrton-senna\" rel=\"noopener\">Ag\u00eancia Brasil<\/a><\/p>\n","protected":false},"excerpt":{"rendered":"<p>\u00a0O Estoril Praia, time da primeira divis\u00e3o portuguesa, trocar\u00e1 suas tradicionais faixas amarela e azul pelo verde e amarelo da bandeira brasileira no s\u00e1bado (19) para marcar o 40\u00ba anivers\u00e1rio da primeira vit\u00f3ria de Ayrton Senna em Grande Pr\u00eamio de F\u00f3rmula 1. O uniforme especial, com as cores do ic\u00f4nico capacete de Senna, ser\u00e1 usado [&hellip;]<\/p>\n","protected":false},"author":1,"featured_media":30640,"comment_status":"open","ping_status":"open","sticky":false,"template":"","format":"standard","meta":{"_jetpack_newsletter_access":"","_jetpack_dont_email_post_to_subs":false,"_jetpack_newsletter_tier_id":0,"_jetpack_memberships_contains_paywalled_content":false,"_mbp_banners":[],"_jetpack_feature_clip_id":0,"_jetpack_memberships_contains_paid_content":false,"footnotes":"","jetpack_publicize_message":"","jetpack_publicize_feature_enabled":true,"jetpack_social_post_already_shared":true,"jetpack_social_options":{"image_generator_settings":{"template":"highway","default_image_id":0,"font":"","enabled":false},"version":2},"jetpack_post_was_ever_published":false},"categories":[23],"tags":[],"class_list":["post-30639","post","type-post","status-publish","format-standard","has-post-thumbnail","category-esportes"],"jetpack_publicize_connections":[],"jetpack-related-posts":[],"jetpack_shortlink":"https:\/\/wp.me\/p7Eq1F-7Yb","jetpack_sharing_enabled":true,"jetpack_featured_media_url":"https:\/\/i0.wp.com\/guialimeira.com.br\/news\/wp-content\/uploads\/2025\/04\/senna_piloto_f1.jpg?fit=1600%2C800&ssl=1","_links":{"self":[{"href":"https:\/\/guialimeira.com.br\/news\/wp-json\/wp\/v2\/posts\/30639","targetHints":{"allow":["GET"]}}],"collection":[{"href":"https:\/\/guialimeira.com.br\/news\/wp-json\/wp\/v2\/posts"}],"about":[{"href":"https:\/\/guialimeira.com.br\/news\/wp-json\/wp\/v2\/types\/post"}],"author":[{"embeddable":true,"href":"https:\/\/guialimeira.com.br\/news\/wp-json\/wp\/v2\/users\/1"}],"replies":[{"embeddable":true,"href":"https:\/\/guialimeira.com.br\/news\/wp-json\/wp\/v2\/comments?post=30639"}],"version-history":[{"count":0,"href":"https:\/\/guialimeira.com.br\/news\/wp-json\/wp\/v2\/posts\/30639\/revisions"}],"wp:featuredmedia":[{"embeddable":true,"href":"https:\/\/guialimeira.com.br\/news\/wp-json\/wp\/v2\/media\/30640"}],"wp:attachment":[{"href":"https:\/\/guialimeira.com.br\/news\/wp-json\/wp\/v2\/media?parent=30639"}],"wp:term":[{"taxonomy":"category","embeddable":true,"href":"https:\/\/guialimeira.com.br\/news\/wp-json\/wp\/v2\/categories?post=30639"},{"taxonomy":"post_tag","embeddable":true,"href":"https:\/\/guialimeira.com.br\/news\/wp-json\/wp\/v2\/tags?post=30639"}],"curies":[{"name":"wp","href":"https:\/\/api.w.org\/{rel}","templated":true}]}}