{"id":30606,"date":"2025-04-16T04:49:51","date_gmt":"2025-04-16T07:49:51","guid":{"rendered":"https:\/\/guialimeira.com.br\/?p=30606"},"modified":"2025-04-16T04:49:51","modified_gmt":"2025-04-16T07:49:51","slug":"marina-silva-e-atendida-em-hospital-de-brasilia-por-queda-de-pressao","status":"publish","type":"post","link":"https:\/\/guialimeira.com.br\/news\/marina-silva-e-atendida-em-hospital-de-brasilia-por-queda-de-pressao\/","title":{"rendered":"Marina Silva \u00e9 atendida em hospital de Bras\u00edlia por queda de press\u00e3o"},"content":{"rendered":"\n<figure class=\"wp-block-gallery has-nested-images columns-default is-cropped wp-block-gallery-1 is-layout-flex wp-block-gallery-is-layout-flex\">\n<figure class=\"wp-block-image size-large\"><\/figure>\n\t\t\t\t\t\n<figure class=\"wp-block-image size-large\"><img loading=\"lazy\" decoding=\"async\" width=\"1\" height=\"1\" data-attachment-id=\"30605\" data-permalink=\"https:\/\/guialimeira.com.br\/news\/marina-silva-e-atendida-em-hospital-de-brasilia-por-queda-2\/\" data-orig-file=\"https:\/\/i0.wp.com\/guialimeira.com.br\/news\/wp-content\/uploads\/2025\/04\/1744789789_79_ebc.gif?fit=1%2C1&amp;ssl=1\" data-orig-size=\"1,1\" data-comments-opened=\"1\" data-image-meta=\"{&quot;aperture&quot;:&quot;0&quot;,&quot;credit&quot;:&quot;&quot;,&quot;camera&quot;:&quot;&quot;,&quot;caption&quot;:&quot;&quot;,&quot;created_timestamp&quot;:&quot;0&quot;,&quot;copyright&quot;:&quot;&quot;,&quot;focal_length&quot;:&quot;0&quot;,&quot;iso&quot;:&quot;0&quot;,&quot;shutter_speed&quot;:&quot;0&quot;,&quot;title&quot;:&quot;&quot;,&quot;orientation&quot;:&quot;0&quot;}\" data-image-title=\"Marina Silva \u00e9 atendida em hospital de Bras\u00edlia por queda\" data-image-description=\"\" data-image-caption=\"\" data-large-file=\"https:\/\/i0.wp.com\/guialimeira.com.br\/news\/wp-content\/uploads\/2025\/04\/1744789789_79_ebc.gif?fit=1%2C1&amp;ssl=1\" data-id=\"30605\" src=\"https:\/\/i0.wp.com\/guialimeira.com.br\/wp-content\/uploads\/2025\/04\/1744789789_79_ebc.gif?resize=1%2C1&amp;ssl=1\" alt=\"\" class=\"wp-image-30605\" \/><\/figure>\n\t\t\t\t\t<\/figure>\n \r\n<br><div>\n                    <p><strong>A ministra do Meio Ambiente e Mudan\u00e7a do Clima, Marina Silva, deu entrada no Hospital Bras\u00edlia na tarde desta ter\u00e7a-feira (15) devido a uma queda de press\u00e3o arterial. <\/strong>Segundo a assessoria de imprensa da ministra, a situa\u00e7\u00e3o est\u00e1 controlada.<img data-recalc-dims=\"1\" decoding=\"async\" src=\"https:\/\/i0.wp.com\/guialimeira.com.br\/wp-content\/uploads\/2025\/04\/1744789788_79_ebc.png?w=696&#038;ssl=1\" style=\"width:1px;height:1px\" \/><img data-recalc-dims=\"1\" decoding=\"async\" src=\"https:\/\/i0.wp.com\/guialimeira.com.br\/wp-content\/uploads\/2025\/04\/1744789789_79_ebc.gif?w=696&#038;ssl=1\" style=\"width:1px;height:1px\" \/><\/p>\n\n<p><strong>A ministra n\u00e3o est\u00e1 internada, mas segue no hospital aguardando resultados de exames.\u00a0<\/strong><\/p>\n\n<p>O Hospital Bras\u00edlia ainda n\u00e3o divulgou informa\u00e7\u00f5es sobre o estado de sa\u00fade da ministra.\u00a0<\/p>\n\n<p>Hoje mais cedo, a ministra <a href=\"https:\/\/agenciabrasil.ebc.com.br\/meio-ambiente\/noticia\/2025-04\/nao-e-festa-e-luta-diz-marina-sobre-cop30\" rel=\"noopener\">participou do simp\u00f3sio <\/a><em>Conectando Clima e Natureza: Recomenda\u00e7\u00f5es para Negocia\u00e7\u00f5es Multilaterais<\/em>, em Bras\u00edlia.\u00a0<\/p>\n\n<p>A agenda de hoje da\u00a0 ministra tamb\u00e9m previa encontro com parlamentares e entrevista \u00e0 imprensa.\u00a0<\/p>\n\n      <!-- Relacionada -->\n              \n            <!-- Relacionada -->\n    <\/div>\r\n<br>\r\n<br><a href=\"https:\/\/agenciabrasil.ebc.com.br\/politica\/noticia\/2025-04\/marina-silva-e-atendida-em-hospital-de-brasilia-por-queda-de-pressao\" rel=\"noopener\">Ag\u00eancia Brasil<\/a>","protected":false},"excerpt":{"rendered":"<p>A ministra do Meio Ambiente e Mudan\u00e7a do Clima, Marina Silva, deu entrada no Hospital Bras\u00edlia na tarde desta ter\u00e7a-feira (15) devido a uma queda de press\u00e3o arterial. Segundo a assessoria de imprensa da ministra, a situa\u00e7\u00e3o est\u00e1 controlada. A ministra n\u00e3o est\u00e1 internada, mas segue no hospital aguardando resultados de exames.\u00a0 O Hospital Bras\u00edlia [&hellip;]<\/p>\n","protected":false},"author":1,"featured_media":30602,"comment_status":"open","ping_status":"open","sticky":false,"template":"","format":"standard","meta":{"_jetpack_newsletter_access":"","_jetpack_dont_email_post_to_subs":false,"_jetpack_newsletter_tier_id":0,"_jetpack_memberships_contains_paywalled_content":false,"_mbp_banners":[],"_jetpack_feature_clip_id":0,"_jetpack_memberships_contains_paid_content":false,"footnotes":"","jetpack_publicize_message":"","jetpack_publicize_feature_enabled":true,"jetpack_social_post_already_shared":true,"jetpack_social_options":{"image_generator_settings":{"template":"highway","default_image_id":0,"font":"","enabled":false},"version":2},"jetpack_post_was_ever_published":false},"categories":[19],"tags":[],"class_list":["post-30606","post","type-post","status-publish","format-standard","has-post-thumbnail","category-politica"],"jetpack_publicize_connections":[],"jetpack-related-posts":[],"jetpack_shortlink":"https:\/\/wp.me\/p7Eq1F-7XE","jetpack_sharing_enabled":true,"jetpack_featured_media_url":"https:\/\/i0.wp.com\/guialimeira.com.br\/news\/wp-content\/uploads\/2025\/04\/54454805193_8bf9f65907_o.jpg?fit=1600%2C800&ssl=1","_links":{"self":[{"href":"https:\/\/guialimeira.com.br\/news\/wp-json\/wp\/v2\/posts\/30606","targetHints":{"allow":["GET"]}}],"collection":[{"href":"https:\/\/guialimeira.com.br\/news\/wp-json\/wp\/v2\/posts"}],"about":[{"href":"https:\/\/guialimeira.com.br\/news\/wp-json\/wp\/v2\/types\/post"}],"author":[{"embeddable":true,"href":"https:\/\/guialimeira.com.br\/news\/wp-json\/wp\/v2\/users\/1"}],"replies":[{"embeddable":true,"href":"https:\/\/guialimeira.com.br\/news\/wp-json\/wp\/v2\/comments?post=30606"}],"version-history":[{"count":1,"href":"https:\/\/guialimeira.com.br\/news\/wp-json\/wp\/v2\/posts\/30606\/revisions"}],"predecessor-version":[{"id":30607,"href":"https:\/\/guialimeira.com.br\/news\/wp-json\/wp\/v2\/posts\/30606\/revisions\/30607"}],"wp:featuredmedia":[{"embeddable":true,"href":"https:\/\/guialimeira.com.br\/news\/wp-json\/wp\/v2\/media\/30602"}],"wp:attachment":[{"href":"https:\/\/guialimeira.com.br\/news\/wp-json\/wp\/v2\/media?parent=30606"}],"wp:term":[{"taxonomy":"category","embeddable":true,"href":"https:\/\/guialimeira.com.br\/news\/wp-json\/wp\/v2\/categories?post=30606"},{"taxonomy":"post_tag","embeddable":true,"href":"https:\/\/guialimeira.com.br\/news\/wp-json\/wp\/v2\/tags?post=30606"}],"curies":[{"name":"wp","href":"https:\/\/api.w.org\/{rel}","templated":true}]}}