{"id":30530,"date":"2025-04-15T16:12:42","date_gmt":"2025-04-15T19:12:42","guid":{"rendered":"https:\/\/guialimeira.com.br\/?p=30530"},"modified":"2025-04-15T16:12:42","modified_gmt":"2025-04-15T19:12:42","slug":"terceira-idade-dr-marcelo-rossi-pede-ampliacao-das-oficinas-culturais","status":"publish","type":"post","link":"https:\/\/guialimeira.com.br\/news\/terceira-idade-dr-marcelo-rossi-pede-ampliacao-das-oficinas-culturais\/","title":{"rendered":"Terceira Idade: Dr. Marcelo Rossi pede amplia\u00e7\u00e3o das oficinas culturais"},"content":{"rendered":"\n<figure class=\"wp-block-gallery has-nested-images columns-default is-cropped wp-block-gallery-1 is-layout-flex wp-block-gallery-is-layout-flex\"><\/figure>\n \r\n<br><img data-recalc-dims=\"1\" decoding=\"async\" src=\"https:\/\/i0.wp.com\/guialimeira.com.br\/wp-content\/uploads\/2025\/04\/2025-04-15_terceira-idade-dr-marcelo-rossi-pede-ampliacao-das-oficinas-culturais_1.jpg?w=696&#038;ssl=1\" \/><br><div>\n\t\t\t\t\t<p>O vereador Dr. Marcelo Rossi (MDB) se reuniu nesta segunda-feira, 14 de abril, com o secret\u00e1rio de Cultura, Silvio Brito, e entregou uma c\u00f3pia da <a href=\"https:\/\/consulta.limeira.sp.leg.br\/Documentos\/Documento\/374491\" rel=\"noopener\">Indica\u00e7\u00e3o N\u00ba 1525\/2025<\/a>, protocolada na C\u00e2mara Municipal, que pede a extens\u00e3o das atividades e oficinas culturais para os grupos de terceira idade vinculados ao Centro de Promo\u00e7\u00e3o Social Municipal (Ceprosom).<\/p><p>\u201cA solicita\u00e7\u00e3o atende \u00e0 demanda dos frequentadores e vai ao encontro das estrat\u00e9gias que visam promover a longevidade, a qualidade de vida e o bem-estar dos idosos\u201d, afirmou o vereador.<\/p><p>Dr. Marcelo destacou que a Secretaria j\u00e1 realiza um trabalho com a oferta de aulas de dan\u00e7a, teatro, m\u00fasica e outras atividades \u00e0 popula\u00e7\u00e3o, e tem papel fundamental nesse processo, que auxiliar\u00e1 at\u00e9 mesmo na preven\u00e7\u00e3o de doen\u00e7as como depress\u00e3o entre os idosos, al\u00e9m de contribuir para retardar o agravamento de casos de Alzheimer, \u00e0 medida que possibilita a socializa\u00e7\u00e3o, o aprendizado e o desenvolvimento da autoestima dos idosos.<\/p><p>\u201cO secret\u00e1rio informou sobre o novo edital e a reformula\u00e7\u00e3o das atividades e foi muito receptivo ao nosso pedido\u201d, destacou Dr. Marcelo.<\/p><p><i>Do Gabinete Parlamentar \u2013 Vereador\u00a0 Dr. Marcelo Rossi (MDB)<\/i><\/p><p><i>*Fotos do Gabinete parlamentar<\/i><\/p><p><strong>As mat\u00e9rias de origem dos Gabinetes Parlamentares s\u00e3o de inteira\u00a0 responsabilidade dos parlamentares e de suas assessorias. S\u00e3o devidamente assinadas e n\u00e3o refletem, necessariamente, a opini\u00e3o institucional da C\u00e2mara Municipal de Limeira.<\/strong><\/p>\t\t\t\t<\/div>\r\n<br>\r\n<br><a href=\"https:\/\/www.limeira.sp.leg.br\/noticias\/view\/2025-04-15_terceira-idade-dr-marcelo-rossi-pede-ampliacao-das-oficinas-culturais\" rel=\"noopener\">Informa\u00e7\u00f5es CML <\/a>","protected":false},"excerpt":{"rendered":"<p>O vereador Dr. Marcelo Rossi (MDB) se reuniu nesta segunda-feira, 14 de abril, com o secret\u00e1rio de Cultura, Silvio Brito, e entregou uma c\u00f3pia da Indica\u00e7\u00e3o N\u00ba 1525\/2025, protocolada na C\u00e2mara Municipal, que pede a extens\u00e3o das atividades e oficinas culturais para os grupos de terceira idade vinculados ao Centro de Promo\u00e7\u00e3o Social Municipal (Ceprosom). [&hellip;]<\/p>\n","protected":false},"author":1,"featured_media":30531,"comment_status":"open","ping_status":"open","sticky":false,"template":"","format":"standard","meta":{"_jetpack_newsletter_access":"","_jetpack_dont_email_post_to_subs":false,"_jetpack_newsletter_tier_id":0,"_jetpack_memberships_contains_paywalled_content":false,"_mbp_banners":[],"_jetpack_feature_clip_id":0,"_jetpack_memberships_contains_paid_content":false,"footnotes":"","jetpack_publicize_message":"","jetpack_publicize_feature_enabled":true,"jetpack_social_post_already_shared":true,"jetpack_social_options":{"image_generator_settings":{"template":"highway","default_image_id":0,"font":"","enabled":false},"version":2},"jetpack_post_was_ever_published":false},"categories":[19],"tags":[],"class_list":["post-30530","post","type-post","status-publish","format-standard","has-post-thumbnail","category-politica"],"jetpack_publicize_connections":[],"jetpack-related-posts":[],"jetpack_shortlink":"https:\/\/wp.me\/p7Eq1F-7Wq","jetpack_sharing_enabled":true,"jetpack_featured_media_url":"https:\/\/i0.wp.com\/guialimeira.com.br\/news\/wp-content\/uploads\/2025\/04\/Terceira-Idade-Dr-Marcelo-Rossi-pede-ampliacao-das-oficinas-culturais.jpg?fit=1280%2C640&ssl=1","_links":{"self":[{"href":"https:\/\/guialimeira.com.br\/news\/wp-json\/wp\/v2\/posts\/30530","targetHints":{"allow":["GET"]}}],"collection":[{"href":"https:\/\/guialimeira.com.br\/news\/wp-json\/wp\/v2\/posts"}],"about":[{"href":"https:\/\/guialimeira.com.br\/news\/wp-json\/wp\/v2\/types\/post"}],"author":[{"embeddable":true,"href":"https:\/\/guialimeira.com.br\/news\/wp-json\/wp\/v2\/users\/1"}],"replies":[{"embeddable":true,"href":"https:\/\/guialimeira.com.br\/news\/wp-json\/wp\/v2\/comments?post=30530"}],"version-history":[{"count":1,"href":"https:\/\/guialimeira.com.br\/news\/wp-json\/wp\/v2\/posts\/30530\/revisions"}],"predecessor-version":[{"id":30532,"href":"https:\/\/guialimeira.com.br\/news\/wp-json\/wp\/v2\/posts\/30530\/revisions\/30532"}],"wp:featuredmedia":[{"embeddable":true,"href":"https:\/\/guialimeira.com.br\/news\/wp-json\/wp\/v2\/media\/30531"}],"wp:attachment":[{"href":"https:\/\/guialimeira.com.br\/news\/wp-json\/wp\/v2\/media?parent=30530"}],"wp:term":[{"taxonomy":"category","embeddable":true,"href":"https:\/\/guialimeira.com.br\/news\/wp-json\/wp\/v2\/categories?post=30530"},{"taxonomy":"post_tag","embeddable":true,"href":"https:\/\/guialimeira.com.br\/news\/wp-json\/wp\/v2\/tags?post=30530"}],"curies":[{"name":"wp","href":"https:\/\/api.w.org\/{rel}","templated":true}]}}