{"id":30520,"date":"2025-04-15T15:11:41","date_gmt":"2025-04-15T18:11:41","guid":{"rendered":"https:\/\/guialimeira.com.br\/?p=30520"},"modified":"2025-04-15T15:11:41","modified_gmt":"2025-04-15T18:11:41","slug":"projeto-que-institui-o-programa-vida-sobre-duas-rodas-e-protocolado-na-camara","status":"publish","type":"post","link":"https:\/\/guialimeira.com.br\/news\/projeto-que-institui-o-programa-vida-sobre-duas-rodas-e-protocolado-na-camara\/","title":{"rendered":"Projeto que institui o programa Vida Sobre Duas Rodas \u00e9 protocolado na C\u00e2mara"},"content":{"rendered":"\n<figure class=\"wp-block-gallery has-nested-images columns-default is-cropped wp-block-gallery-1 is-layout-flex wp-block-gallery-is-layout-flex\"><\/figure>\n \r\n<br><img data-recalc-dims=\"1\" decoding=\"async\" src=\"https:\/\/i0.wp.com\/guialimeira.com.br\/wp-content\/uploads\/2025\/04\/2025-04-15_projeto-que-institui-o-programa-vida-sobre-duas-rodas-e-protocolado-na-camara_1.jpg?w=696&#038;ssl=1\" \/><br><div>\n\t\t\t\t\t<p>Nesta segunda-feira, 14 de abril, foi protocolado o <a href=\"https:\/\/consulta.limeira.sp.leg.br\/Documentos\/Documento\/375077\" rel=\"noopener\">Projeto de Lei N\u00ba 81\/2025<\/a>, de autoria do vereador Felipe Penedo (PL), que institui no \u00e2mbito de Limeira, o programa Vida Sobre Duas Rodas, com o objetivo de promover a seguran\u00e7a, a valoriza\u00e7\u00e3o profissional e a redu\u00e7\u00e3o de acidentes que envolvem motociclistas, especialmente os que atuam como entregadores.<\/p><p>De acordo com o texto, o programa nasce com o prop\u00f3sito de proteger vidas, reduzir acidentes, qualificar profissionais e repensar a mobilidade urbana a partir de quem vive na cidade diariamente sobre duas rodas. Segundo Felipe, a proposta n\u00e3o cria despesas diretas obrigat\u00f3rias para o munic\u00edpio, mas estabelece diretrizes claras e possibilidades de a\u00e7\u00e3o em parceria com a sociedade civil e a iniciativa privada.\u00a0<\/p><p>Conforme o vereador, campanhas educativas, oferta de cursos de pilotagem defensiva, est\u00edmulo ao uso de equipamentos certificados, estudo dos pontos cr\u00edticos de acidentes e adequa\u00e7\u00f5es na infraestrutura vi\u00e1ria s\u00e3o algumas das medidas previstas. \u201cTrata-se de uma a\u00e7\u00e3o concreta, respons\u00e1vel e urgente para preservar vidas e humanizar o tr\u00e2nsito da nossa cidade\u201d, afirmou o parlamentar.<\/p><p>A proposta protocolada segue em tramita\u00e7\u00e3o na C\u00e2mara at\u00e9 ficar pronta para ir \u00e0 vota\u00e7\u00e3o em Plen\u00e1rio.<\/p><p><i>Do Gabinete Parlamentar \u2013 Vereador Felipe Penedo\u00a0 (PL)<\/i><\/p><p><strong>As mat\u00e9rias de origem dos Gabinetes Parlamentares s\u00e3o de inteira\u00a0 responsabilidade dos parlamentares e de suas assessorias. S\u00e3o devidamente assinadas e n\u00e3o refletem, necessariamente, a opini\u00e3o institucional da C\u00e2mara Municipal de Limeira.<\/strong><\/p>\t\t\t\t<\/div>\r\n<br>\r\n<br><a href=\"https:\/\/www.limeira.sp.leg.br\/noticias\/view\/2025-04-15_projeto-que-institui-o-programa-vida-sobre-duas-rodas-e-protocolado-na-camara\" rel=\"noopener\">Informa\u00e7\u00f5es CML <\/a>","protected":false},"excerpt":{"rendered":"<p>Nesta segunda-feira, 14 de abril, foi protocolado o Projeto de Lei N\u00ba 81\/2025, de autoria do vereador Felipe Penedo (PL), que institui no \u00e2mbito de Limeira, o programa Vida Sobre Duas Rodas, com o objetivo de promover a seguran\u00e7a, a valoriza\u00e7\u00e3o profissional e a redu\u00e7\u00e3o de acidentes que envolvem motociclistas, especialmente os que atuam como [&hellip;]<\/p>\n","protected":false},"author":1,"featured_media":30521,"comment_status":"open","ping_status":"open","sticky":false,"template":"","format":"standard","meta":{"_jetpack_newsletter_access":"","_jetpack_dont_email_post_to_subs":false,"_jetpack_newsletter_tier_id":0,"_jetpack_memberships_contains_paywalled_content":false,"_mbp_banners":[],"_jetpack_feature_clip_id":0,"_jetpack_memberships_contains_paid_content":false,"footnotes":"","jetpack_publicize_message":"","jetpack_publicize_feature_enabled":true,"jetpack_social_post_already_shared":true,"jetpack_social_options":{"image_generator_settings":{"template":"highway","default_image_id":0,"font":"","enabled":false},"version":2},"jetpack_post_was_ever_published":false},"categories":[19],"tags":[],"class_list":["post-30520","post","type-post","status-publish","format-standard","has-post-thumbnail","category-politica"],"jetpack_publicize_connections":[],"jetpack-related-posts":[],"jetpack_shortlink":"https:\/\/wp.me\/p7Eq1F-7Wg","jetpack_sharing_enabled":true,"jetpack_featured_media_url":"https:\/\/i0.wp.com\/guialimeira.com.br\/news\/wp-content\/uploads\/2025\/04\/Projeto-que-institui-o-programa-Vida-Sobre-Duas-Rodas-e.jpg?fit=1280%2C640&ssl=1","_links":{"self":[{"href":"https:\/\/guialimeira.com.br\/news\/wp-json\/wp\/v2\/posts\/30520","targetHints":{"allow":["GET"]}}],"collection":[{"href":"https:\/\/guialimeira.com.br\/news\/wp-json\/wp\/v2\/posts"}],"about":[{"href":"https:\/\/guialimeira.com.br\/news\/wp-json\/wp\/v2\/types\/post"}],"author":[{"embeddable":true,"href":"https:\/\/guialimeira.com.br\/news\/wp-json\/wp\/v2\/users\/1"}],"replies":[{"embeddable":true,"href":"https:\/\/guialimeira.com.br\/news\/wp-json\/wp\/v2\/comments?post=30520"}],"version-history":[{"count":1,"href":"https:\/\/guialimeira.com.br\/news\/wp-json\/wp\/v2\/posts\/30520\/revisions"}],"predecessor-version":[{"id":30522,"href":"https:\/\/guialimeira.com.br\/news\/wp-json\/wp\/v2\/posts\/30520\/revisions\/30522"}],"wp:featuredmedia":[{"embeddable":true,"href":"https:\/\/guialimeira.com.br\/news\/wp-json\/wp\/v2\/media\/30521"}],"wp:attachment":[{"href":"https:\/\/guialimeira.com.br\/news\/wp-json\/wp\/v2\/media?parent=30520"}],"wp:term":[{"taxonomy":"category","embeddable":true,"href":"https:\/\/guialimeira.com.br\/news\/wp-json\/wp\/v2\/categories?post=30520"},{"taxonomy":"post_tag","embeddable":true,"href":"https:\/\/guialimeira.com.br\/news\/wp-json\/wp\/v2\/tags?post=30520"}],"curies":[{"name":"wp","href":"https:\/\/api.w.org\/{rel}","templated":true}]}}