{"id":3052,"date":"2024-04-28T16:26:56","date_gmt":"2024-04-28T19:26:56","guid":{"rendered":"https:\/\/guialimeira.com.br\/2024\/04\/28\/amigos-e-familiares-se-despendem-do-cantor-do-molejo-anderson-leonardo\/"},"modified":"2024-04-28T16:26:56","modified_gmt":"2024-04-28T19:26:56","slug":"amigos-e-familiares-se-despendem-do-cantor-do-molejo-anderson-leonardo","status":"publish","type":"post","link":"https:\/\/guialimeira.com.br\/news\/amigos-e-familiares-se-despendem-do-cantor-do-molejo-anderson-leonardo\/","title":{"rendered":"Amigos e familiares se despendem do cantor do Molejo Anderson Leonardo"},"content":{"rendered":"<p> <br \/>\n<\/p>\n<div>\n<p>Familiares, amigos e f\u00e3s se despediram neste domingo (28) do cantor Anderson Leonardo, do grupo Molejo. O vel\u00f3rio ocorreu no Cemit\u00e9rio Jardim da Saudade de Sulacap,\u00a0na zona oeste do Rio de Janeiro.<img data-recalc-dims=\"1\" decoding=\"async\" src=\"https:\/\/i0.wp.com\/agenciabrasil.ebc.com.br\/ebc.png?w=696&#038;ssl=1\" style=\"width:1px; height:1px; display:inline;\"\/><img data-recalc-dims=\"1\" decoding=\"async\" src=\"https:\/\/i0.wp.com\/agenciabrasil.ebc.com.br\/ebc.gif?w=696&#038;ssl=1\" style=\"width:1px; height:1px; display:inline;\"\/><\/p>\n<div class=\"dnd-widget-wrapper context-medio_4colunas type-image atom-align-left\">\n<div class=\"dnd-atom-rendered\"><!-- scald=382850:medio_4colunas {\"additionalClasses\":\"\"} --><\/p>\n<div class=\"shadow overflow-hidden rounded-lg d-block w-100\">\n            <img data-recalc-dims=\"1\" decoding=\"async\" src=\"https:\/\/i0.wp.com\/agenciabrasil.ebc.com.br\/sites\/default\/files\/thumbnails\/image\/loading_v2.gif?w=696&#038;ssl=1\" data-echo=\"https:\/\/imagens.ebc.com.br\/5F4UCk5h080GlsJ1hWprvr_bdXc=\/365x0\/smart\/https:\/\/agenciabrasil.ebc.com.br\/sites\/default\/files\/thumbnails\/image\/2024\/04\/28\/whatsapp_image_2024-04-28_at_13.15.09.jpeg?itok=WKVXbzTW\" alt=\"Rio de Janeiro (RJ), 28.04.2024 \u2013 Familiares, amigos e f\u00e3s se despedem do cantor Anderson Leonardo, do Grupo Molejo. Seu corpo foi velado no Cemit\u00e9rio Jardim da Saudade, no Rio de Janeiro. Foto: T\u00e2nia R\u00eago\/Ag\u00eancia Brasil\" title=\"T\u00e2nia R\u00eago\/Ag\u00eancia Brasil\" class=\"flex-fill img-cover\"\/><br \/>\n        <img data-recalc-dims=\"1\" decoding=\"async\" src=\"https:\/\/i0.wp.com\/imagens.ebc.com.br\/5F4UCk5h080GlsJ1hWprvr_bdXc%3D\/365x0\/smart\/https%3A\/\/agenciabrasil.ebc.com.br\/sites\/default\/files\/thumbnails\/image\/2024\/04\/28\/whatsapp_image_2024-04-28_at_13.15.09.jpeg?w=696&#038;ssl=1\" alt=\"Rio de Janeiro (RJ), 28.04.2024 \u2013 Familiares, amigos e f\u00e3s se despedem do cantor Anderson Leonardo, do Grupo Molejo. Seu corpo foi velado no Cemit\u00e9rio Jardim da Saudade, no Rio de Janeiro. Foto: T\u00e2nia R\u00eago\/Ag\u00eancia Brasil\" title=\"T\u00e2nia R\u00eago\/Ag\u00eancia Brasil\" class=\"flex-fill img-cover\"\/>\n    <\/div>\n<p><!-- END scald=382850 --><\/div>\n<div class=\"dnd-caption-wrapper\">\n<p><!--copyright=382850-->Um corredor de coroas de flores se formou no Cemit\u00e9rio Jardim da Saudade, no Rio de Janeiro &#8211; <strong>T\u00e2nia R\u00eago\/Ag\u00eancia Brasil<\/strong><!--END copyright=382850--><\/p>\n<\/div>\n<\/div>\n<p>As primeiras visitas foram permitidas a partir de 11h. No acesso \u00e0 capela, formou-se um corredor com coroas de flores. Algumas delas foram enviadas por artistas pr\u00f3ximos de Anderson, como Carlinhos Brown, Zeca Pagodinho e Dudu Nobre.<\/p>\n<p>&#8220;Mesmo na adversidade, devemos sempre lembrar que o Molejo \u00e9 um grupo que leva alegria para o p\u00fablico. E o Anderson \u00e9 a representa\u00e7\u00e3o disso no contexto geral. Estamos todos com o cora\u00e7\u00e3o apertado, mas n\u00e3o podemos deixar de lembrar que o Anderson \u00e9 a alegria personalizada&#8221;, disse o m\u00fasico e companheiro de banda, Andrezinho.<\/p>\n<p>Ele tamb\u00e9m contou que o Molejo vai lan\u00e7ar um \u00e1lbum novo no segundo semestre desse ano, intitulado <em>O Paparico do Molejo<\/em>. O trabalho conta com m\u00fasicas novas e releituras de can\u00e7\u00f5es antigas do grupo.<\/p>\n<p>Segundo Andrezinho, Anderson participou ativamente de todo o processo de produ\u00e7\u00e3o. O trabalho tamb\u00e9m envolve participa\u00e7\u00f5es especiais de Xande de Pilares, Thiaguinho e Dudu Nobre.<\/p>\n<p>O pai do cantor, o produtor musical Bira Haway, se manifestou na manh\u00e3 deste domingo atrav\u00e9s de suas redes sociais. &#8220;Filho sua alma foi recolhida com nobreza. Me sinto triste por n\u00e3o mais te abra\u00e7ar, mas meu conforto e meu orgulho \u00e9 ter sido seu pai e ter te tornado um \u00edcone, um profissional completo, um pai maravilhoso para os seus, um filho sensacional, um amigo extraordin\u00e1rio e principalmente pelo ser humano iluminado e inesquec\u00edvel. Te amo meu filho, meu amigo, meu companheiro&#8221;, escreveu.<\/p>\n<div class=\"dnd-widget-wrapper context-medio_4colunas type-image atom-align-right\">\n<div class=\"dnd-atom-rendered\"><!-- scald=382848:medio_4colunas {\"additionalClasses\":\"\"} --><\/p>\n<div class=\"shadow overflow-hidden rounded-lg d-block w-100\">\n            <img data-recalc-dims=\"1\" decoding=\"async\" src=\"https:\/\/i0.wp.com\/agenciabrasil.ebc.com.br\/sites\/default\/files\/thumbnails\/image\/loading_v2.gif?w=696&#038;ssl=1\" data-echo=\"https:\/\/imagens.ebc.com.br\/GHdDnSWlElw6npDIQvozLa1oXTI=\/365x0\/smart\/https:\/\/agenciabrasil.ebc.com.br\/sites\/default\/files\/thumbnails\/image\/2024\/04\/28\/whatsapp_image_2024-04-28_at_13.14.14.jpeg?itok=kIfUEAJo\" alt=\"Rio de Janeiro (RJ), 28.04.2024 \u2013 Familiares, amigos e f\u00e3s se despedem do cantor Anderson Leonardo, do Grupo Molejo. Seu corpo foi velado no Cemit\u00e9rio Jardim da Saudade, no Rio de Janeiro. Foto: T\u00e2nia R\u00eago\/Ag\u00eancia Brasil\" title=\"T\u00e2nia R\u00eago\/Ag\u00eancia Brasil\" class=\"flex-fill img-cover\"\/><br \/>\n        <img data-recalc-dims=\"1\" decoding=\"async\" src=\"https:\/\/i0.wp.com\/imagens.ebc.com.br\/GHdDnSWlElw6npDIQvozLa1oXTI%3D\/365x0\/smart\/https%3A\/\/agenciabrasil.ebc.com.br\/sites\/default\/files\/thumbnails\/image\/2024\/04\/28\/whatsapp_image_2024-04-28_at_13.14.14.jpeg?w=696&#038;ssl=1\" alt=\"Rio de Janeiro (RJ), 28.04.2024 \u2013 Familiares, amigos e f\u00e3s se despedem do cantor Anderson Leonardo, do Grupo Molejo. Seu corpo foi velado no Cemit\u00e9rio Jardim da Saudade, no Rio de Janeiro. Foto: T\u00e2nia R\u00eago\/Ag\u00eancia Brasil\" title=\"T\u00e2nia R\u00eago\/Ag\u00eancia Brasil\" class=\"flex-fill img-cover\"\/>\n    <\/div>\n<p><!-- END scald=382848 --><\/div>\n<div class=\"dnd-caption-wrapper\">\n<p><!--copyright=382848-->Familiares, amigos e f\u00e3s se despedem do cantor no Cemit\u00e9rio Jardim da Saudade, no Rio de Janeiro &#8211; <strong>T\u00e2nia R\u00eago\/Ag\u00eancia Brasil<\/strong><!--END copyright=382848--><\/p>\n<\/div>\n<\/div>\n<p>Anderson enfrentava um c\u00e2ncer diagnosticado em 2022. Aos 51 anos, ele estava internado no Hospital da Unimed-Rio e seu quadro vinha piorando nos \u00faltimos dias. <a href=\"https:\/\/agenciabrasil.ebc.com.br\/geral\/noticia\/2024-04\/cantor-anderson-leonardo-do-grupo-molejo-morre-aos-51-anos-no-rio\" target=\"_blank\" rel=\"noopener\">Ele faleceu na sexta-feira<\/a> (26), deixando quatro filhos.<\/p>\n<p>Natural da capital carioca, Anderson fundou o Molejo no fim dos anos 1980. Al\u00e9m dele, o grupo de pagode foi criado por Andrezinho, Claumirzinho, L\u00facio Nascimento, Robson Calazans e Jimmy Batera. Eles gravaram m\u00fasicas que fizeram sucesso em todo o pa\u00eds, como <em>Cilada<\/em>, <em>Brincadeira de Crian\u00e7a<\/em>, <em>Paparico<\/em> e <em>Cl\u00ednica Geral<\/em>.<\/p>\n<p>O primeiro \u00e1lbum do Molejo foi lan\u00e7ado em 1993. Al\u00e9m de vocalista, Anderson tamb\u00e9m tocava cavaquinho e comp\u00f4s diversas can\u00e7\u00f5es. Ele assina, por exemplo, o hit <em>Dan\u00e7a da Vassoura<\/em>. Tamb\u00e9m \u00e9 autor de m\u00fasicas que ficaram conhecidas em grava\u00e7\u00f5es de outros grupos, como Cohab City, do Negritude J\u00fanior.<\/p>\n<\/p><\/div>\n<p><br \/>\n<br \/><a href=\"https:\/\/agenciabrasil.ebc.com.br\/geral\/noticia\/2024-04\/amigos-e-familiares-se-despendem-do-cantor-do-molejo-anderson-leonardo\" rel=\"noopener\">Ag\u00eancia Brasil<\/a><\/p>\n","protected":false},"excerpt":{"rendered":"<p>Familiares, amigos e f\u00e3s se despediram neste domingo (28) do cantor Anderson Leonardo, do grupo Molejo. O vel\u00f3rio ocorreu no Cemit\u00e9rio Jardim da Saudade de Sulacap,\u00a0na zona oeste do Rio de Janeiro. Um corredor de coroas de flores se formou no Cemit\u00e9rio Jardim da Saudade, no Rio de Janeiro &#8211; T\u00e2nia R\u00eago\/Ag\u00eancia Brasil As primeiras [&hellip;]<\/p>\n","protected":false},"author":1,"featured_media":3053,"comment_status":"open","ping_status":"open","sticky":false,"template":"","format":"standard","meta":{"_jetpack_newsletter_access":"","_jetpack_dont_email_post_to_subs":false,"_jetpack_newsletter_tier_id":0,"_jetpack_memberships_contains_paywalled_content":false,"_mbp_banners":[],"_jetpack_feature_clip_id":0,"_jetpack_memberships_contains_paid_content":false,"footnotes":"","jetpack_publicize_message":"","jetpack_publicize_feature_enabled":true,"jetpack_social_post_already_shared":true,"jetpack_social_options":{"image_generator_settings":{"template":"highway","default_image_id":0,"font":"","enabled":false},"version":2},"jetpack_post_was_ever_published":false},"categories":[1],"tags":[],"class_list":["post-3052","post","type-post","status-publish","format-standard","has-post-thumbnail","category-geral"],"jetpack_publicize_connections":[],"jetpack-related-posts":[],"jetpack_shortlink":"https:\/\/wp.me\/p7Eq1F-Ne","jetpack_sharing_enabled":true,"jetpack_featured_media_url":"https:\/\/i0.wp.com\/guialimeira.com.br\/news\/wp-content\/uploads\/2024\/04\/whatsapp_image_2024-04-28_at_13.16.32.jpeg?fit=1600%2C800&ssl=1","_links":{"self":[{"href":"https:\/\/guialimeira.com.br\/news\/wp-json\/wp\/v2\/posts\/3052","targetHints":{"allow":["GET"]}}],"collection":[{"href":"https:\/\/guialimeira.com.br\/news\/wp-json\/wp\/v2\/posts"}],"about":[{"href":"https:\/\/guialimeira.com.br\/news\/wp-json\/wp\/v2\/types\/post"}],"author":[{"embeddable":true,"href":"https:\/\/guialimeira.com.br\/news\/wp-json\/wp\/v2\/users\/1"}],"replies":[{"embeddable":true,"href":"https:\/\/guialimeira.com.br\/news\/wp-json\/wp\/v2\/comments?post=3052"}],"version-history":[{"count":0,"href":"https:\/\/guialimeira.com.br\/news\/wp-json\/wp\/v2\/posts\/3052\/revisions"}],"wp:featuredmedia":[{"embeddable":true,"href":"https:\/\/guialimeira.com.br\/news\/wp-json\/wp\/v2\/media\/3053"}],"wp:attachment":[{"href":"https:\/\/guialimeira.com.br\/news\/wp-json\/wp\/v2\/media?parent=3052"}],"wp:term":[{"taxonomy":"category","embeddable":true,"href":"https:\/\/guialimeira.com.br\/news\/wp-json\/wp\/v2\/categories?post=3052"},{"taxonomy":"post_tag","embeddable":true,"href":"https:\/\/guialimeira.com.br\/news\/wp-json\/wp\/v2\/tags?post=3052"}],"curies":[{"name":"wp","href":"https:\/\/api.w.org\/{rel}","templated":true}]}}