{"id":3051,"date":"2024-04-28T15:25:48","date_gmt":"2024-04-28T18:25:48","guid":{"rendered":"https:\/\/guialimeira.com.br\/2024\/04\/28\/indigena-do-povo-xokleng-e-assassinado-em-santa-catarina\/"},"modified":"2024-04-28T15:25:48","modified_gmt":"2024-04-28T18:25:48","slug":"indigena-do-povo-xokleng-e-assassinado-em-santa-catarina","status":"publish","type":"post","link":"https:\/\/guialimeira.com.br\/news\/indigena-do-povo-xokleng-e-assassinado-em-santa-catarina\/","title":{"rendered":"Ind\u00edgena do povo Xokleng \u00e9 assassinado em Santa Catarina"},"content":{"rendered":"<p> <br \/>\n<\/p>\n<div>\n<p>Um ind\u00edgena do povo Xokleng foi assassinado ontem (27) em Santa Catarina. Hariel Paliano, de 26 anos, foi encontrado morto \u00e0s margens da rodovia que liga os munic\u00edpios de Doutor Pedrinho e Itai\u00f3polis. O corpo estava com sinais de espancamento e queimaduras.<img data-recalc-dims=\"1\" decoding=\"async\" src=\"https:\/\/i0.wp.com\/agenciabrasil.ebc.com.br\/ebc.png?w=696&#038;ssl=1\" style=\"width:1px; height:1px; display:inline;\"\/><img data-recalc-dims=\"1\" decoding=\"async\" src=\"https:\/\/i0.wp.com\/agenciabrasil.ebc.com.br\/ebc.gif?w=696&#038;ssl=1\" style=\"width:1px; height:1px; display:inline;\"\/><\/p>\n<p>De acordo como o Conselho Indigenista Mission\u00e1rio (Cimi), o crime ocorreu a 300 metros da casa de Hariel. Ele morava com a m\u00e3e e o padrasto, l\u00edder da aldeia Kakupli. No dia 4 deste m\u00eas, a casa foi alvo de tiros. A Policia Federal (PF) investiga o caso.<\/p>\n<p>No momento do crime, parte dos ind\u00edgenas da aldeia regressava de Bras\u00edlia, onde participaram, na semana passada, do <a href=\"https:\/\/agenciabrasil.ebc.com.br\/geral\/noticia\/2024-04\/milhares-de-indigenas-marcham-em-brasilia\" target=\"_blank\" rel=\"noopener\">Acampamento Terra Livre<\/a> (ATL).<\/p>\n<p>Na regi\u00e3o, est\u00e1 localizada a Terra Ind\u00edgena Ibirama La Kla\u00f1o, onde vivem ind\u00edgenas das etnias Kaingang e Guarani, al\u00e9m dos Xokleng. A disputa de terras no local foi analisada pelo Supremo Tribunal Federal (STF) ao considerar inconstitucional a tese do marco temporal para demarca\u00e7\u00e3o de terras ind\u00edgenas.<\/p>\n<p>Em nota, o Cimi se solidarizou com os familiares de Hariel e afirmou que os epis\u00f3dios de viol\u00eancia na regi\u00e3o foram intensificados ap\u00f3s a <a href=\"https:\/\/agenciabrasil.ebc.com.br\/direitos-humanos\/noticia\/2023-09\/sc-tensao-em-terra-indigena-aumenta-apos-decisao-sobre-marco-temporal\" target=\"_blank\" rel=\"noopener\">aprova\u00e7\u00e3o do marco pelo Congresso<\/a>.<\/p>\n<p>A entidade tamb\u00e9m citou a decis\u00e3o do ministro Gilmar Mendes que <a href=\"https:\/\/agenciabrasil.ebc.com.br\/justica\/noticia\/2024-04\/gilmar-mendes-determina-conciliacao-em-acoes-sobre-marco-temporal\" target=\"_blank\" rel=\"noopener\">determinou a realiza\u00e7\u00e3o de concilia\u00e7\u00e3o<\/a> nas a\u00e7\u00f5es que tratam da validade do marco temporal. O ministro \u00e9 relator das a\u00e7\u00f5es protocoladas pelo PL, o PP e o Republicanos para manter a validade do projeto de lei que reconheceu o marco e de processos nos quais entidades que representam os ind\u00edgenas e partidos governistas contestam a constitucionalidade da tese.<\/p>\n<p>&#8220;A decis\u00e3o de Gilmar Mendes foi entendida como uma vit\u00f3ria dos setores que se contrap\u00f5em \u00e0 demarca\u00e7\u00e3o da Terra Ind\u00edgena Ibirama La Kla\u00f1o e das demais terras ind\u00edgenas no Brasil. Nesse sentido, a decis\u00e3o em quest\u00e3o tornou-se combust\u00edvel para a euforia e o \u00f3dio contra os povos ind\u00edgenas&#8221;, declarou a entidade.<\/p>\n<h2>Entenda<\/h2>\n<p>Pela tese do marco temporal, os ind\u00edgenas somente t\u00eam direito \u00e0s terras que estavam em sua posse no dia 5 de outubro de 1988, data da promulga\u00e7\u00e3o da Constitui\u00e7\u00e3o Federal, ou que estavam em disputa judicial na \u00e9poca.<\/p>\n<p>Em dezembro do ano passado, o Congresso Nacional <a href=\"https:\/\/agenciabrasil.ebc.com.br\/politica\/noticia\/2023-12\/congresso-derruba-veto-de-lula-e-mantem-marco-temporal-indigena\" target=\"_blank\" rel=\"noopener\">derrubou o veto do presidente<\/a> Luiz In\u00e1cio Lula da Silva ao projeto de lei que validou o marco.<\/p>\n<p>Em setembro, antes da decis\u00e3o dos parlamentares, o <a href=\"https:\/\/agenciabrasil.ebc.com.br\/justica\/noticia\/2023-09\/maioria-do-stf-vota-contra-tese-sobre-sobre-marco-temporal\" target=\"_blank\" rel=\"noopener\">Supremo decidiu contra o marco<\/a>. A decis\u00e3o da Corte foi levada em conta pela equipe jur\u00eddica do Pal\u00e1cio do Planalto para justificar o veto presidencial.<\/p>\n<\/p><\/div>\n<p><br \/>\n<br \/><a href=\"https:\/\/agenciabrasil.ebc.com.br\/geral\/noticia\/2024-04\/indigena-do-povo-xokleng-e-assassinado-em-santa-catarina\" rel=\"noopener\">Ag\u00eancia Brasil<\/a><\/p>\n","protected":false},"excerpt":{"rendered":"<p>Um ind\u00edgena do povo Xokleng foi assassinado ontem (27) em Santa Catarina. Hariel Paliano, de 26 anos, foi encontrado morto \u00e0s margens da rodovia que liga os munic\u00edpios de Doutor Pedrinho e Itai\u00f3polis. O corpo estava com sinais de espancamento e queimaduras. De acordo como o Conselho Indigenista Mission\u00e1rio (Cimi), o crime ocorreu a 300 [&hellip;]<\/p>\n","protected":false},"author":1,"featured_media":269,"comment_status":"open","ping_status":"open","sticky":false,"template":"","format":"standard","meta":{"_jetpack_newsletter_access":"","_jetpack_dont_email_post_to_subs":false,"_jetpack_newsletter_tier_id":0,"_jetpack_memberships_contains_paywalled_content":false,"_mbp_banners":[],"_jetpack_feature_clip_id":0,"_jetpack_memberships_contains_paid_content":false,"footnotes":"","jetpack_publicize_message":"","jetpack_publicize_feature_enabled":true,"jetpack_social_post_already_shared":true,"jetpack_social_options":{"image_generator_settings":{"template":"highway","default_image_id":0,"font":"","enabled":false},"version":2},"jetpack_post_was_ever_published":false},"categories":[1],"tags":[],"class_list":["post-3051","post","type-post","status-publish","format-standard","has-post-thumbnail","category-geral"],"jetpack_publicize_connections":[],"jetpack-related-posts":[],"jetpack_shortlink":"https:\/\/wp.me\/p7Eq1F-Nd","jetpack_sharing_enabled":true,"jetpack_featured_media_url":"https:\/\/i0.wp.com\/guialimeira.com.br\/news\/wp-content\/uploads\/2024\/03\/thumb_1200x600_agbrasil.png?fit=1200%2C600&ssl=1","_links":{"self":[{"href":"https:\/\/guialimeira.com.br\/news\/wp-json\/wp\/v2\/posts\/3051","targetHints":{"allow":["GET"]}}],"collection":[{"href":"https:\/\/guialimeira.com.br\/news\/wp-json\/wp\/v2\/posts"}],"about":[{"href":"https:\/\/guialimeira.com.br\/news\/wp-json\/wp\/v2\/types\/post"}],"author":[{"embeddable":true,"href":"https:\/\/guialimeira.com.br\/news\/wp-json\/wp\/v2\/users\/1"}],"replies":[{"embeddable":true,"href":"https:\/\/guialimeira.com.br\/news\/wp-json\/wp\/v2\/comments?post=3051"}],"version-history":[{"count":0,"href":"https:\/\/guialimeira.com.br\/news\/wp-json\/wp\/v2\/posts\/3051\/revisions"}],"wp:featuredmedia":[{"embeddable":true,"href":"https:\/\/guialimeira.com.br\/news\/wp-json\/wp\/v2\/media\/269"}],"wp:attachment":[{"href":"https:\/\/guialimeira.com.br\/news\/wp-json\/wp\/v2\/media?parent=3051"}],"wp:term":[{"taxonomy":"category","embeddable":true,"href":"https:\/\/guialimeira.com.br\/news\/wp-json\/wp\/v2\/categories?post=3051"},{"taxonomy":"post_tag","embeddable":true,"href":"https:\/\/guialimeira.com.br\/news\/wp-json\/wp\/v2\/tags?post=3051"}],"curies":[{"name":"wp","href":"https:\/\/api.w.org\/{rel}","templated":true}]}}