{"id":30448,"date":"2025-04-14T22:43:44","date_gmt":"2025-04-15T01:43:44","guid":{"rendered":"https:\/\/guialimeira.com.br\/?p=30448"},"modified":"2025-04-14T22:43:44","modified_gmt":"2025-04-15T01:43:44","slug":"lula-cumprimenta-presidente-reeleito-do-equador","status":"publish","type":"post","link":"https:\/\/guialimeira.com.br\/news\/lula-cumprimenta-presidente-reeleito-do-equador\/","title":{"rendered":"Lula cumprimenta presidente reeleito do Equador"},"content":{"rendered":"\n<figure class=\"wp-block-gallery has-nested-images columns-default is-cropped wp-block-gallery-1 is-layout-flex wp-block-gallery-is-layout-flex\">\n<figure class=\"wp-block-image size-large\"><\/figure>\n\t\t\t\t\t\n<figure class=\"wp-block-image size-large\"><img loading=\"lazy\" decoding=\"async\" width=\"1\" height=\"1\" data-attachment-id=\"30447\" data-permalink=\"https:\/\/guialimeira.com.br\/news\/lula-cumprimenta-presidente-reeleito-do-equador-2\/\" data-orig-file=\"https:\/\/i0.wp.com\/guialimeira.com.br\/news\/wp-content\/uploads\/2025\/04\/1744681420_791_ebc.gif?fit=1%2C1&amp;ssl=1\" data-orig-size=\"1,1\" data-comments-opened=\"1\" data-image-meta=\"{&quot;aperture&quot;:&quot;0&quot;,&quot;credit&quot;:&quot;&quot;,&quot;camera&quot;:&quot;&quot;,&quot;caption&quot;:&quot;&quot;,&quot;created_timestamp&quot;:&quot;0&quot;,&quot;copyright&quot;:&quot;&quot;,&quot;focal_length&quot;:&quot;0&quot;,&quot;iso&quot;:&quot;0&quot;,&quot;shutter_speed&quot;:&quot;0&quot;,&quot;title&quot;:&quot;&quot;,&quot;orientation&quot;:&quot;0&quot;}\" data-image-title=\"Lula cumprimenta presidente reeleito do Equador\" data-image-description=\"\" data-image-caption=\"\" data-large-file=\"https:\/\/i0.wp.com\/guialimeira.com.br\/news\/wp-content\/uploads\/2025\/04\/1744681420_791_ebc.gif?fit=1%2C1&amp;ssl=1\" data-id=\"30447\" src=\"https:\/\/i0.wp.com\/guialimeira.com.br\/wp-content\/uploads\/2025\/04\/1744681420_791_ebc.gif?resize=1%2C1&amp;ssl=1\" alt=\"\" class=\"wp-image-30447\" \/><\/figure>\n\t\t\t\t\t<\/figure>\n \r\n<br><div>\n                    <p><strong>O presidente Luiz In\u00e1cio Lula da Silva emitiu nota nesta segunda-feira (14) em que reconhece a vit\u00f3ria do presidente do Equador, Daniel Noboa, reeleito neste fim de semana para o segundo mandato.<\/strong><img data-recalc-dims=\"1\" decoding=\"async\" src=\"https:\/\/i0.wp.com\/guialimeira.com.br\/wp-content\/uploads\/2025\/04\/1744681420_470_ebc.png?w=696&#038;ssl=1\" style=\"width:1px;height:1px\" \/><img data-recalc-dims=\"1\" decoding=\"async\" src=\"https:\/\/i0.wp.com\/guialimeira.com.br\/wp-content\/uploads\/2025\/04\/1744681420_791_ebc.gif?w=696&#038;ssl=1\" style=\"width:1px;height:1px\" \/><\/p>\n\n<blockquote>\n<p>&#8220;Sa\u00fado o povo equatoriano e o presidente reeleito, Daniel Noboa, pelas elei\u00e7\u00f5es de domingo, 13 de abril. O Brasil seguir\u00e1 trabalhando com o Equador em defesa do multilateralismo, pela integra\u00e7\u00e3o sul-americana e o desenvolvimento sustent\u00e1vel da Amaz\u00f4nia&#8221;, escreveu Lula, em nota oficial publicadas em suas redes sociais.<\/p>\n<\/blockquote>\n\n<p>O resultado oficial deu ao atual presidente, do partido direitista A\u00e7\u00e3o Democr\u00e1tica Nacional, 55,6% dos votos v\u00e1lidos, contra 44,3% para a candidata da esquerda Lu\u00edsa Gonz\u00e1lez. Foram mais de 1 milh\u00e3o de votos de diferen\u00e7a em favor do atual mandat\u00e1rio.\u00a0<\/p>\n\n<p>Luisa Gonz\u00e1lez, no entanto, contesta o resultado e apresentou <a href=\"https:\/\/agenciabrasil.ebc.com.br\/internacional\/noticia\/2025-04\/oposicao-denuncia-fraude-na-eleicao-do-equador\" target=\"_blank\" rel=\"noopener\">den\u00fancia de fraude<\/a>.<\/p>\n\n      <!-- Relacionada -->\n              \n            <!-- Relacionada -->\n    <\/div>\r\n<br>\r\n<br><a href=\"https:\/\/agenciabrasil.ebc.com.br\/politica\/noticia\/2025-04\/lula-cumprimenta-presidente-reeleito-do-equador\" rel=\"noopener\">Ag\u00eancia Brasil<\/a>","protected":false},"excerpt":{"rendered":"<p>O presidente Luiz In\u00e1cio Lula da Silva emitiu nota nesta segunda-feira (14) em que reconhece a vit\u00f3ria do presidente do Equador, Daniel Noboa, reeleito neste fim de semana para o segundo mandato. &#8220;Sa\u00fado o povo equatoriano e o presidente reeleito, Daniel Noboa, pelas elei\u00e7\u00f5es de domingo, 13 de abril. O Brasil seguir\u00e1 trabalhando com o [&hellip;]<\/p>\n","protected":false},"author":1,"featured_media":30449,"comment_status":"open","ping_status":"open","sticky":false,"template":"","format":"standard","meta":{"_jetpack_newsletter_access":"","_jetpack_dont_email_post_to_subs":false,"_jetpack_newsletter_tier_id":0,"_jetpack_memberships_contains_paywalled_content":false,"_mbp_banners":[],"_jetpack_feature_clip_id":0,"_jetpack_memberships_contains_paid_content":false,"footnotes":"","jetpack_publicize_message":"","jetpack_publicize_feature_enabled":true,"jetpack_social_post_already_shared":true,"jetpack_social_options":{"image_generator_settings":{"template":"highway","default_image_id":0,"font":"","enabled":false},"version":2},"jetpack_post_was_ever_published":false},"categories":[19],"tags":[],"class_list":["post-30448","post","type-post","status-publish","format-standard","has-post-thumbnail","category-politica"],"jetpack_publicize_connections":[],"jetpack-related-posts":[],"jetpack_shortlink":"https:\/\/wp.me\/p7Eq1F-7V6","jetpack_sharing_enabled":true,"jetpack_featured_media_url":"https:\/\/i0.wp.com\/guialimeira.com.br\/news\/wp-content\/uploads\/2025\/04\/Lula-cumprimenta-presidente-reeleito-do-Equador.jpg?fit=1600%2C800&ssl=1","_links":{"self":[{"href":"https:\/\/guialimeira.com.br\/news\/wp-json\/wp\/v2\/posts\/30448","targetHints":{"allow":["GET"]}}],"collection":[{"href":"https:\/\/guialimeira.com.br\/news\/wp-json\/wp\/v2\/posts"}],"about":[{"href":"https:\/\/guialimeira.com.br\/news\/wp-json\/wp\/v2\/types\/post"}],"author":[{"embeddable":true,"href":"https:\/\/guialimeira.com.br\/news\/wp-json\/wp\/v2\/users\/1"}],"replies":[{"embeddable":true,"href":"https:\/\/guialimeira.com.br\/news\/wp-json\/wp\/v2\/comments?post=30448"}],"version-history":[{"count":1,"href":"https:\/\/guialimeira.com.br\/news\/wp-json\/wp\/v2\/posts\/30448\/revisions"}],"predecessor-version":[{"id":30450,"href":"https:\/\/guialimeira.com.br\/news\/wp-json\/wp\/v2\/posts\/30448\/revisions\/30450"}],"wp:featuredmedia":[{"embeddable":true,"href":"https:\/\/guialimeira.com.br\/news\/wp-json\/wp\/v2\/media\/30449"}],"wp:attachment":[{"href":"https:\/\/guialimeira.com.br\/news\/wp-json\/wp\/v2\/media?parent=30448"}],"wp:term":[{"taxonomy":"category","embeddable":true,"href":"https:\/\/guialimeira.com.br\/news\/wp-json\/wp\/v2\/categories?post=30448"},{"taxonomy":"post_tag","embeddable":true,"href":"https:\/\/guialimeira.com.br\/news\/wp-json\/wp\/v2\/tags?post=30448"}],"curies":[{"name":"wp","href":"https:\/\/api.w.org\/{rel}","templated":true}]}}