{"id":30439,"date":"2025-04-14T21:53:45","date_gmt":"2025-04-15T00:53:45","guid":{"rendered":"https:\/\/guialimeira.com.br\/?p=30439"},"modified":"2025-04-14T21:53:45","modified_gmt":"2025-04-15T00:53:45","slug":"camara-discute-19-requerimentos-e-aprova-quatro-projetos-e-uma-mocao","status":"publish","type":"post","link":"https:\/\/guialimeira.com.br\/news\/camara-discute-19-requerimentos-e-aprova-quatro-projetos-e-uma-mocao\/","title":{"rendered":"C\u00e2mara discute 19 requerimentos e aprova quatro projetos e uma mo\u00e7\u00e3o"},"content":{"rendered":"\n<figure class=\"wp-block-gallery has-nested-images columns-default is-cropped wp-block-gallery-1 is-layout-flex wp-block-gallery-is-layout-flex\"><\/figure>\n \r\n<br><img data-recalc-dims=\"1\" decoding=\"async\" src=\"https:\/\/i0.wp.com\/guialimeira.com.br\/wp-content\/uploads\/2025\/04\/2025-04-14_camara-discute-19-requerimentos-e-aprova-quatro-projetos-e-uma-mocao_1.jpg?w=696&#038;ssl=1\" \/><br><div>\n\t\t\t\t\t<p>A C\u00e2mara Municipal de Limeira aprovou quatro projetos pautados na <a href=\"https:\/\/consulta.limeira.sp.leg.br\/Sessoes\/Sessao\/3528\" rel=\"noopener\">Ordem do Dia<\/a> durante a sess\u00e3o ordin\u00e1ria desta segunda-feira, 14 de abril. Tamb\u00e9m foram discutidos 19 requerimentos e aprovada uma mo\u00e7\u00e3o no <a href=\"https:\/\/consulta.limeira.sp.leg.br\/Sessoes\/Documento\/374962\" rel=\"noopener\">Expediente<\/a>, destinado \u00e0 leitura de todos os documentos protocolados na Casa. Os trabalhos foram transmitidos ao vivo, acesse o <a href=\"https:\/\/youtu.be\/oGXKgrMVjVA?t=1097\" rel=\"noopener\">link<\/a> para conferir.<\/p><p>Na Tribuna Livre, parte da sess\u00e3o na qual mun\u00edcipes usam a palavra para falar sobre assuntos de interesse da cidade, foram abordados os seguintes temas: demandas de servidores municipais, aplica\u00e7\u00e3o de multa na falta de limpeza de terrenos e as pesquisas do Instituto Brasileiro de Geografia e Estat\u00edstica (IBGE). Confira os debates na \u00edntegra neste <a href=\"https:\/\/youtu.be\/oGXKgrMVjVA?t=7198\" rel=\"noopener\">link<\/a>.<\/p><p><strong>Tribunas<\/strong><\/p><p>As primeiras a usarem a palavra foram Eunice Lopes, do Sindicato dos Funcion\u00e1rios e Servidores P\u00fablicos Municipais de Limeira (Sindsel), e Erika Monteiro, do Sindicato dos Professores do Ensino Oficial do Estado de S\u00e3o Paulo (Apeoesp). Elas falaram sobre o pedido feito \u00e0 Prefeitura para que n\u00e3o desconte dos servidores municipais os dias de paralisa\u00e7\u00e3o pela greve e para que aceite a reposi\u00e7\u00e3o das faltas com os funcion\u00e1rios ajudando nos mutir\u00f5es contra a dengue. Elas tamb\u00e9m elogiaram a unidade da C\u00e2mara Municipal em prol do servidor durante a campanha salarial e pediu que a Casa continue apoiando nas demandas destes.<\/p><p>Por sua vez, Solange Dantas questionou a defici\u00eancia de informa\u00e7\u00f5es sobre a aplica\u00e7\u00e3o de multa pela falta de limpeza dos terrenos. Segundo ela, alguns propriet\u00e1rios receberam orienta\u00e7\u00e3o de que deixar os res\u00edduos de mato cortado nos terrenos ajuda a diminuir um novo crescimento, que a pr\u00e1tica tem sido realizada por eles h\u00e1 anos, sem nunca terem recebido notifica\u00e7\u00f5es para a retirada da poda. No entanto, em 2025, esses propriet\u00e1rios receberam multas, sem terem sido orientados de como deveria ser o procedimento correto. Ela pediu que a Prefeitura realize conscientiza\u00e7\u00e3o da popula\u00e7\u00e3o sobre o tema.<\/p><p>Encerrando o uso da Tribuna, Ricardo Ver\u00edssimo discorreu sobre o IBGE e suas pesquisas. Ele comentou que normalmente a popula\u00e7\u00e3o lembra do \u00f3rg\u00e3o pelo censo nacional, mas que a institui\u00e7\u00e3o faz diversas outras pesquisas o ano todo, dentre elas as que tra\u00e7am o perfil econ\u00f4mico do pa\u00eds, levantamento da produ\u00e7\u00e3o rural, levantamento de como as pol\u00edticas p\u00fablicas s\u00e3o aplicadas nos munic\u00edpios, de or\u00e7amentos familiares e a Pesquisa Nacional por Amostragem de Domic\u00edlio Cont\u00ednua, que traz informa\u00e7\u00f5es sobre emprego, renda e educa\u00e7\u00e3o, por exemplo. Ele aproveitou o espa\u00e7o para colocar o \u00f3rg\u00e3o \u00e0 disposi\u00e7\u00e3o dos limeirenses por meio dos diversos canais de comunica\u00e7\u00e3o dispon\u00edveis.<\/p><p><strong>Confira o resultado da vota\u00e7\u00e3o:<\/strong><\/p><p><strong>Aprovado &#8211; <\/strong><a href=\"https:\/\/consulta.limeira.sp.leg.br\/Documentos\/Documento\/347993\" rel=\"noopener\">Projeto de Decreto Legislativo N\u00ba 20\/2024<\/a>, do vereador Helder do T\u00e1xi (PSD), concede o T\u00edtulo de Cidad\u00e3o Limeirense a L\u00e1zaro Barbosa.<\/p><p><strong>Aprovado &#8211; <\/strong><a href=\"https:\/\/consulta.limeira.sp.leg.br\/Documentos\/Documento\/370780\" rel=\"noopener\">Projeto de Lei N\u00ba 46\/2025<\/a>, da Comiss\u00e3o de Esporte, Cultura e Lazer, institui o Fundo Municipal de Esportes no Munic\u00edpio de Limeira em conson\u00e2ncia com a<a href=\"https:\/\/www.planalto.gov.br\/ccivil_03\/_ato2023-2026\/2023\/lei\/l14597.htm\" rel=\"noopener\"> Lei Federal N\u00ba 14.597\/ 2023<\/a> (Lei Geral do Esporte).\u00a0<\/p><p><strong>Aprovado &#8211; <\/strong><a href=\"https:\/\/consulta.limeira.sp.leg.br\/Documentos\/Documento\/372603\" rel=\"noopener\">Projeto de Resolu\u00e7\u00e3o N\u00ba 14\/2025<\/a> da Mesa Diretora, altera os anexos III, IV e VI da <a href=\"https:\/\/legislacao.limeira.sp.leg.br\/Limeira-SP\/Resolucoes\/846-2023\" rel=\"noopener\">Resolu\u00e7\u00e3o N\u00ba 846\/2023<\/a>, que trata sobre a reestrutura\u00e7\u00e3o administrativa e organizacional e sobre o quadro permanente de cargos, refer\u00eancias, vencimentos, fun\u00e7\u00f5es gratificadas e atribui\u00e7\u00f5es da C\u00e2mara Municipal de Limeira.<\/p><p><strong>Aprovado &#8211; <\/strong><a href=\"https:\/\/consulta.limeira.sp.leg.br\/Documentos\/Documento\/373748\" rel=\"noopener\">Projeto de Lei Complementar N\u00ba 3\/2025<\/a> da Mesa Diretora, disp\u00f5e sobre a revis\u00e3o geral anual dos vencimentos dos servidores camar\u00e1rios integrantes do Poder Legislativo e dos proventos e pens\u00f5es correspondentes, nos termos do <a href=\"https:\/\/www.jusbrasil.com.br\/doutrina\/secao\/art-37-secao-i-disposicoes-gerais-constituicao-federal-comentada\/1153089213?utm_source=google&amp;utm_medium=cpc&amp;utm_campaign=doutrina_dsa_capitulos&amp;utm_term=&amp;utm_content=custo-beneficio&amp;campaign=true&amp;gad_source=1&amp;gclid=CjwKCAjw--K_BhB5EiwAuwYoyu2jGJelm5Wh2_uG6eNpGwqEw-R-rqTIG-Zngj453q4s0ukM8ZySURoC88UQAvD_BwE\" rel=\"noopener\">inciso X do art. 37 da Constitui\u00e7\u00e3o Federal de 1988<\/a>.\u00a0<\/p><p><strong>Prejudicado por substitutivo &#8211; <\/strong><a href=\"https:\/\/consulta.limeira.sp.leg.br\/Documentos\/Documento\/373749\" rel=\"noopener\">Projeto de Resolu\u00e7\u00e3o N\u00ba 15\/2025<\/a>\u00a0 da Mesa Diretora, modifica a reda\u00e7\u00e3o do par\u00e1grafo \u00fanico do art. 1\u00ba da <a href=\"https:\/\/legislacao.limeira.sp.leg.br\/limeira-sp?Pagina=1&amp;Pesquisa=Avancada&amp;TipoId=28&amp;Numero=572&amp;Ano=2014&amp;Data=&amp;NumeroFinal=&amp;AnoFinal=&amp;DataFinal=&amp;SituacaoId=0&amp;ClassificacaoId=0&amp;IniciativaTipoId=0&amp;IniciativaEntidadeId=0&amp;EmentaAssunto=&amp;NoTexto=false\" rel=\"noopener\">Resolu\u00e7\u00e3o N\u00ba 572\/2014<\/a>, que autoriza a C\u00e2mara Municipal a conceder Aux\u00edlio Alimenta\u00e7\u00e3o.<\/p><p><strong>Prejudicado por substitutivo &#8211; <\/strong><a href=\"https:\/\/consulta.limeira.sp.leg.br\/Documentos\/Documento\/373750\" rel=\"noopener\">Projeto de Resolu\u00e7\u00e3o N\u00ba 16\/2025<\/a> da Mesa Diretora, altera o par\u00e1grafo \u00fanico do art. 1\u00ba da <a href=\"https:\/\/legislacao.limeira.sp.leg.br\/limeira-sp?Pagina=1&amp;Pesquisa=Avancada&amp;TipoId=28&amp;Numero=601&amp;Ano=2015&amp;Data=&amp;NumeroFinal=&amp;AnoFinal=&amp;DataFinal=&amp;SituacaoId=0&amp;ClassificacaoId=0&amp;IniciativaTipoId=0&amp;IniciativaEntidadeId=0&amp;EmentaAssunto=&amp;NoTexto=false\" rel=\"noopener\">Resolu\u00e7\u00e3o N\u00ba 601\/2015<\/a>, que autoriza a C\u00e2mara Municipal a conceder Vale Refei\u00e7\u00e3o.<\/p>\t\t\t\t<\/div>\r\n<br>\r\n<br><a href=\"https:\/\/www.limeira.sp.leg.br\/noticias\/view\/2025-04-14_camara-discute-19-requerimentos-e-aprova-quatro-projetos-e-uma-mocao\" rel=\"noopener\">Informa\u00e7\u00f5es CML <\/a>","protected":false},"excerpt":{"rendered":"<p>A C\u00e2mara Municipal de Limeira aprovou quatro projetos pautados na Ordem do Dia durante a sess\u00e3o ordin\u00e1ria desta segunda-feira, 14 de abril. Tamb\u00e9m foram discutidos 19 requerimentos e aprovada uma mo\u00e7\u00e3o no Expediente, destinado \u00e0 leitura de todos os documentos protocolados na Casa. Os trabalhos foram transmitidos ao vivo, acesse o link para conferir. Na [&hellip;]<\/p>\n","protected":false},"author":1,"featured_media":30440,"comment_status":"open","ping_status":"open","sticky":false,"template":"","format":"standard","meta":{"_jetpack_newsletter_access":"","_jetpack_dont_email_post_to_subs":false,"_jetpack_newsletter_tier_id":0,"_jetpack_memberships_contains_paywalled_content":false,"_mbp_banners":[],"_jetpack_feature_clip_id":0,"_jetpack_memberships_contains_paid_content":false,"footnotes":"","jetpack_publicize_message":"","jetpack_publicize_feature_enabled":true,"jetpack_social_post_already_shared":true,"jetpack_social_options":{"image_generator_settings":{"template":"highway","default_image_id":0,"font":"","enabled":false},"version":2},"jetpack_post_was_ever_published":false},"categories":[19],"tags":[],"class_list":["post-30439","post","type-post","status-publish","format-standard","has-post-thumbnail","category-politica"],"jetpack_publicize_connections":[],"jetpack-related-posts":[],"jetpack_shortlink":"https:\/\/wp.me\/p7Eq1F-7UX","jetpack_sharing_enabled":true,"jetpack_featured_media_url":"https:\/\/i0.wp.com\/guialimeira.com.br\/news\/wp-content\/uploads\/2025\/04\/Camara-discute-19-requerimentos-e-aprova-quatro-projetos-e-uma.jpg?fit=1280%2C640&ssl=1","_links":{"self":[{"href":"https:\/\/guialimeira.com.br\/news\/wp-json\/wp\/v2\/posts\/30439","targetHints":{"allow":["GET"]}}],"collection":[{"href":"https:\/\/guialimeira.com.br\/news\/wp-json\/wp\/v2\/posts"}],"about":[{"href":"https:\/\/guialimeira.com.br\/news\/wp-json\/wp\/v2\/types\/post"}],"author":[{"embeddable":true,"href":"https:\/\/guialimeira.com.br\/news\/wp-json\/wp\/v2\/users\/1"}],"replies":[{"embeddable":true,"href":"https:\/\/guialimeira.com.br\/news\/wp-json\/wp\/v2\/comments?post=30439"}],"version-history":[{"count":1,"href":"https:\/\/guialimeira.com.br\/news\/wp-json\/wp\/v2\/posts\/30439\/revisions"}],"predecessor-version":[{"id":30441,"href":"https:\/\/guialimeira.com.br\/news\/wp-json\/wp\/v2\/posts\/30439\/revisions\/30441"}],"wp:featuredmedia":[{"embeddable":true,"href":"https:\/\/guialimeira.com.br\/news\/wp-json\/wp\/v2\/media\/30440"}],"wp:attachment":[{"href":"https:\/\/guialimeira.com.br\/news\/wp-json\/wp\/v2\/media?parent=30439"}],"wp:term":[{"taxonomy":"category","embeddable":true,"href":"https:\/\/guialimeira.com.br\/news\/wp-json\/wp\/v2\/categories?post=30439"},{"taxonomy":"post_tag","embeddable":true,"href":"https:\/\/guialimeira.com.br\/news\/wp-json\/wp\/v2\/tags?post=30439"}],"curies":[{"name":"wp","href":"https:\/\/api.w.org\/{rel}","templated":true}]}}