{"id":30412,"date":"2025-04-14T18:22:11","date_gmt":"2025-04-14T21:22:11","guid":{"rendered":"https:\/\/guialimeira.com.br\/?p=30412"},"modified":"2025-04-14T18:22:15","modified_gmt":"2025-04-14T21:22:15","slug":"waguinho-da-santa-luzia-questiona-possiveis-sancoes-a-brk-ambiental-por-falhas-na-qualidade-da-agua-em-limeira","status":"publish","type":"post","link":"https:\/\/guialimeira.com.br\/news\/waguinho-da-santa-luzia-questiona-possiveis-sancoes-a-brk-ambiental-por-falhas-na-qualidade-da-agua-em-limeira\/","title":{"rendered":"Waguinho da Santa Luzia questiona poss\u00edveis san\u00e7\u00f5es \u00e0 BRK Ambiental por falhas na qualidade da \u00e1gua em Limeira"},"content":{"rendered":"\n<p class=\"wp-block-paragraph\">O vereador <strong>Waguinho da Santa Luzia (Progressistas)<\/strong> apresentou o Requerimento n\u00ba 228\/2025 solicitando informa\u00e7\u00f5es ao Poder Executivo sobre eventuais san\u00e7\u00f5es aplicadas \u00e0 <strong>BRK Ambiental Limeira S.A.<\/strong>, ap\u00f3s constata\u00e7\u00f5es t\u00e9cnicas apontadas na A\u00e7\u00e3o Civil P\u00fablica que investigou falhas na qualidade da \u00e1gua fornecida \u00e0 popula\u00e7\u00e3o.<\/p>\n\n\n\n<p class=\"wp-block-paragraph\">Segundo laudos periciais anexados ao processo n\u00ba 1014355-76.2021.8.26.0320, a \u00e1gua distribu\u00edda pela concession\u00e1ria apresentou altera\u00e7\u00f5es de odor, sabor e colora\u00e7\u00e3o em diversas ocasi\u00f5es entre 2019 e 2020, devido \u00e0 presen\u00e7a de subst\u00e2ncias como fenol. O relat\u00f3rio t\u00e9cnico confirmou inclusive a percep\u00e7\u00e3o de \u201codor de perfume\u201d e sabor adocicado, o que gerou mais de 150 reclama\u00e7\u00f5es junto \u00e0 Vigil\u00e2ncia Sanit\u00e1ria.<\/p>\n\n\n\n<hr class=\"wp-block-separator has-alpha-channel-opacity\"\/>\n\n\n\n<h3 class=\"wp-block-heading\">\u26a0\ufe0f Ponto a ponto: o que o vereador quer saber<\/h3>\n\n\n\n<p class=\"wp-block-paragraph\">Entre os principais questionamentos feitos por Waguinho da Santa Luzia est\u00e3o:<\/p>\n\n\n\n<p class=\"wp-block-paragraph\">\u2705 Qual ser\u00e1 a atua\u00e7\u00e3o do munic\u00edpio frente \u00e0s falhas identificadas?<\/p>\n\n\n\n<p class=\"wp-block-paragraph\">\u2705 A BRK Ambiental pagou a multa de 10 mil TRA imposta pela ARES-PCJ? Onde est\u00e1 o comprovante?<\/p>\n\n\n\n<p class=\"wp-block-paragraph\">\u2705 O valor da san\u00e7\u00e3o \u00e9 proporcional ao impacto causado aos consumidores?<\/p>\n\n\n\n<p class=\"wp-block-paragraph\">\u2705 Que garantias a popula\u00e7\u00e3o tem de que problemas como esses n\u00e3o voltar\u00e3o a ocorrer?<\/p>\n\n\n\n<p class=\"wp-block-paragraph\">\u2705 Foram realizadas campanhas preventivas para investigar poss\u00edveis efeitos na sa\u00fade p\u00fablica, como o risco de c\u00e2ncer de bexiga relacionado a trihalometanos?<\/p>\n\n\n\n<p class=\"wp-block-paragraph\">\u2705 Quais medidas a concession\u00e1ria tomou ap\u00f3s o inc\u00eandio na Esta\u00e7\u00e3o Elevat\u00f3ria S\u00e3o Lucas, que causou interrup\u00e7\u00e3o total no fornecimento de \u00e1gua por at\u00e9 4 dias?<\/p>\n\n\n\n<hr class=\"wp-block-separator has-alpha-channel-opacity\"\/>\n\n\n\n<h3 class=\"wp-block-heading\">\ud83d\udcac &#8220;A popula\u00e7\u00e3o paga, mas quer \u00e1gua de qualidade&#8221;<\/h3>\n\n\n\n<p class=\"wp-block-paragraph\">Na justificativa do requerimento, o parlamentar destaca que a fiscaliza\u00e7\u00e3o da presta\u00e7\u00e3o dos servi\u00e7os de saneamento \u00e9 responsabilidade do poder p\u00fablico, mesmo que executada por uma ag\u00eancia reguladora. Ele tamb\u00e9m critica a multa aplicada, considerando-a desproporcional diante dos preju\u00edzos enfrentados pelos moradores.<\/p>\n","protected":false},"excerpt":{"rendered":"<p>O vereador Waguinho da Santa Luzia (Progressistas) apresentou o Requerimento n\u00ba 228\/2025 solicitando informa\u00e7\u00f5es ao Poder Executivo sobre eventuais san\u00e7\u00f5es aplicadas \u00e0 BRK Ambiental Limeira S.A., ap\u00f3s constata\u00e7\u00f5es t\u00e9cnicas apontadas na A\u00e7\u00e3o Civil P\u00fablica que investigou falhas na qualidade da \u00e1gua fornecida \u00e0 popula\u00e7\u00e3o. Segundo laudos periciais anexados ao processo n\u00ba 1014355-76.2021.8.26.0320, a \u00e1gua distribu\u00edda [&hellip;]<\/p>\n","protected":false},"author":1,"featured_media":30413,"comment_status":"open","ping_status":"open","sticky":false,"template":"","format":"standard","meta":{"_jetpack_newsletter_access":"","_jetpack_dont_email_post_to_subs":false,"_jetpack_newsletter_tier_id":0,"_jetpack_memberships_contains_paywalled_content":false,"_mbp_banners":[],"_jetpack_feature_clip_id":0,"_jetpack_memberships_contains_paid_content":false,"footnotes":"","jetpack_publicize_message":"","jetpack_publicize_feature_enabled":true,"jetpack_social_post_already_shared":true,"jetpack_social_options":{"image_generator_settings":{"template":"highway","default_image_id":0,"font":"","enabled":false},"version":2},"jetpack_post_was_ever_published":false},"categories":[19],"tags":[],"class_list":["post-30412","post","type-post","status-publish","format-standard","has-post-thumbnail","category-politica"],"jetpack_publicize_connections":[],"jetpack-related-posts":[],"jetpack_shortlink":"https:\/\/wp.me\/p7Eq1F-7Uw","jetpack_sharing_enabled":true,"jetpack_featured_media_url":"https:\/\/i0.wp.com\/guialimeira.com.br\/news\/wp-content\/uploads\/2025\/04\/img-brk.png?fit=1024%2C1024&ssl=1","_links":{"self":[{"href":"https:\/\/guialimeira.com.br\/news\/wp-json\/wp\/v2\/posts\/30412","targetHints":{"allow":["GET"]}}],"collection":[{"href":"https:\/\/guialimeira.com.br\/news\/wp-json\/wp\/v2\/posts"}],"about":[{"href":"https:\/\/guialimeira.com.br\/news\/wp-json\/wp\/v2\/types\/post"}],"author":[{"embeddable":true,"href":"https:\/\/guialimeira.com.br\/news\/wp-json\/wp\/v2\/users\/1"}],"replies":[{"embeddable":true,"href":"https:\/\/guialimeira.com.br\/news\/wp-json\/wp\/v2\/comments?post=30412"}],"version-history":[{"count":1,"href":"https:\/\/guialimeira.com.br\/news\/wp-json\/wp\/v2\/posts\/30412\/revisions"}],"predecessor-version":[{"id":30414,"href":"https:\/\/guialimeira.com.br\/news\/wp-json\/wp\/v2\/posts\/30412\/revisions\/30414"}],"wp:featuredmedia":[{"embeddable":true,"href":"https:\/\/guialimeira.com.br\/news\/wp-json\/wp\/v2\/media\/30413"}],"wp:attachment":[{"href":"https:\/\/guialimeira.com.br\/news\/wp-json\/wp\/v2\/media?parent=30412"}],"wp:term":[{"taxonomy":"category","embeddable":true,"href":"https:\/\/guialimeira.com.br\/news\/wp-json\/wp\/v2\/categories?post=30412"},{"taxonomy":"post_tag","embeddable":true,"href":"https:\/\/guialimeira.com.br\/news\/wp-json\/wp\/v2\/tags?post=30412"}],"curies":[{"name":"wp","href":"https:\/\/api.w.org\/{rel}","templated":true}]}}