{"id":30407,"date":"2025-04-14T18:08:42","date_gmt":"2025-04-14T21:08:42","guid":{"rendered":"https:\/\/guialimeira.com.br\/?p=30407"},"modified":"2025-04-14T18:08:43","modified_gmt":"2025-04-14T21:08:43","slug":"vereador-felipe-penedo-solicita-esclarecimentos-sobre-composicao-tecnica-da-cotec-em-limeira","status":"publish","type":"post","link":"https:\/\/guialimeira.com.br\/news\/vereador-felipe-penedo-solicita-esclarecimentos-sobre-composicao-tecnica-da-cotec-em-limeira\/","title":{"rendered":"Vereador Felipe Penedo solicita esclarecimentos sobre composi\u00e7\u00e3o t\u00e9cnica da COTEC em Limeira"},"content":{"rendered":"\n<p class=\"wp-block-paragraph\">O vereador <strong>Felipe Penedo de Barros (PL)<\/strong> protocolou o Requerimento n\u00ba 224\/2025 na C\u00e2mara Municipal de Limeira, solicitando ao Poder Executivo informa\u00e7\u00f5es detalhadas sobre a <strong>Comiss\u00e3o Permanente de Orienta\u00e7\u00e3o T\u00e9cnica (COTEC)<\/strong>, institu\u00edda pelo Decreto Municipal n\u00ba 55\/2025, publicado em 12 de mar\u00e7o deste ano.<\/p>\n\n\n\n<p class=\"wp-block-paragraph\">A comiss\u00e3o tem como objetivo orientar a Prefeitura em a\u00e7\u00f5es voltadas ao transporte e \u00e0 log\u00edstica intermodal e internacional. No entanto, o parlamentar levanta um ponto crucial: a necessidade de garantir que os membros da COTEC possuam qualifica\u00e7\u00e3o t\u00e9cnica adequada para emiss\u00e3o de pareceres t\u00e9cnicos com respaldo legal.<\/p>\n\n\n\n<hr class=\"wp-block-separator has-alpha-channel-opacity\"\/>\n\n\n\n<h3 class=\"wp-block-heading\">\ud83d\udcc4 Pontos levantados no requerimento:<\/h3>\n\n\n\n<p class=\"wp-block-paragraph\">O vereador questiona:<\/p>\n\n\n\n<p class=\"wp-block-paragraph\">\u2705 A COTEC ser\u00e1 respons\u00e1vel por elaborar pareceres t\u00e9cnicos? Se sim, quais documentos ter\u00e3o essa natureza?<\/p>\n\n\n\n<p class=\"wp-block-paragraph\">\u2705 Os membros da comiss\u00e3o possuem forma\u00e7\u00e3o compat\u00edvel com as exig\u00eancias t\u00e9cnicas da \u00e1rea de transporte e log\u00edstica?<\/p>\n\n\n\n<p class=\"wp-block-paragraph\">\u2705 Os pareceres emitidos exigir\u00e3o assinatura de profissionais habilitados em conselhos como CREA ou CAU?<\/p>\n\n\n\n<p class=\"wp-block-paragraph\">\u2705 Existe a possibilidade de revis\u00e3o na composi\u00e7\u00e3o da comiss\u00e3o para garantir que apenas t\u00e9cnicos capacitados assumam essas fun\u00e7\u00f5es?<\/p>\n\n\n\n<hr class=\"wp-block-separator has-alpha-channel-opacity\"\/>\n\n\n\n<h3 class=\"wp-block-heading\">\ud83d\udee0\ufe0f Import\u00e2ncia da qualifica\u00e7\u00e3o t\u00e9cnica<\/h3>\n\n\n\n<p class=\"wp-block-paragraph\">Na justificativa, Felipe Penedo ressalta que, para garantir a validade e legitimidade dos pareceres emitidos pela comiss\u00e3o, \u00e9 essencial que eles sejam assinados por profissionais habilitados legalmente em suas \u00e1reas. Isso n\u00e3o apenas cumpre exig\u00eancias legais, mas tamb\u00e9m assegura a qualidade e confiabilidade dos estudos t\u00e9cnicos realizados.<\/p>\n\n\n\n<hr class=\"wp-block-separator has-alpha-channel-opacity\"\/>\n\n\n\n<h3 class=\"wp-block-heading\">\ud83d\udde3\ufe0f &#8220;Planejamento log\u00edstico exige responsabilidade t\u00e9cnica&#8221;<\/h3>\n\n\n\n<p class=\"wp-block-paragraph\">\u201cPlanejamento log\u00edstico \u00e9 um pilar fundamental para o desenvolvimento da cidade. No entanto, sem uma base t\u00e9cnica s\u00f3lida e profissionais qualificados, os pareceres podem perder credibilidade e validade legal. Nosso objetivo \u00e9 assegurar que a popula\u00e7\u00e3o de Limeira receba um servi\u00e7o eficiente e respaldado\u201d, destacou o vereador.<\/p>\n","protected":false},"excerpt":{"rendered":"<p>O vereador Felipe Penedo de Barros (PL) protocolou o Requerimento n\u00ba 224\/2025 na C\u00e2mara Municipal de Limeira, solicitando ao Poder Executivo informa\u00e7\u00f5es detalhadas sobre a Comiss\u00e3o Permanente de Orienta\u00e7\u00e3o T\u00e9cnica (COTEC), institu\u00edda pelo Decreto Municipal n\u00ba 55\/2025, publicado em 12 de mar\u00e7o deste ano.<\/p>\n","protected":false},"author":1,"featured_media":30408,"comment_status":"open","ping_status":"open","sticky":false,"template":"","format":"standard","meta":{"_jetpack_newsletter_access":"","_jetpack_dont_email_post_to_subs":false,"_jetpack_newsletter_tier_id":0,"_jetpack_memberships_contains_paywalled_content":false,"_mbp_banners":[],"_jetpack_feature_clip_id":0,"_jetpack_memberships_contains_paid_content":false,"footnotes":"","jetpack_publicize_message":"","jetpack_publicize_feature_enabled":true,"jetpack_social_post_already_shared":true,"jetpack_social_options":{"image_generator_settings":{"template":"highway","default_image_id":0,"font":"","enabled":false},"version":2},"jetpack_post_was_ever_published":false},"categories":[19],"tags":[],"class_list":["post-30407","post","type-post","status-publish","format-standard","has-post-thumbnail","category-politica"],"jetpack_publicize_connections":[],"jetpack-related-posts":[],"jetpack_shortlink":"https:\/\/wp.me\/p7Eq1F-7Ur","jetpack_sharing_enabled":true,"jetpack_featured_media_url":"https:\/\/i0.wp.com\/guialimeira.com.br\/news\/wp-content\/uploads\/2025\/04\/e0fbbcc3-0d50-446f-895d-d6dc6f5a49d2.png?fit=1024%2C1024&ssl=1","_links":{"self":[{"href":"https:\/\/guialimeira.com.br\/news\/wp-json\/wp\/v2\/posts\/30407","targetHints":{"allow":["GET"]}}],"collection":[{"href":"https:\/\/guialimeira.com.br\/news\/wp-json\/wp\/v2\/posts"}],"about":[{"href":"https:\/\/guialimeira.com.br\/news\/wp-json\/wp\/v2\/types\/post"}],"author":[{"embeddable":true,"href":"https:\/\/guialimeira.com.br\/news\/wp-json\/wp\/v2\/users\/1"}],"replies":[{"embeddable":true,"href":"https:\/\/guialimeira.com.br\/news\/wp-json\/wp\/v2\/comments?post=30407"}],"version-history":[{"count":1,"href":"https:\/\/guialimeira.com.br\/news\/wp-json\/wp\/v2\/posts\/30407\/revisions"}],"predecessor-version":[{"id":30409,"href":"https:\/\/guialimeira.com.br\/news\/wp-json\/wp\/v2\/posts\/30407\/revisions\/30409"}],"wp:featuredmedia":[{"embeddable":true,"href":"https:\/\/guialimeira.com.br\/news\/wp-json\/wp\/v2\/media\/30408"}],"wp:attachment":[{"href":"https:\/\/guialimeira.com.br\/news\/wp-json\/wp\/v2\/media?parent=30407"}],"wp:term":[{"taxonomy":"category","embeddable":true,"href":"https:\/\/guialimeira.com.br\/news\/wp-json\/wp\/v2\/categories?post=30407"},{"taxonomy":"post_tag","embeddable":true,"href":"https:\/\/guialimeira.com.br\/news\/wp-json\/wp\/v2\/tags?post=30407"}],"curies":[{"name":"wp","href":"https:\/\/api.w.org\/{rel}","templated":true}]}}