{"id":30403,"date":"2025-04-14T17:43:21","date_gmt":"2025-04-14T20:43:21","guid":{"rendered":"https:\/\/guialimeira.com.br\/2025\/04\/14\/oposicao-denuncia-fraude-na-eleicao-do-equador\/"},"modified":"2025-04-14T17:43:21","modified_gmt":"2025-04-14T20:43:21","slug":"oposicao-denuncia-fraude-na-eleicao-do-equador","status":"publish","type":"post","link":"https:\/\/guialimeira.com.br\/news\/oposicao-denuncia-fraude-na-eleicao-do-equador\/","title":{"rendered":"Oposi\u00e7\u00e3o denuncia fraude na elei\u00e7\u00e3o do Equador"},"content":{"rendered":"<p> <br \/>\n<\/p>\n<div>\n<p><strong>A elei\u00e7\u00e3o presidencial do Equador terminou neste domingo (13) com den\u00fancia de fraude da oposi\u00e7\u00e3o <\/strong>liderada pela candidata de esquerda Luisa Gonz\u00e1lez, do partido Revolu\u00e7\u00e3o Cidad\u00e3. Com mais de 97% das urnas apuradas, o <a href=\"http:\/\/https:\/\/elecciones2025-2v.cne.gob.ec\/\" target=\"_blank\">resultado oficial<\/a> deu ao atual presidente de direita Daniel Noboa 55,6% dos votos contra 44,3% de Luisa.<img data-recalc-dims=\"1\" decoding=\"async\" src=\"https:\/\/i0.wp.com\/agenciabrasil.ebc.com.br\/ebc.png?w=696&#038;ssl=1\" style=\"width:1px; height:1px; display:inline;\"\/><img data-recalc-dims=\"1\" decoding=\"async\" src=\"https:\/\/i0.wp.com\/agenciabrasil.ebc.com.br\/ebc.gif?w=696&#038;ssl=1\" style=\"width:1px; height:1px; display:inline;\"\/><\/p>\n<p>Entre os ind\u00edcios da den\u00fancia de fraude eleitoral, a oposi\u00e7\u00e3o cita o registro de atas eleitorais sem assinaturas e a diferen\u00e7a entre pesquisas eleitorais e resultados oficiais. <strong>Outra desconfian\u00e7a da oposi\u00e7\u00e3o foi a mudan\u00e7a de 18 locais de vota\u00e7\u00e3o<\/strong> sob a alega\u00e7\u00e3o de falta de condi\u00e7\u00f5es clim\u00e1ticas.<\/p>\n<p><strong>O Estado de Exce\u00e7\u00e3o decretado por Noboa um dia antes da vota\u00e7\u00e3o tamb\u00e9m \u00e9 apontado como interfer\u00eancia no processo eleitoral.<\/strong> O decreto suspendeu\u00a0 direitos fundamentais, como a inviolabilidade do domic\u00edlio e o direito \u00e0 reuni\u00e3o, al\u00e9m de instituir toque de recolher na capital, Quito, e outras sete prov\u00edncias. O governo alega que a medida foi necess\u00e1ria para frear o aumento da viol\u00eancia no pa\u00eds.<\/p>\n<p>Para especialistas consultados pela <strong>Ag\u00eancia Brasil<\/strong>, decis\u00f5es recentes de Noboa, como o decreto de Estado de Exce\u00e7\u00e3o, trazem desconfian\u00e7as em rela\u00e7\u00e3o ao resultado. Eles avaliam ainda que h\u00e1 fatores pol\u00edticos que podem justificar o aumento da diferen\u00e7a entre Noboa e Gonz\u00e1lez de 20 mil para 1,2 milh\u00e3o de votos entre primeiro e segundo turno.\u00a0\u00a0<\/p>\n<h2>Autoritarismo e polariza\u00e7\u00e3o<\/h2>\n<p>Para a professora de Rela\u00e7\u00f5es Internacionais da Universidade Federal de S\u00e3o Paulo (Unifesp) Carolina Silva Pedroso, a <strong>polariza\u00e7\u00e3o pol\u00edtica pode explicar a diferen\u00e7a que Noboa conquistou no 2\u00ba turno<\/strong>.<\/p>\n<blockquote>\n<p>\u201cN\u00e3o podemos dizer, com certeza, o que aconteceu, porque temos poucos elementos concretos. Mas esse clima de desconfian\u00e7a em rela\u00e7\u00e3o ao resultado se justifica pelas a\u00e7\u00f5es autorit\u00e1rias do governo Noboa. O decreto de Estado de Exce\u00e7\u00e3o pode ter tido alguma influ\u00eancia como ferramentas de dissuas\u00e3o das pessoas a se sentirem livres para votar\u201d, avaliou.<\/p>\n<\/blockquote>\n<p>Carolina disse que \u00e9 compreens\u00edvel o aumento na diferen\u00e7a de votos \u201cpor conta desse clima de medo do corre\u00edsmo voltar ao poder. Al\u00e9m do medo da venezuelaniza\u00e7\u00e3o do pa\u00eds, que \u00e9 um discurso que a gente percebe muito na disputa eleitoral\u201d.<\/p>\n<p><strong>Corre\u00edsmo \u00e9 a corrente pol\u00edtica do ex-presidente Rafael Correa, que governou o pa\u00eds de 2007 a 2017, e representado nesta elei\u00e7\u00e3o por Luisa Gonz\u00e1lez.<\/strong>\u00a0\u00a0<\/p>\n<p>A tamb\u00e9m professora de Rela\u00e7\u00f5es Internacionais da Unifesp Regiane Nitch Bressan ressaltou que <strong>n\u00e3o houve, at\u00e9 o momento, contesta\u00e7\u00e3o de resultados por parte dos principais observadores internacionais<\/strong>.<\/p>\n<blockquote>\n<p>\u201cNoboa tem a m\u00e1quina p\u00fablica a seu favor e, por isso, consegue fazer uma elei\u00e7\u00e3o muito mais acirrada. Ele integra uma extrema-direita que est\u00e1 manuseando muito bem as redes sociais. \u00c9 um tipo de candidato que, n\u00e3o me admira, tenha sido reeleito, ainda que 28% da popula\u00e7\u00e3o esteja abaixo da linha da pobreza, e que o pa\u00eds continue enfrentando <a href=\"https:\/\/agenciabrasil.ebc.com.br\/internacional\/noticia\/2024-01\/entenda-origens-da-atual-crise-de-seguranca-do-equador\" target=\"_blank\" rel=\"noopener\">graves problemas de criminalidade<\/a>\u201d, ponderou.\u00a0<\/p>\n<\/blockquote>\n<div class=\"dnd-widget-wrapper context-cheio_8colunas type-image\">\n<div class=\"dnd-atom-rendered\"><!-- scald=420928:cheio_8colunas --><br \/>\n            <img data-recalc-dims=\"1\" decoding=\"async\" src=\"https:\/\/i0.wp.com\/imagens.ebc.com.br\/W8ZtRkG-r7j-PYR8nQv4NUoLXbs%3D\/754x0\/smart\/https%3A\/\/agenciabrasil.ebc.com.br\/sites\/default\/files\/thumbnails\/image\/2025\/04\/14\/oea_elecciones01.jpg?w=696&#038;ssl=1\" alt=\"Bras\u00edlia (DF) 14\/04\/2025 - Entenda den\u00fancia de fraude na elei\u00e7\u00e3o do Equador que reelegeu Noboa.&#13;&#10;Foto: oea_elecciones\/Instagram\" title=\"oea_elecciones\"\/><br \/>\n        <img data-recalc-dims=\"1\" decoding=\"async\" src=\"https:\/\/i0.wp.com\/imagens.ebc.com.br\/W8ZtRkG-r7j-PYR8nQv4NUoLXbs%3D\/754x0\/smart\/https%3A\/\/agenciabrasil.ebc.com.br\/sites\/default\/files\/thumbnails\/image\/2025\/04\/14\/oea_elecciones01.jpg?w=696&#038;ssl=1\" alt=\"Bras\u00edlia (DF) 14\/04\/2025 - Entenda den\u00fancia de fraude na elei\u00e7\u00e3o do Equador que reelegeu Noboa.&#13;&#10;Foto: oea_elecciones\/Instagram\" title=\"oea_elecciones\"\/><br \/>\n    <!-- END scald=420928 --><\/div>\n<p><h6 class=\"meta\"><!--copyright=420928-->Oposi\u00e7\u00e3o denuncia fraude na elei\u00e7\u00e3o presidencial &#8211; Foto: <strong>OEA\/Instagram<\/strong><!--END copyright=420928--><\/h6>\n<\/p>\n<\/div>\n<h2>Observadores Internacionais<\/h2>\n<p>A miss\u00e3o eleitoral da Organiza\u00e7\u00e3o dos Estados Americanos (OEA) contou com 84 observadores em 20 prov\u00edncias do Equador. Durante a vota\u00e7\u00e3o, o chefe da miss\u00e3o, Heraldo Mu\u00f1oz, afirmou que a vota\u00e7\u00e3o ocorria \u201cpor ora\u201d com tranquilidade.<\/p>\n<p>Ap\u00f3s o Conselho Nacional Eleitoral (CNE) anunciar o resultado, <strong>o secret\u00e1rio-geral da OEA, Luis Almagro, parabenizou Noboa pela vit\u00f3ria<\/strong> e disse que houve coincid\u00eancia entre os dados apresentados pelo conselho e os coletados pelos observadores da institui\u00e7\u00e3o. Ele observou, no entanto, que ir\u00e3o monitorar \u201cquaisquer processos institucionais subsequentes que possam surgir\u201d.<\/p>\n<p><strong>A miss\u00e3o eleitoral da Uni\u00e3o Europeia (UE) s\u00f3 deve publicar o parecer sobre a elei\u00e7\u00e3o equatoriana nesta ter\u00e7a-feira (15).<\/strong> O chefe da miss\u00e3o europeia, Gabriel Mato Adrover, informou que a vota\u00e7\u00e3o ocorria com normalidade no final da manh\u00e3 do domingo, sem irregularidades registradas.\u00a0\u00a0<\/p>\n<p><strong>A elei\u00e7\u00e3o no Equador \u00e9 por meio do voto manual, em papel.<\/strong> Com o fim da vota\u00e7\u00e3o, cada urna \u00e9 contada e o resultado \u00e9 registrado em ata com a assinatura das autoridades presentes e verificada pelos fiscais dos partidos. Em seguida, a ata eleitoral \u00e9 enviada para o CNE, que totaliza os votos.<\/p>\n<h2>Ind\u00edcios de fraudes<\/h2>\n<p><strong>A candidata da esquerda Luisa Gonz\u00e1lez sugeriu que essa foi \u201cprovavelmente a mais grotesca fraude eleitoral\u201d do Equador e que o pa\u00eds \u201cvive uma ditadura\u201d.<\/strong>\u00a0<\/p>\n<p>Ela pede a recontagem dos votos com abertura das urnas.<\/p>\n<blockquote>\n<p>\u201cS\u00e3o 11 pesquisas e investiga\u00e7\u00f5es estat\u00edsticas, em que todas elas, at\u00e9 as do governo, nos deram a vit\u00f3ria, e nenhuma delas nos deu uma diferen\u00e7a como a que estamos vendo no CNE\u201d, alertou em discurso ap\u00f3s a revela\u00e7\u00e3o do resultado.<\/p>\n<\/blockquote>\n<p><strong>A oposi\u00e7\u00e3o ainda apresenta atas eleitorais registradas no CNE sem assinaturas como ind\u00edcio de fraude.<\/strong> \u201cDezenas de atas oficiais sem firmas nem validade legal certificaram exclusivamente resultados favor\u00e1veis \u00e0 Daniel Noboa, violando as normas b\u00e1sicas da transpar\u00eancia eleitoral\u201d, denuncia o partido Revolu\u00e7\u00e3o Cidad\u00e3, em <a href=\"https:\/\/x.com\/RC5Oficial\/status\/1911731949305016435\" target=\"_blank\">nota publicada nesta segunda-feira<\/a>.\u00a0<\/p>\n<p>O ex-presidente Rafael Correa argumentou que n\u00e3o poderia haver redu\u00e7\u00e3o de votos na Luisa em, ao menos, quatro prov\u00edncias, como foi calculado pelo CNE.\u00a0<\/p>\n<p>\u201cA menos que tenha ocorrido um cataclismo, \u00e9 imposs\u00edvel reduzir votos, como aconteceu em Guayas e outras prov\u00edncias\u201d, justificou.<\/p>\n<p>A presidente do CNE, Diana Atamaint, afirmou que os <strong>resultados s\u00e3o \u201co fiel reflexo da vontade popular\u201d de um processo transparente e que transcorreu em paz<\/strong>.\u00a0<\/p>\n<blockquote>\n<p>\u201cA democracia \u00e9 fortalecida quando a voz do povo \u00e9 respeitada. E hoje essa voz foi ouvida claramente\u201d, afirmou.<\/p>\n<\/blockquote>\n<h2>Recontagem de votos<\/h2>\n<p>A autoridade eleitoral do pa\u00eds \u00e9 que decide se o pedido da oposi\u00e7\u00e3o para recontagem dos votos tem ind\u00edcios de irregularidades suficientes para justificar uma nova contagem manual de votos.\u00a0<\/p>\n<blockquote>\n<p>\u201cA oposi\u00e7\u00e3o precisa entregar tamb\u00e9m provas para que o CNE analise o processo, para ver se esse processo se sustenta ou n\u00e3o. Eles n\u00e3o fariam uma recontagem de 100% das atas, mas daquelas que, em tese, estariam com problemas\u201d, explicou a professora Carolina Silva Pedroso.<\/p>\n<\/blockquote>\n<div class=\"dnd-widget-wrapper context-cheio_8colunas type-image\">\n<div class=\"dnd-atom-rendered\"><!-- scald=413344:cheio_8colunas --><br \/>\n            <img data-recalc-dims=\"1\" decoding=\"async\" src=\"https:\/\/i0.wp.com\/imagens.ebc.com.br\/mV4hNSWoGa1Z1tXnElVzL6PBtns%3D\/754x0\/smart\/https%3A\/\/agenciabrasil.ebc.com.br\/sites\/default\/files\/thumbnails\/image\/2025\/02\/07\/equador01.jpg?w=696&#038;ssl=1\" alt=\"Foto 1: Ecuador's President and presidential candidate for reelection Daniel Noboa gestures during a campaign event for the upcoming Sunday presidential election, in Quito, Ecuador February 6, 2025. Reuters\/David Diaz Arcos\/Proibida reprodu\u00e7\u00e3o&#13;&#10;Foto 2: Ecuadorean presidential candidate Luisa Gonzalez of the Revolucion Ciudadana party, the political party of Ecuador's ex-President Rafael Correa, speaks during a campaign rally ahead of the February 9 general election, in Guayaquil, Ecuador, February 6, 2025. Reuters\/Henry Romero\/Proibida reprodu\u00e7\u00e3o\" title=\"Reuters\/David Diaz Arcos e Henry Romero\/Proibida reprodu\u00e7\u00e3o\"\/><br \/>\n        <img data-recalc-dims=\"1\" decoding=\"async\" src=\"https:\/\/i0.wp.com\/imagens.ebc.com.br\/mV4hNSWoGa1Z1tXnElVzL6PBtns%3D\/754x0\/smart\/https%3A\/\/agenciabrasil.ebc.com.br\/sites\/default\/files\/thumbnails\/image\/2025\/02\/07\/equador01.jpg?w=696&#038;ssl=1\" alt=\"Foto 1: Ecuador's President and presidential candidate for reelection Daniel Noboa gestures during a campaign event for the upcoming Sunday presidential election, in Quito, Ecuador February 6, 2025. Reuters\/David Diaz Arcos\/Proibida reprodu\u00e7\u00e3o&#13;&#10;Foto 2: Ecuadorean presidential candidate Luisa Gonzalez of the Revolucion Ciudadana party, the political party of Ecuador's ex-President Rafael Correa, speaks during a campaign rally ahead of the February 9 general election, in Guayaquil, Ecuador, February 6, 2025. Reuters\/Henry Romero\/Proibida reprodu\u00e7\u00e3o\" title=\"Reuters\/David Diaz Arcos e Henry Romero\/Proibida reprodu\u00e7\u00e3o\"\/><br \/>\n    <!-- END scald=413344 --><\/div>\n<p><h6 class=\"meta\"><!--copyright=413344-->Daniel Noboa e Luisa Gonz\u00e1lez concorreram \u00e0 Presid\u00eancia do Equador neste domingo &#8211; <strong>Reuters\/David Diaz Arcos e Henry Romero\/Proibida reprodu\u00e7\u00e3o<\/strong><!--END copyright=413344--><\/h6>\n<\/p>\n<\/div>\n<h2>Avan\u00e7o da extrema-direita<\/h2>\n<p><strong>A professora da Unifesp Regiane Bressan acredita que dificilmente o resultado mudar\u00e1<\/strong>, apesar das contesta\u00e7\u00f5es da oposi\u00e7\u00e3o. Ela destaca que a vit\u00f3ria de Noboa amplia a fissura ideol\u00f3gica entre os pa\u00edses da Am\u00e9rica Latina com o avan\u00e7o da extrema-direita.<\/p>\n<p>\u201cNoboa tem apoio dos Estados Unidos e, por isso, provoca uma cis\u00e3o na conjuntura latino-americana. Ele refor\u00e7a essa cis\u00e3o na medida em que n\u00f3s temos El Salvador, Equador e Argentina muito mais alinhados com os EUA\u201d, acrescentou.<\/p>\n<p>Para a especialista em Am\u00e9rica Latina, a vit\u00f3ria de Noboa dificulta a tentativa do Brasil de integrar o continente para agir coordenado diante das a\u00e7\u00f5es do governo Trump.<\/p>\n<blockquote>\n<p>\u201cO Brasil n\u00e3o quer gerar uma oposi\u00e7\u00e3o declarada, mas quer um contraponto a\u00a0Trump para buscarmos alternativas diante do tarifa\u00e7o e demais mazelas do governo dos EUA. A vit\u00f3ria de Noboa dificulta a lideran\u00e7a brasileira ou mesmo um acordo comum para lidarmos com os desafios que est\u00e3o por vir\u201d, explica.<\/p>\n<\/blockquote>\n<p><strong>A especialista avalia ainda que o governo Noboa deve <a href=\"https:\/\/agenciabrasil.ebc.com.br\/internacional\/noticia\/2024-05\/ong-relata-torturas-execucoes-e-prisoes-arbitrarias-no-equador\" target=\"_blank\" rel=\"noopener\">endurecer suas pol\u00edticas de seguran\u00e7a<\/a><\/strong>, suspendendo direitos fundamentais com a justificativa de combater a criminalidade, a exemplo do que ocorre em El Salvador. Eleito para um mandato tamp\u00e3o de 18 meses, Noboa agora ter\u00e1 4 anos para implementar suas pol\u00edticas no Equador.<\/p>\n<p>      <!-- Relacionada --><\/p>\n<p>            <!-- Relacionada -->\n    <\/div>\n<p><br \/>\n<br \/><a href=\"https:\/\/agenciabrasil.ebc.com.br\/internacional\/noticia\/2025-04\/oposicao-denuncia-fraude-na-eleicao-do-equador\" rel=\"noopener\">Ag\u00eancia Brasil <\/a><\/p>\n","protected":false},"excerpt":{"rendered":"<p>A elei\u00e7\u00e3o presidencial do Equador terminou neste domingo (13) com den\u00fancia de fraude da oposi\u00e7\u00e3o liderada pela candidata de esquerda Luisa Gonz\u00e1lez, do partido Revolu\u00e7\u00e3o Cidad\u00e3. Com mais de 97% das urnas apuradas, o resultado oficial deu ao atual presidente de direita Daniel Noboa 55,6% dos votos contra 44,3% de Luisa. Entre os ind\u00edcios da [&hellip;]<\/p>\n","protected":false},"author":1,"featured_media":30404,"comment_status":"open","ping_status":"open","sticky":false,"template":"","format":"standard","meta":{"_jetpack_newsletter_access":"","_jetpack_dont_email_post_to_subs":false,"_jetpack_newsletter_tier_id":0,"_jetpack_memberships_contains_paywalled_content":false,"_mbp_banners":[],"_jetpack_feature_clip_id":0,"_jetpack_memberships_contains_paid_content":false,"footnotes":"","jetpack_publicize_message":"","jetpack_publicize_feature_enabled":true,"jetpack_social_post_already_shared":true,"jetpack_social_options":{"image_generator_settings":{"template":"highway","default_image_id":0,"font":"","enabled":false},"version":2},"jetpack_post_was_ever_published":false},"categories":[25],"tags":[],"class_list":["post-30403","post","type-post","status-publish","format-standard","has-post-thumbnail","category-internacional"],"jetpack_publicize_connections":[],"jetpack-related-posts":[],"jetpack_shortlink":"https:\/\/wp.me\/p7Eq1F-7Un","jetpack_sharing_enabled":true,"jetpack_featured_media_url":"https:\/\/i0.wp.com\/guialimeira.com.br\/news\/wp-content\/uploads\/2025\/04\/oea_elecciones02.jpg?fit=1600%2C800&ssl=1","_links":{"self":[{"href":"https:\/\/guialimeira.com.br\/news\/wp-json\/wp\/v2\/posts\/30403","targetHints":{"allow":["GET"]}}],"collection":[{"href":"https:\/\/guialimeira.com.br\/news\/wp-json\/wp\/v2\/posts"}],"about":[{"href":"https:\/\/guialimeira.com.br\/news\/wp-json\/wp\/v2\/types\/post"}],"author":[{"embeddable":true,"href":"https:\/\/guialimeira.com.br\/news\/wp-json\/wp\/v2\/users\/1"}],"replies":[{"embeddable":true,"href":"https:\/\/guialimeira.com.br\/news\/wp-json\/wp\/v2\/comments?post=30403"}],"version-history":[{"count":0,"href":"https:\/\/guialimeira.com.br\/news\/wp-json\/wp\/v2\/posts\/30403\/revisions"}],"wp:featuredmedia":[{"embeddable":true,"href":"https:\/\/guialimeira.com.br\/news\/wp-json\/wp\/v2\/media\/30404"}],"wp:attachment":[{"href":"https:\/\/guialimeira.com.br\/news\/wp-json\/wp\/v2\/media?parent=30403"}],"wp:term":[{"taxonomy":"category","embeddable":true,"href":"https:\/\/guialimeira.com.br\/news\/wp-json\/wp\/v2\/categories?post=30403"},{"taxonomy":"post_tag","embeddable":true,"href":"https:\/\/guialimeira.com.br\/news\/wp-json\/wp\/v2\/tags?post=30403"}],"curies":[{"name":"wp","href":"https:\/\/api.w.org\/{rel}","templated":true}]}}