{"id":30397,"date":"2025-04-14T17:36:59","date_gmt":"2025-04-14T20:36:59","guid":{"rendered":"https:\/\/guialimeira.com.br\/?p=30397"},"modified":"2025-04-14T17:37:02","modified_gmt":"2025-04-14T20:37:02","slug":"costa-junior-cobra-limpeza-e-regularizacao-da-pista-de-motocross-em-limeira","status":"publish","type":"post","link":"https:\/\/guialimeira.com.br\/news\/costa-junior-cobra-limpeza-e-regularizacao-da-pista-de-motocross-em-limeira\/","title":{"rendered":"Costa J\u00fanior cobra limpeza e regulariza\u00e7\u00e3o da pista de motocross em Limeira"},"content":{"rendered":"\n<p class=\"wp-block-paragraph\">O vereador <strong>Costa J\u00fanior (Podemos)<\/strong> protocolou o Requerimento n\u00ba 263\/2025 na C\u00e2mara Municipal de Limeira solicitando informa\u00e7\u00f5es ao Poder Executivo sobre a situa\u00e7\u00e3o da <strong>pista de motocross localizada no Horto Florestal<\/strong>. A proposta busca garantir a limpeza do espa\u00e7o, bem como viabilizar a regulariza\u00e7\u00e3o de treinos e competi\u00e7\u00f5es oficiais no local.<\/p>\n\n\n\n<p class=\"wp-block-paragraph\">Segundo o parlamentar, a cidade de Limeira \u00e9 reconhecida como um dos principais polos do motocross no interior de S\u00e3o Paulo, e manter a estrutura em boas condi\u00e7\u00f5es \u00e9 essencial tanto para os atletas quanto para o turismo esportivo.<\/p>\n\n\n\n<p class=\"wp-block-paragraph\">Entre os principais questionamentos feitos por Costa J\u00fanior est\u00e3o:<\/p>\n\n\n\n<p class=\"wp-block-paragraph\">\u2705 Qual a data prevista para a realiza\u00e7\u00e3o da limpeza e capina\u00e7\u00e3o na \u00e1rea da pista?<\/p>\n\n\n\n<p class=\"wp-block-paragraph\">\u2705 Existe um cronograma estabelecido para a regulariza\u00e7\u00e3o dos treinos e campeonatos?<\/p>\n\n\n\n<p class=\"wp-block-paragraph\">A iniciativa visa preservar a qualidade do espa\u00e7o e incentivar a pr\u00e1tica esportiva de forma segura e organizada.<\/p>\n\n\n\n<hr class=\"wp-block-separator has-alpha-channel-opacity\"\/>\n\n\n\n<h3 class=\"wp-block-heading\">\ud83c\udfc1 Estrutura e tradi\u00e7\u00e3o no motocross limeirense<\/h3>\n\n\n\n<p class=\"wp-block-paragraph\">Limeira abriga o <strong>Mot\u00f3dromo Carlos Alberto Nunes<\/strong>, refer\u00eancia nacional com pista de 1.500 metros e padr\u00e3o FIM (Federa\u00e7\u00e3o Internacional de Motociclismo). O espa\u00e7o foi reformado em 2014 para receber a semifinal do Campeonato Brasileiro de Motocross e continua sendo palco de grandes disputas.<\/p>\n\n\n\n<p class=\"wp-block-paragraph\">Al\u00e9m disso, a cidade conta com a atua\u00e7\u00e3o da <strong>Associa\u00e7\u00e3o de Pilotos de Motocross e Enduro de Limeira (APMEL)<\/strong>, que organiza eventos e a\u00e7\u00f5es voltadas ao fortalecimento do esporte.<\/p>\n\n\n\n<hr class=\"wp-block-separator has-alpha-channel-opacity\"\/>\n\n\n\n<h3 class=\"wp-block-heading\">\ud83d\udcc5 Eventos que movimentam a cidade<\/h3>\n\n\n\n<p class=\"wp-block-paragraph\">Entre os destaques recentes, Limeira voltou a sediar uma etapa do <strong>Campeonato Brasileiro de Motocross<\/strong>, com entrada gratuita e provas nas categorias MX1, MX2, MX3, MX4, MX5, MXJr, MXF, 65cc, 50cc e Nacional.<\/p>\n\n\n\n<p class=\"wp-block-paragraph\">Outro evento de destaque \u00e9 o <strong>Motorcycle Rock Limeira<\/strong>, que une adrenalina e m\u00fasica em um s\u00f3 lugar. A edi\u00e7\u00e3o de 2024, realizada de 1\u00ba a 4 de agosto, contou com shows de rock, apresenta\u00e7\u00f5es de motocross freestyle e diversas atra\u00e7\u00f5es para o p\u00fablico.<\/p>\n","protected":false},"excerpt":{"rendered":"<p>O vereador Costa J\u00fanior (Podemos) protocolou o Requerimento n\u00ba 263\/2025 na C\u00e2mara Municipal de Limeira solicitando informa\u00e7\u00f5es ao Poder Executivo sobre a situa\u00e7\u00e3o da pista de motocross localizada no Horto Florestal. A proposta busca garantir a limpeza do espa\u00e7o, bem como viabilizar a regulariza\u00e7\u00e3o de treinos e competi\u00e7\u00f5es oficiais no local.<\/p>\n","protected":false},"author":1,"featured_media":30398,"comment_status":"open","ping_status":"open","sticky":false,"template":"","format":"standard","meta":{"_jetpack_newsletter_access":"","_jetpack_dont_email_post_to_subs":false,"_jetpack_newsletter_tier_id":0,"_jetpack_memberships_contains_paywalled_content":false,"_mbp_banners":[],"_jetpack_feature_clip_id":0,"_jetpack_memberships_contains_paid_content":false,"footnotes":"","jetpack_publicize_message":"","jetpack_publicize_feature_enabled":true,"jetpack_social_post_already_shared":true,"jetpack_social_options":{"image_generator_settings":{"template":"highway","default_image_id":0,"font":"","enabled":false},"version":2},"jetpack_post_was_ever_published":false},"categories":[19],"tags":[],"class_list":["post-30397","post","type-post","status-publish","format-standard","has-post-thumbnail","category-politica"],"jetpack_publicize_connections":[],"jetpack-related-posts":[],"jetpack_shortlink":"https:\/\/wp.me\/p7Eq1F-7Uh","jetpack_sharing_enabled":true,"jetpack_featured_media_url":"https:\/\/i0.wp.com\/guialimeira.com.br\/news\/wp-content\/uploads\/2025\/04\/fiscaliza.png?fit=1024%2C1024&ssl=1","_links":{"self":[{"href":"https:\/\/guialimeira.com.br\/news\/wp-json\/wp\/v2\/posts\/30397","targetHints":{"allow":["GET"]}}],"collection":[{"href":"https:\/\/guialimeira.com.br\/news\/wp-json\/wp\/v2\/posts"}],"about":[{"href":"https:\/\/guialimeira.com.br\/news\/wp-json\/wp\/v2\/types\/post"}],"author":[{"embeddable":true,"href":"https:\/\/guialimeira.com.br\/news\/wp-json\/wp\/v2\/users\/1"}],"replies":[{"embeddable":true,"href":"https:\/\/guialimeira.com.br\/news\/wp-json\/wp\/v2\/comments?post=30397"}],"version-history":[{"count":1,"href":"https:\/\/guialimeira.com.br\/news\/wp-json\/wp\/v2\/posts\/30397\/revisions"}],"predecessor-version":[{"id":30399,"href":"https:\/\/guialimeira.com.br\/news\/wp-json\/wp\/v2\/posts\/30397\/revisions\/30399"}],"wp:featuredmedia":[{"embeddable":true,"href":"https:\/\/guialimeira.com.br\/news\/wp-json\/wp\/v2\/media\/30398"}],"wp:attachment":[{"href":"https:\/\/guialimeira.com.br\/news\/wp-json\/wp\/v2\/media?parent=30397"}],"wp:term":[{"taxonomy":"category","embeddable":true,"href":"https:\/\/guialimeira.com.br\/news\/wp-json\/wp\/v2\/categories?post=30397"},{"taxonomy":"post_tag","embeddable":true,"href":"https:\/\/guialimeira.com.br\/news\/wp-json\/wp\/v2\/tags?post=30397"}],"curies":[{"name":"wp","href":"https:\/\/api.w.org\/{rel}","templated":true}]}}