{"id":30378,"date":"2025-04-14T17:09:34","date_gmt":"2025-04-14T20:09:34","guid":{"rendered":"https:\/\/guialimeira.com.br\/?p=30378"},"modified":"2025-04-14T17:09:36","modified_gmt":"2025-04-14T20:09:36","slug":"vereador-helder-do-taxi-cobra-fiscalizacao-rigorosa-em-postos-de-combustiveis-de-limeira","status":"publish","type":"post","link":"https:\/\/guialimeira.com.br\/news\/vereador-helder-do-taxi-cobra-fiscalizacao-rigorosa-em-postos-de-combustiveis-de-limeira\/","title":{"rendered":"Vereador Helder do T\u00e1xi cobra fiscaliza\u00e7\u00e3o rigorosa em postos de combust\u00edveis de Limeira"},"content":{"rendered":"\n<p class=\"wp-block-paragraph\">O vereador Helder L\u00facio de Oliveira, conhecido como Helder do T\u00e1xi, apresentou um requerimento ao Poder Executivo solicitando informa\u00e7\u00f5es detalhadas sobre a <em>fiscaliza\u00e7\u00e3o em postos de combust\u00edveis<\/em> no munic\u00edpio de Limeira. A iniciativa surgiu ap\u00f3s o recebimento de diversas reclama\u00e7\u00f5es de mun\u00edcipes sobre a qualidade dos combust\u00edveis, as condi\u00e7\u00f5es sanit\u00e1rias dos estabelecimentos, os pre\u00e7os praticados e poss\u00edveis irregularidades nas bombas de abastecimento.<\/p>\n\n\n\n<p class=\"wp-block-paragraph\">O parlamentar destaca que essas situa\u00e7\u00f5es prejudicam diretamente os consumidores, causam impacto na economia local, afetam o meio ambiente e comprometem o bom funcionamento dos ve\u00edculos.<\/p>\n\n\n\n<p class=\"wp-block-paragraph\">Dentre os questionamentos feitos por Helder do T\u00e1xi est\u00e3o:<\/p>\n\n\n\n<p class=\"wp-block-paragraph\">\u2705 Com que frequ\u00eancia a fiscaliza\u00e7\u00e3o \u00e9 realizada nos postos de combust\u00edveis?<\/p>\n\n\n\n<p class=\"wp-block-paragraph\">\u2705 H\u00e1 intera\u00e7\u00e3o entre o munic\u00edpio, a ANP (Ag\u00eancia Nacional do Petr\u00f3leo) e os \u00f3rg\u00e3os estaduais para intensificar essas fiscaliza\u00e7\u00f5es?<\/p>\n\n\n\n<p class=\"wp-block-paragraph\">\u2705 Foram emitidos relat\u00f3rios sobre a qualidade e composi\u00e7\u00e3o dos combust\u00edveis nos \u00faltimos tr\u00eas meses? Caso positivo, solicita-se c\u00f3pia dos documentos.<\/p>\n\n\n\n<p class=\"wp-block-paragraph\">\u2705 As bombas de abastecimento foram devidamente aferidas? Solicita-se c\u00f3pia das laudas t\u00e9cnicas.<\/p>\n\n\n\n<p class=\"wp-block-paragraph\">\u2705 Todos os postos da cidade est\u00e3o em conformidade com as normas ambientais e sanit\u00e1rias?<\/p>\n\n\n\n<p class=\"wp-block-paragraph\">O objetivo do requerimento \u00e9 refor\u00e7ar o papel fiscalizador da C\u00e2mara Municipal, prezando pela transpar\u00eancia e seguran\u00e7a dos servi\u00e7os prestados aos limeirenses.<\/p>\n\n\n\n<p class=\"wp-block-paragraph\">\ud83d\uded1 \u201c\u00c9 nosso dever garantir que os postos estejam seguindo todas as normas. A popula\u00e7\u00e3o precisa ter certeza de que est\u00e1 pagando por um combust\u00edvel de qualidade e sendo atendida com respeito \u00e0s normas legais\u201d, declarou o vereador.<\/p>\n\n\n\n<p class=\"wp-block-paragraph\">Helder do T\u00e1xi segue acompanhando o tema e refor\u00e7a seu compromisso com a prote\u00e7\u00e3o dos direitos do consumidor e com a responsabilidade ambiental.<\/p>\n","protected":false},"excerpt":{"rendered":"<p>O vereador Helder L\u00facio de Oliveira, conhecido como Helder do T\u00e1xi, apresentou um requerimento ao Poder Executivo solicitando informa\u00e7\u00f5es detalhadas sobre a fiscaliza\u00e7\u00e3o em postos de combust\u00edveis no munic\u00edpio de Limeira. A iniciativa surgiu ap\u00f3s o recebimento de diversas reclama\u00e7\u00f5es de mun\u00edcipes sobre a qualidade dos combust\u00edveis, as condi\u00e7\u00f5es sanit\u00e1rias dos estabelecimentos, os pre\u00e7os praticados e poss\u00edveis irregularidades nas bombas de abastecimento.<\/p>\n","protected":false},"author":1,"featured_media":30391,"comment_status":"open","ping_status":"open","sticky":false,"template":"","format":"standard","meta":{"_jetpack_newsletter_access":"","_jetpack_dont_email_post_to_subs":false,"_jetpack_newsletter_tier_id":0,"_jetpack_memberships_contains_paywalled_content":false,"_mbp_banners":[],"_jetpack_feature_clip_id":0,"_jetpack_memberships_contains_paid_content":false,"footnotes":"","jetpack_publicize_message":"","jetpack_publicize_feature_enabled":true,"jetpack_social_post_already_shared":true,"jetpack_social_options":{"image_generator_settings":{"template":"highway","default_image_id":0,"font":"","enabled":false},"version":2},"jetpack_post_was_ever_published":false},"categories":[19],"tags":[],"class_list":["post-30378","post","type-post","status-publish","format-standard","has-post-thumbnail","category-politica"],"jetpack_publicize_connections":[],"jetpack-related-posts":[],"jetpack_shortlink":"https:\/\/wp.me\/p7Eq1F-7TY","jetpack_sharing_enabled":true,"jetpack_featured_media_url":"https:\/\/i0.wp.com\/guialimeira.com.br\/news\/wp-content\/uploads\/2025\/04\/helder_poto.png?fit=1536%2C1024&ssl=1","_links":{"self":[{"href":"https:\/\/guialimeira.com.br\/news\/wp-json\/wp\/v2\/posts\/30378","targetHints":{"allow":["GET"]}}],"collection":[{"href":"https:\/\/guialimeira.com.br\/news\/wp-json\/wp\/v2\/posts"}],"about":[{"href":"https:\/\/guialimeira.com.br\/news\/wp-json\/wp\/v2\/types\/post"}],"author":[{"embeddable":true,"href":"https:\/\/guialimeira.com.br\/news\/wp-json\/wp\/v2\/users\/1"}],"replies":[{"embeddable":true,"href":"https:\/\/guialimeira.com.br\/news\/wp-json\/wp\/v2\/comments?post=30378"}],"version-history":[{"count":1,"href":"https:\/\/guialimeira.com.br\/news\/wp-json\/wp\/v2\/posts\/30378\/revisions"}],"predecessor-version":[{"id":30392,"href":"https:\/\/guialimeira.com.br\/news\/wp-json\/wp\/v2\/posts\/30378\/revisions\/30392"}],"wp:featuredmedia":[{"embeddable":true,"href":"https:\/\/guialimeira.com.br\/news\/wp-json\/wp\/v2\/media\/30391"}],"wp:attachment":[{"href":"https:\/\/guialimeira.com.br\/news\/wp-json\/wp\/v2\/media?parent=30378"}],"wp:term":[{"taxonomy":"category","embeddable":true,"href":"https:\/\/guialimeira.com.br\/news\/wp-json\/wp\/v2\/categories?post=30378"},{"taxonomy":"post_tag","embeddable":true,"href":"https:\/\/guialimeira.com.br\/news\/wp-json\/wp\/v2\/tags?post=30378"}],"curies":[{"name":"wp","href":"https:\/\/api.w.org\/{rel}","templated":true}]}}