{"id":30355,"date":"2025-04-14T12:32:49","date_gmt":"2025-04-14T15:32:49","guid":{"rendered":"https:\/\/guialimeira.com.br\/2025\/04\/14\/vacinacao-nas-escolas-comeca-nesta-segunda-feira\/"},"modified":"2025-04-14T12:32:49","modified_gmt":"2025-04-14T15:32:49","slug":"vacinacao-nas-escolas-comeca-nesta-segunda-feira","status":"publish","type":"post","link":"https:\/\/guialimeira.com.br\/news\/vacinacao-nas-escolas-comeca-nesta-segunda-feira\/","title":{"rendered":"Vacina\u00e7\u00e3o nas escolas come\u00e7a nesta segunda-feira"},"content":{"rendered":"<p> <br \/>\n<\/p>\n<div>\n<p><strong>Escolas p\u00fablicas de todo o pa\u00eds iniciam nesta segunda-feira (14) uma mobiliza\u00e7\u00e3o para atualizar a caderneta de vacina\u00e7\u00e3o dos alunos. A a\u00e7\u00e3o faz parte do Programa Sa\u00fade na Escola, uma parceria entre o Minist\u00e9rio da Sa\u00fade e o Minist\u00e9rio da Educa\u00e7\u00e3o para ampliar a cobertura vacinal entre crian\u00e7as e adolescentes.<\/strong><img data-recalc-dims=\"1\" decoding=\"async\" src=\"https:\/\/i0.wp.com\/agenciabrasil.ebc.com.br\/ebc.png?w=696&#038;ssl=1\" style=\"width:1px; height:1px; display:inline;\"\/><img data-recalc-dims=\"1\" decoding=\"async\" src=\"https:\/\/i0.wp.com\/agenciabrasil.ebc.com.br\/ebc.gif?w=696&#038;ssl=1\" style=\"width:1px; height:1px; display:inline;\"\/><\/p>\n<p>Ao todo, 5.544 munic\u00edpios participam da campanha, que envolve cerca de 27,8 milh\u00f5es de alunos de 109,8 mil escolas \u2013 80% das institui\u00e7\u00f5es da rede p\u00fablica de ensino do pa\u00eds. De acordo com o Minist\u00e9rio da Sa\u00fade, \u00e9 a maior ades\u00e3o da hist\u00f3ria do programa, criado em 2007.<\/p>\n<p>A meta \u00e9 vacinar &#8211; at\u00e9 o pr\u00f3ximo dia 25 &#8211; pelo menos 90% dos estudantes menores de 15 anos. Ser\u00e3o aplicadas doses contra a febre amarela, al\u00e9m da tr\u00edplice viral (sarampo, caxumba e rub\u00e9ola), da DTP (tr\u00edplice bacteriana), da meningoc\u00f3cica ACWY e da vacina contra o HPV.<\/p>\n<p><strong>\u201cAs a\u00e7\u00f5es contam com a participa\u00e7\u00e3o de profissionais do SUS [Sistema \u00danico de Sa\u00fade], cujas equipes v\u00e3o vacinar no ambiente escolar ou as institui\u00e7\u00f5es de ensino levar\u00e3o os estudantes at\u00e9 uma unidade b\u00e1sica de sa\u00fade (UBS), sempre com a autoriza\u00e7\u00e3o dos respons\u00e1veis\u201d, informou o minist\u00e9rio.<\/strong><\/p>\n<p>Haver\u00e1 tamb\u00e9m checagem das cadernetas de vacina\u00e7\u00e3o para alertar pais e respons\u00e1veis sobre a necessidade de atualiza\u00e7\u00e3o.<\/p>\n<h2>Estrat\u00e9gia<\/h2>\n<p><strong>Ainda de acordo com o minist\u00e9rio, a partir deste ano, a vacina\u00e7\u00e3o nas escolas passa a ser reconhecida como estrat\u00e9gia espec\u00edfica de imuniza\u00e7\u00e3o \u2013 por esse motivo, as doses aplicadas nas escolas ou por encaminhamento escolar devem ser registradas com a op\u00e7\u00e3o \u201cVacina\u00e7\u00e3o Escolar\u201d.<\/strong><\/p>\n<p>O registro padronizado, segundo o governo, vai permitir um monitoramento mais preciso do impacto da iniciativa.<\/p>\n<p><strong>Das 109,8 mil escolas participantes da campanha, 53,6 mil institui\u00e7\u00f5es t\u00eam maioria de alunos participantes do programa Bolsa Fam\u00edlia. <\/strong>Outros 2.220 col\u00e9gios est\u00e3o em territ\u00f3rios quilombolas e 1.782 escolas possuem ind\u00edgenas matriculados.<\/p>\n<p>      <!-- Relacionada --><\/p>\n<p>            <!-- Relacionada -->\n    <\/div>\n<p><br \/>\n<br \/><a href=\"https:\/\/agenciabrasil.ebc.com.br\/saude\/noticia\/2025-04\/vacinacao-nas-escolas-comeca-nesta-segunda-feira\" rel=\"noopener\">Ag\u00eancia Brasil <\/a><\/p>\n","protected":false},"excerpt":{"rendered":"<p>Escolas p\u00fablicas de todo o pa\u00eds iniciam nesta segunda-feira (14) uma mobiliza\u00e7\u00e3o para atualizar a caderneta de vacina\u00e7\u00e3o dos alunos. A a\u00e7\u00e3o faz parte do Programa Sa\u00fade na Escola, uma parceria entre o Minist\u00e9rio da Sa\u00fade e o Minist\u00e9rio da Educa\u00e7\u00e3o para ampliar a cobertura vacinal entre crian\u00e7as e adolescentes. Ao todo, 5.544 munic\u00edpios participam [&hellip;]<\/p>\n","protected":false},"author":1,"featured_media":2098,"comment_status":"open","ping_status":"open","sticky":false,"template":"","format":"standard","meta":{"_jetpack_newsletter_access":"","_jetpack_dont_email_post_to_subs":false,"_jetpack_newsletter_tier_id":0,"_jetpack_memberships_contains_paywalled_content":false,"_mbp_banners":[],"_jetpack_feature_clip_id":0,"_jetpack_memberships_contains_paid_content":false,"footnotes":"","jetpack_publicize_message":"","jetpack_publicize_feature_enabled":true,"jetpack_social_post_already_shared":true,"jetpack_social_options":{"image_generator_settings":{"template":"highway","default_image_id":0,"font":"","enabled":false},"version":2},"jetpack_post_was_ever_published":false},"categories":[15],"tags":[],"class_list":["post-30355","post","type-post","status-publish","format-standard","has-post-thumbnail","category-saude"],"jetpack_publicize_connections":[],"jetpack-related-posts":[],"jetpack_shortlink":"https:\/\/wp.me\/p7Eq1F-7TB","jetpack_sharing_enabled":true,"jetpack_featured_media_url":"https:\/\/i0.wp.com\/guialimeira.com.br\/news\/wp-content\/uploads\/2024\/04\/dsc8071.jpg?fit=1600%2C800&ssl=1","_links":{"self":[{"href":"https:\/\/guialimeira.com.br\/news\/wp-json\/wp\/v2\/posts\/30355","targetHints":{"allow":["GET"]}}],"collection":[{"href":"https:\/\/guialimeira.com.br\/news\/wp-json\/wp\/v2\/posts"}],"about":[{"href":"https:\/\/guialimeira.com.br\/news\/wp-json\/wp\/v2\/types\/post"}],"author":[{"embeddable":true,"href":"https:\/\/guialimeira.com.br\/news\/wp-json\/wp\/v2\/users\/1"}],"replies":[{"embeddable":true,"href":"https:\/\/guialimeira.com.br\/news\/wp-json\/wp\/v2\/comments?post=30355"}],"version-history":[{"count":0,"href":"https:\/\/guialimeira.com.br\/news\/wp-json\/wp\/v2\/posts\/30355\/revisions"}],"wp:featuredmedia":[{"embeddable":true,"href":"https:\/\/guialimeira.com.br\/news\/wp-json\/wp\/v2\/media\/2098"}],"wp:attachment":[{"href":"https:\/\/guialimeira.com.br\/news\/wp-json\/wp\/v2\/media?parent=30355"}],"wp:term":[{"taxonomy":"category","embeddable":true,"href":"https:\/\/guialimeira.com.br\/news\/wp-json\/wp\/v2\/categories?post=30355"},{"taxonomy":"post_tag","embeddable":true,"href":"https:\/\/guialimeira.com.br\/news\/wp-json\/wp\/v2\/tags?post=30355"}],"curies":[{"name":"wp","href":"https:\/\/api.w.org\/{rel}","templated":true}]}}