{"id":30342,"date":"2025-04-14T11:02:37","date_gmt":"2025-04-14T14:02:37","guid":{"rendered":"https:\/\/guialimeira.com.br\/?p=30342"},"modified":"2025-04-14T11:02:39","modified_gmt":"2025-04-14T14:02:39","slug":"20-vagas-de-emprego-abertas-no-assai-atacadista-em-limeira","status":"publish","type":"post","link":"https:\/\/guialimeira.com.br\/news\/20-vagas-de-emprego-abertas-no-assai-atacadista-em-limeira\/","title":{"rendered":"+20 Vagas de Emprego Abertas no Assa\u00ed Atacadista em Limeira!"},"content":{"rendered":"\n<p class=\"wp-block-paragraph\">Se voc\u00ea est\u00e1 em busca de uma oportunidade no mercado de trabalho, essa pode ser a sua chance! O Assa\u00ed Atacadista est\u00e1 com <strong>mais de 20 vagas de emprego abertas em Limeira (Anel Vi\u00e1rio\/SP)<\/strong>. A sele\u00e7\u00e3o ser\u00e1 realizada <strong>nesta segunda-feira, dia 14 de abril, \u00e0s 14h<\/strong>, e \u00e9 essencial levar seu curr\u00edculo atualizado.<\/p>\n\n\n\n<p class=\"wp-block-paragraph\"><strong>\ud83d\udccd Local da Entrevista:<\/strong><br>\ud83d\udccc <strong>Av. Antonio Cruanes Filho, 4750 \u2013 Jardim Colinas de S\u00e3o Jo\u00e3o \u2013 Limeira\/SP<\/strong><\/p>\n\n\n\n<h3 class=\"wp-block-heading\">\ud83e\uddd1\u200d\ud83d\udcbc Vagas dispon\u00edveis:<\/h3>\n\n\n\n<ul class=\"wp-block-list\">\n<li>Operador de Caixa<\/li>\n\n\n\n<li>Fiscal de Preven\u00e7\u00e3o e Perdas<\/li>\n\n\n\n<li>Repositor<\/li>\n\n\n\n<li>Conferente de Mercadorias<\/li>\n\n\n\n<li>Vendedor de Cart\u00f5es<\/li>\n\n\n\n<li>Auxiliar de A\u00e7ougue<\/li>\n\n\n\n<li>Aprendiz Operador de Caixa (maiores de 18 anos)<\/li>\n\n\n\n<li>Auxiliar de Cozinha I<\/li>\n\n\n\n<li>Empacotador<\/li>\n<\/ul>\n\n\n\n<h3 class=\"wp-block-heading\">\u2705 Benef\u00edcios oferecidos:<\/h3>\n\n\n\n<ul class=\"wp-block-list\">\n<li>Assist\u00eancia m\u00e9dica e odontol\u00f3gica<\/li>\n\n\n\n<li>Seguro de vida<\/li>\n\n\n\n<li>Refeit\u00f3rio no local<\/li>\n\n\n\n<li>Vale-compras Assa\u00ed<\/li>\n\n\n\n<li>Capacita\u00e7\u00e3o e plano de carreira<\/li>\n\n\n\n<li>E muito mais!<\/li>\n<\/ul>\n\n\n\n<h3 class=\"wp-block-heading\">\ud83d\udca1 Como se cadastrar:<\/h3>\n\n\n\n<p class=\"wp-block-paragraph\">\ud83d\udcf2 Cadastre-se antecipadamente pelo site: <a class=\"\">assai.gupy.io<\/a><br>\ud83d\udcf1 Entre em contato pelo WhatsApp: (11) 91220-1339<br>\ud83d\udce7 E-mail: <a class=\"\">loja246.rh@assai.com.br<\/a><\/p>\n\n\n\n<hr class=\"wp-block-separator has-alpha-channel-opacity\"\/>\n\n\n\n<p class=\"wp-block-paragraph\"><strong>N\u00e3o perca essa oportunidade de conquistar seu espa\u00e7o no time Assa\u00ed!<\/strong><br>Compartilhe com quem est\u00e1 em busca de recoloca\u00e7\u00e3o e boa sorte! \ud83c\udf40<\/p>\n","protected":false},"excerpt":{"rendered":"<p>Se voc\u00ea est\u00e1 em busca de uma oportunidade no mercado de trabalho, essa pode ser a sua chance! O Assa\u00ed Atacadista est\u00e1 com mais de 20 vagas de emprego abertas em Limeira (Anel Vi\u00e1rio\/SP). A sele\u00e7\u00e3o ser\u00e1 realizada nesta segunda-feira, dia 14 de abril, \u00e0s 14h, e \u00e9 essencial levar seu curr\u00edculo atualizado.<\/p>\n","protected":false},"author":1,"featured_media":30343,"comment_status":"open","ping_status":"open","sticky":false,"template":"","format":"standard","meta":{"_jetpack_newsletter_access":"","_jetpack_dont_email_post_to_subs":false,"_jetpack_newsletter_tier_id":0,"_jetpack_memberships_contains_paywalled_content":false,"_mbp_banners":[],"_jetpack_feature_clip_id":0,"_jetpack_memberships_contains_paid_content":false,"footnotes":"","jetpack_publicize_message":"","jetpack_publicize_feature_enabled":true,"jetpack_social_post_already_shared":true,"jetpack_social_options":{"image_generator_settings":{"template":"highway","default_image_id":0,"font":"","enabled":false},"version":2},"jetpack_post_was_ever_published":false},"categories":[17,16],"tags":[],"class_list":["post-30342","post","type-post","status-publish","format-standard","has-post-thumbnail","category-empregos","category-local"],"jetpack_publicize_connections":[],"jetpack-related-posts":[],"jetpack_shortlink":"https:\/\/wp.me\/p7Eq1F-7To","jetpack_sharing_enabled":true,"jetpack_featured_media_url":"https:\/\/i0.wp.com\/guialimeira.com.br\/news\/wp-content\/uploads\/2025\/04\/ChatGPT-Image-14-de-abr.-de-2025-11_01_39.png?fit=1024%2C1024&ssl=1","_links":{"self":[{"href":"https:\/\/guialimeira.com.br\/news\/wp-json\/wp\/v2\/posts\/30342","targetHints":{"allow":["GET"]}}],"collection":[{"href":"https:\/\/guialimeira.com.br\/news\/wp-json\/wp\/v2\/posts"}],"about":[{"href":"https:\/\/guialimeira.com.br\/news\/wp-json\/wp\/v2\/types\/post"}],"author":[{"embeddable":true,"href":"https:\/\/guialimeira.com.br\/news\/wp-json\/wp\/v2\/users\/1"}],"replies":[{"embeddable":true,"href":"https:\/\/guialimeira.com.br\/news\/wp-json\/wp\/v2\/comments?post=30342"}],"version-history":[{"count":1,"href":"https:\/\/guialimeira.com.br\/news\/wp-json\/wp\/v2\/posts\/30342\/revisions"}],"predecessor-version":[{"id":30344,"href":"https:\/\/guialimeira.com.br\/news\/wp-json\/wp\/v2\/posts\/30342\/revisions\/30344"}],"wp:featuredmedia":[{"embeddable":true,"href":"https:\/\/guialimeira.com.br\/news\/wp-json\/wp\/v2\/media\/30343"}],"wp:attachment":[{"href":"https:\/\/guialimeira.com.br\/news\/wp-json\/wp\/v2\/media?parent=30342"}],"wp:term":[{"taxonomy":"category","embeddable":true,"href":"https:\/\/guialimeira.com.br\/news\/wp-json\/wp\/v2\/categories?post=30342"},{"taxonomy":"post_tag","embeddable":true,"href":"https:\/\/guialimeira.com.br\/news\/wp-json\/wp\/v2\/tags?post=30342"}],"curies":[{"name":"wp","href":"https:\/\/api.w.org\/{rel}","templated":true}]}}