{"id":30336,"date":"2025-04-14T09:41:59","date_gmt":"2025-04-14T12:41:59","guid":{"rendered":"https:\/\/guialimeira.com.br\/?p=30336"},"modified":"2025-04-14T09:41:59","modified_gmt":"2025-04-14T12:41:59","slug":"mariana-calsa-cobra-acao-da-elektro-sobre-fios-inutilizados-e-reforca-seguranca-urbana","status":"publish","type":"post","link":"https:\/\/guialimeira.com.br\/news\/mariana-calsa-cobra-acao-da-elektro-sobre-fios-inutilizados-e-reforca-seguranca-urbana\/","title":{"rendered":"Mariana Calsa cobra a\u00e7\u00e3o da Elektro sobre fios inutilizados e refor\u00e7a seguran\u00e7a urbana"},"content":{"rendered":"\n<figure class=\"wp-block-gallery has-nested-images columns-default is-cropped wp-block-gallery-1 is-layout-flex wp-block-gallery-is-layout-flex\"><\/figure>\n \r\n<br><img data-recalc-dims=\"1\" decoding=\"async\" src=\"https:\/\/i0.wp.com\/guialimeira.com.br\/wp-content\/uploads\/2025\/04\/2025-04-14_mariana-calsa-cobra-acao-da-elektro-sobre-fios-inutilizados-e-reforca-seguranca-urbana_1..jpeg?w=696&#038;ssl=1\" \/><br><div>\n\t\t\t\t\t<p>A vereadora Mariana Calsa (MDB) oficiou, na \u00faltima semana, a Neoenergia Elektro solicitando provid\u00eancias quanto \u00e0 retirada de fios de telefonia inutilizados nos postes da cidade. A iniciativa segue o que determina o <a href=\"https:\/\/legislacao.limeira.sp.leg.br\/Limeira-SP\/DecretosMunicipais\/258-2017\" rel=\"noopener\">Decreto Municipal N\u00ba 258\/2017<\/a> e visa aumentar a seguran\u00e7a da popula\u00e7\u00e3o, melhorar a qualidade dos servi\u00e7os e contribuir para a est\u00e9tica urbana.<\/p><p>No Of\u00edcio N\u00ba 3\/2025, a vereadora questiona quantas notifica\u00e7\u00f5es foram emitidas \u00e0s empresas que utilizam a infraestrutura dos postes nos \u00faltimos anos, al\u00e9m de solicitar o cronograma de a\u00e7\u00f5es da Elektro e de empresas terceirizadas para a regulariza\u00e7\u00e3o da fia\u00e7\u00e3o a\u00e9rea.\u00a0<\/p><p>\u201cO ac\u00famulo de fios nos postes, al\u00e9m de causar polui\u00e7\u00e3o visual, representa riscos como choques el\u00e9tricos, inc\u00eandios e at\u00e9 quedas. A retirada desses materiais \u00e9 urgente para garantir um ambiente mais seguro e mais agrad\u00e1vel para todos\u201d, afirmou Mariana.<\/p><p>Na solicita\u00e7\u00e3o, a parlamentar destaca ainda a necessidade de aten\u00e7\u00e3o especial \u00e0 Avenida Costa e Silva, uma das principais vias da cidade, que recebe diariamente visitantes e empres\u00e1rios de todo o Brasil. \u201cSomos a Capital Nacional da Joia Folheada. Cuidar da regi\u00e3o que movimenta nossa economia \u00e9 tamb\u00e9m garantir mais investidores e fortalecer a credibilidade da nossa cidade\u201d, ressaltou.<\/p><p>A Neoenergia Elektro informou que o protocolo ser\u00e1 analisado e que o retorno oficial est\u00e1 previsto para o in\u00edcio de maio.<\/p><p><i>Do Gabinete Parlamentar \u2013 Vereadora Mariana Calsa (MDB)<\/i><\/p><p><i>*Fotos do Gabinete parlamentar<\/i><\/p><p><strong>As mat\u00e9rias de origem dos Gabinetes Parlamentares s\u00e3o de inteira\u00a0 responsabilidade dos parlamentares e de suas assessorias. S\u00e3o devidamente assinadas e n\u00e3o refletem, necessariamente, a opini\u00e3o institucional da C\u00e2mara Municipal de Limeira.<\/strong><\/p>\t\t\t\t<\/div>\r\n<br>\r\n<br><a href=\"https:\/\/www.limeira.sp.leg.br\/noticias\/view\/2025-04-14_mariana-calsa-cobra-acao-da-elektro-sobre-fios-inutilizados-e-reforca-seguranca-urbana\" rel=\"noopener\">Informa\u00e7\u00f5es CML <\/a>","protected":false},"excerpt":{"rendered":"<p>A vereadora Mariana Calsa (MDB) oficiou, na \u00faltima semana, a Neoenergia Elektro solicitando provid\u00eancias quanto \u00e0 retirada de fios de telefonia inutilizados nos postes da cidade. A iniciativa segue o que determina o Decreto Municipal N\u00ba 258\/2017 e visa aumentar a seguran\u00e7a da popula\u00e7\u00e3o, melhorar a qualidade dos servi\u00e7os e contribuir para a est\u00e9tica urbana. [&hellip;]<\/p>\n","protected":false},"author":1,"featured_media":30337,"comment_status":"open","ping_status":"open","sticky":false,"template":"","format":"standard","meta":{"_jetpack_newsletter_access":"","_jetpack_dont_email_post_to_subs":false,"_jetpack_newsletter_tier_id":0,"_jetpack_memberships_contains_paywalled_content":false,"_mbp_banners":[],"_jetpack_feature_clip_id":0,"_jetpack_memberships_contains_paid_content":false,"footnotes":"","jetpack_publicize_message":"","jetpack_publicize_feature_enabled":true,"jetpack_social_post_already_shared":true,"jetpack_social_options":{"image_generator_settings":{"template":"highway","default_image_id":0,"font":"","enabled":false},"version":2},"jetpack_post_was_ever_published":false},"categories":[19],"tags":[],"class_list":["post-30336","post","type-post","status-publish","format-standard","has-post-thumbnail","category-politica"],"jetpack_publicize_connections":[],"jetpack-related-posts":[],"jetpack_shortlink":"https:\/\/wp.me\/p7Eq1F-7Ti","jetpack_sharing_enabled":true,"jetpack_featured_media_url":"https:\/\/i0.wp.com\/guialimeira.com.br\/news\/wp-content\/uploads\/2025\/04\/Mariana-Calsa-cobra-acao-da-Elektro-sobre-fios-inutilizados-e.jpeg?fit=1280%2C640&ssl=1","_links":{"self":[{"href":"https:\/\/guialimeira.com.br\/news\/wp-json\/wp\/v2\/posts\/30336","targetHints":{"allow":["GET"]}}],"collection":[{"href":"https:\/\/guialimeira.com.br\/news\/wp-json\/wp\/v2\/posts"}],"about":[{"href":"https:\/\/guialimeira.com.br\/news\/wp-json\/wp\/v2\/types\/post"}],"author":[{"embeddable":true,"href":"https:\/\/guialimeira.com.br\/news\/wp-json\/wp\/v2\/users\/1"}],"replies":[{"embeddable":true,"href":"https:\/\/guialimeira.com.br\/news\/wp-json\/wp\/v2\/comments?post=30336"}],"version-history":[{"count":1,"href":"https:\/\/guialimeira.com.br\/news\/wp-json\/wp\/v2\/posts\/30336\/revisions"}],"predecessor-version":[{"id":30338,"href":"https:\/\/guialimeira.com.br\/news\/wp-json\/wp\/v2\/posts\/30336\/revisions\/30338"}],"wp:featuredmedia":[{"embeddable":true,"href":"https:\/\/guialimeira.com.br\/news\/wp-json\/wp\/v2\/media\/30337"}],"wp:attachment":[{"href":"https:\/\/guialimeira.com.br\/news\/wp-json\/wp\/v2\/media?parent=30336"}],"wp:term":[{"taxonomy":"category","embeddable":true,"href":"https:\/\/guialimeira.com.br\/news\/wp-json\/wp\/v2\/categories?post=30336"},{"taxonomy":"post_tag","embeddable":true,"href":"https:\/\/guialimeira.com.br\/news\/wp-json\/wp\/v2\/tags?post=30336"}],"curies":[{"name":"wp","href":"https:\/\/api.w.org\/{rel}","templated":true}]}}