{"id":30328,"date":"2025-04-14T08:40:57","date_gmt":"2025-04-14T11:40:57","guid":{"rendered":"https:\/\/guialimeira.com.br\/?p=30328"},"modified":"2025-04-14T08:40:57","modified_gmt":"2025-04-14T11:40:57","slug":"alzheimer-e-tema-de-palestra-do-vereador-dr-marcelo-rossi-para-grupo-de-terceira-idade","status":"publish","type":"post","link":"https:\/\/guialimeira.com.br\/news\/alzheimer-e-tema-de-palestra-do-vereador-dr-marcelo-rossi-para-grupo-de-terceira-idade\/","title":{"rendered":"Alzheimer \u00e9 tema de palestra do vereador Dr. Marcelo Rossi para grupo de terceira idade"},"content":{"rendered":"\n<figure class=\"wp-block-gallery has-nested-images columns-default is-cropped wp-block-gallery-1 is-layout-flex wp-block-gallery-is-layout-flex\"><\/figure>\n \r\n<br><img data-recalc-dims=\"1\" decoding=\"async\" src=\"https:\/\/i0.wp.com\/guialimeira.com.br\/wp-content\/uploads\/2025\/04\/2025-04-14_alzheimer-e-tema-de-palestra-do-vereador-dr-marcelo-rossi-para-grupo-de-terceira-idade_1..jpeg?w=696&#038;ssl=1\" \/><br><div>\n\t\t\t\t\t<p>Autor da <a href=\"https:\/\/legislacao.limeira.sp.leg.br\/Limeira-SP\/LeisOrdinarias\/5833-2017\" rel=\"noopener\">Lei Municipal N\u00ba 5.833\/2017<\/a>, conhecida como Lei do Alzheimer, o vereador Dr. Marcelo Rossi (MDB) realizou na sexta-feira, 11 de abril, palestra de conscientiza\u00e7\u00e3o sobre o tema com mais de 30 mulheres no Jardim Residencial Alto do Flamboyant.<\/p><p>Desta vez, o grupo de Terceira Idade Eben\u00e9zer, que se re\u00fane semanalmente na Igreja Filad\u00e9lfia, conheceu os \u201cMitos e Verdades sobre a Doen\u00e7a de Alzheimer\u201d. \u201cCompartilhar conhecimento \u00e9 um prop\u00f3sito que vai ao encontro de algo que eu defendo: a informa\u00e7\u00e3o salva vidas!\u201d, mencionou o vereador, que tamb\u00e9m \u00e9 m\u00e9dico geriatra.<\/p><p>Em formato mais din\u00e2mico, a palestra envolveu diretamente as participantes, que contribu\u00edram com perguntas estrat\u00e9gicas para direcionar o encontro.<\/p><p>Esquecimento, uso de medicamentos, isolamento social e hereditariedade foram alguns dos aspectos apontados. \u201cLembrar que esqueceu \u00e9 um bom sinal\u201d, disse, ao esclarecer as diferen\u00e7as entre esquecimentos cotidianos decorrentes de diversas causas, como ansiedade, estresse ou ins\u00f4nia, por exemplo, dos sintomas do Alzheimer. \u201cEsquecer a senha do banco \u00e9 normal. Agora, tentar passar uma c\u00e9dula de identidade na maquininha acreditando que \u00e9 o cart\u00e3o exige um outro olhar\u201d, comparou. Da mesma forma, ele salientou que comprar os ingredientes para fazer a receita do bolinho de chuva e esquecer de adquirir o fermento, por exemplo, pode ser considerado normal, mas esquecer o que vai fazer com os ingredientes quando chega em casa do mercado requer investiga\u00e7\u00e3o.\u00a0<\/p><p>Al\u00e9m desses e outros exemplos, as orienta\u00e7\u00f5es para promover a qualidade de vida na terceira idade foram enfatizadas, inclusive como meio de preven\u00e7\u00e3o da dem\u00eancia e para retardar agravamento dos sintomas. \u201cAl\u00e9m de reconhecer a import\u00e2ncia dos grupos de terceira idade assistidos pelo Ceprosom, palestras como essa s\u00e3o uma oportunidade fundamental para refor\u00e7armos a import\u00e2ncia dos bons h\u00e1bitos, como a pr\u00e1tica da muscula\u00e7\u00e3o, a socializa\u00e7\u00e3o e os novos aprendizados para estimular o c\u00e9rebro\u201d, ponderou. Grupos de outros bairros tamb\u00e9m ser\u00e3o contemplados pelas palestras nas pr\u00f3ximas semanas, segundo o parlamentar.\u00a0<\/p><p>A <a href=\"https:\/\/legislacao.limeira.sp.leg.br\/Limeira-SP\/LeisOrdinarias\/5833-2017\" rel=\"noopener\">Lei Municipal N\u00ba 5.833\/2017<\/a> estabelece par\u00e2metros, refer\u00eancias, atribui\u00e7\u00f5es, objetivos e metas a serem buscadas quando da institui\u00e7\u00e3o de uma pol\u00edtica p\u00fablica municipal para o Tratamento e Preven\u00e7\u00e3o da Doen\u00e7a de Alzheimer em Limeira.\u00a0<\/p><p><i>Do Gabinete Parlamentar \u2013 Vereador\u00a0 Dr. Marcelo Rossi (MDB)<\/i><\/p><p><i>*Fotos do Gabinete parlamentar<\/i><\/p><p><strong>As mat\u00e9rias de origem dos Gabinetes Parlamentares s\u00e3o de inteira\u00a0 responsabilidade dos parlamentares e de suas assessorias. S\u00e3o devidamente assinadas e n\u00e3o refletem, necessariamente, a opini\u00e3o institucional da C\u00e2mara Municipal de Limeira.<\/strong><\/p>\t\t\t\t<\/div>\r\n<br>\r\n<br><a href=\"https:\/\/www.limeira.sp.leg.br\/noticias\/view\/2025-04-14_alzheimer-e-tema-de-palestra-do-vereador-dr-marcelo-rossi-para-grupo-de-terceira-idade\" rel=\"noopener\">Informa\u00e7\u00f5es CML <\/a>","protected":false},"excerpt":{"rendered":"<p>Autor da Lei Municipal N\u00ba 5.833\/2017, conhecida como Lei do Alzheimer, o vereador Dr. Marcelo Rossi (MDB) realizou na sexta-feira, 11 de abril, palestra de conscientiza\u00e7\u00e3o sobre o tema com mais de 30 mulheres no Jardim Residencial Alto do Flamboyant. Desta vez, o grupo de Terceira Idade Eben\u00e9zer, que se re\u00fane semanalmente na Igreja Filad\u00e9lfia, [&hellip;]<\/p>\n","protected":false},"author":1,"featured_media":30329,"comment_status":"open","ping_status":"open","sticky":false,"template":"","format":"standard","meta":{"_jetpack_newsletter_access":"","_jetpack_dont_email_post_to_subs":false,"_jetpack_newsletter_tier_id":0,"_jetpack_memberships_contains_paywalled_content":false,"_mbp_banners":[],"_jetpack_feature_clip_id":0,"_jetpack_memberships_contains_paid_content":false,"footnotes":"","jetpack_publicize_message":"","jetpack_publicize_feature_enabled":true,"jetpack_social_post_already_shared":true,"jetpack_social_options":{"image_generator_settings":{"template":"highway","default_image_id":0,"font":"","enabled":false},"version":2},"jetpack_post_was_ever_published":false},"categories":[19],"tags":[],"class_list":["post-30328","post","type-post","status-publish","format-standard","has-post-thumbnail","category-politica"],"jetpack_publicize_connections":[],"jetpack-related-posts":[],"jetpack_shortlink":"https:\/\/wp.me\/p7Eq1F-7Ta","jetpack_sharing_enabled":true,"jetpack_featured_media_url":"https:\/\/i0.wp.com\/guialimeira.com.br\/news\/wp-content\/uploads\/2025\/04\/Alzheimer-e-tema-de-palestra-do-vereador-Dr-Marcelo-Rossi.jpeg?fit=1280%2C640&ssl=1","_links":{"self":[{"href":"https:\/\/guialimeira.com.br\/news\/wp-json\/wp\/v2\/posts\/30328","targetHints":{"allow":["GET"]}}],"collection":[{"href":"https:\/\/guialimeira.com.br\/news\/wp-json\/wp\/v2\/posts"}],"about":[{"href":"https:\/\/guialimeira.com.br\/news\/wp-json\/wp\/v2\/types\/post"}],"author":[{"embeddable":true,"href":"https:\/\/guialimeira.com.br\/news\/wp-json\/wp\/v2\/users\/1"}],"replies":[{"embeddable":true,"href":"https:\/\/guialimeira.com.br\/news\/wp-json\/wp\/v2\/comments?post=30328"}],"version-history":[{"count":1,"href":"https:\/\/guialimeira.com.br\/news\/wp-json\/wp\/v2\/posts\/30328\/revisions"}],"predecessor-version":[{"id":30330,"href":"https:\/\/guialimeira.com.br\/news\/wp-json\/wp\/v2\/posts\/30328\/revisions\/30330"}],"wp:featuredmedia":[{"embeddable":true,"href":"https:\/\/guialimeira.com.br\/news\/wp-json\/wp\/v2\/media\/30329"}],"wp:attachment":[{"href":"https:\/\/guialimeira.com.br\/news\/wp-json\/wp\/v2\/media?parent=30328"}],"wp:term":[{"taxonomy":"category","embeddable":true,"href":"https:\/\/guialimeira.com.br\/news\/wp-json\/wp\/v2\/categories?post=30328"},{"taxonomy":"post_tag","embeddable":true,"href":"https:\/\/guialimeira.com.br\/news\/wp-json\/wp\/v2\/tags?post=30328"}],"curies":[{"name":"wp","href":"https:\/\/api.w.org\/{rel}","templated":true}]}}