{"id":3032,"date":"2024-04-28T10:20:45","date_gmt":"2024-04-28T13:20:45","guid":{"rendered":"https:\/\/guialimeira.com.br\/2024\/04\/28\/mostra-traz-fotografias-de-sebastiao-salgado-na-revolucao-dos-cravos\/"},"modified":"2024-04-28T10:20:45","modified_gmt":"2024-04-28T13:20:45","slug":"mostra-traz-fotografias-de-sebastiao-salgado-na-revolucao-dos-cravos","status":"publish","type":"post","link":"https:\/\/guialimeira.com.br\/news\/mostra-traz-fotografias-de-sebastiao-salgado-na-revolucao-dos-cravos\/","title":{"rendered":"Mostra traz fotografias de Sebasti\u00e3o Salgado na Revolu\u00e7\u00e3o dos Cravos"},"content":{"rendered":"<p> <br \/>\n<\/p>\n<div>\n<div class=\"dnd-widget-wrapper context-medio_4colunas type-image atom-align-left\">\n<div class=\"dnd-atom-rendered\"><!-- scald=382439:medio_4colunas {\"additionalClasses\":\"\"} --><\/p>\n<div class=\"shadow overflow-hidden rounded-lg d-block w-100\">\n            <img data-recalc-dims=\"1\" decoding=\"async\" src=\"https:\/\/i0.wp.com\/agenciabrasil.ebc.com.br\/sites\/default\/files\/thumbnails\/image\/loading_v2.gif?w=696&#038;ssl=1\" data-echo=\"https:\/\/imagens.ebc.com.br\/_ndSVH0Ixuoh0km4_hhZws_aKSo=\/365x0\/smart\/https:\/\/agenciabrasil.ebc.com.br\/sites\/default\/files\/thumbnails\/image\/2024\/04\/25\/porto_portugal_1975_credito_c_sebastiao_salgado.jpg?itok=dN6iRJc4\" alt=\"Mostra traz fotografias de Sebasti\u00e3o Salgado na Revolu\u00e7\u00e3o dos Cravos. - Porto, Portugal, 1975. Foto: Sebasti\u00e3o Salgado\" title=\"Sebasti\u00e3o Salgado\" class=\"flex-fill img-cover\"\/><br \/>\n        <img data-recalc-dims=\"1\" decoding=\"async\" src=\"https:\/\/i0.wp.com\/imagens.ebc.com.br\/_ndSVH0Ixuoh0km4_hhZws_aKSo%3D\/365x0\/smart\/https%3A\/\/agenciabrasil.ebc.com.br\/sites\/default\/files\/thumbnails\/image\/2024\/04\/25\/porto_portugal_1975_credito_c_sebastiao_salgado.jpg?w=696&#038;ssl=1\" alt=\"Mostra traz fotografias de Sebasti\u00e3o Salgado na Revolu\u00e7\u00e3o dos Cravos. - Porto, Portugal, 1975. Foto: Sebasti\u00e3o Salgado\" title=\"Sebasti\u00e3o Salgado\" class=\"flex-fill img-cover\"\/>\n    <\/div>\n<p><!-- END scald=382439 --><\/div>\n<p><h6 class=\"meta\"><!--copyright=382439-->Mostra traz 50 fotografias in\u00e9ditas no Brasil &#8211; <strong>Sebasti\u00e3o Salgado\/direitos reservados<\/strong><!--END copyright=382439--><\/h6>\n<\/p>\n<\/div>\n<p>Uma menina marcha descal\u00e7a no asfalto, seguida de perto por mais tr\u00eas crian\u00e7as, \u00e0 frente de um batalh\u00e3o de soldados. A foto foi feita em 1974, na cidade de Porto, em Portugal, pelo fot\u00f3grafo brasileiro Sebasti\u00e3o Salgado. Um registro da uni\u00e3o da popula\u00e7\u00e3o do pa\u00eds com o Ex\u00e9rcito na destitui\u00e7\u00e3o do regime ditatorial que vigorava desde 1926.<img data-recalc-dims=\"1\" decoding=\"async\" src=\"https:\/\/i0.wp.com\/agenciabrasil.ebc.com.br\/ebc.png?w=696&#038;ssl=1\" style=\"width:1px; height:1px; display:inline;\"\/><img data-recalc-dims=\"1\" decoding=\"async\" src=\"https:\/\/i0.wp.com\/agenciabrasil.ebc.com.br\/ebc.gif?w=696&#038;ssl=1\" style=\"width:1px; height:1px; display:inline;\"\/><\/p>\n<p>A vis\u00e3o de Salgado sobre os eventos da Revolu\u00e7\u00e3o dos Cravos, como ficou conhecido o movimento, poder\u00e1 ser vista em uma exposi\u00e7\u00e3o que abre no pr\u00f3ximo dia 10 de maio no Museu da Imagem e do Som (MIS), na zona oeste paulistana. As 50 fotografias s\u00e3o in\u00e9ditas no Brasil.<\/p>\n<p>As imagens trazem elementos fundamentais da revolu\u00e7\u00e3o, como as ideias socialistas que levaram \u00e0 nacionaliza\u00e7\u00e3o de parte das empresas do pa\u00eds.<\/p>\n<div class=\"dnd-widget-wrapper context-medio_4colunas type-image atom-align-right\">\n<div class=\"dnd-atom-rendered\"><!-- scald=382437:medio_4colunas {\"additionalClasses\":\"\"} --><\/p>\n<div class=\"shadow overflow-hidden rounded-lg d-block w-100\">\n            <img data-recalc-dims=\"1\" decoding=\"async\" src=\"https:\/\/i0.wp.com\/agenciabrasil.ebc.com.br\/sites\/default\/files\/thumbnails\/image\/loading_v2.gif?w=696&#038;ssl=1\" data-echo=\"https:\/\/imagens.ebc.com.br\/NRNgy70J7-zRaw44JJm6KtegGaA=\/365x0\/smart\/https:\/\/agenciabrasil.ebc.com.br\/sites\/default\/files\/thumbnails\/image\/2024\/04\/25\/alcacer_do_sal_portugal_1975_credito_c_sebastiao_salgado.jpg?itok=n3H-1ftp\" alt=\"Mostra traz fotografias de Sebasti\u00e3o Salgado na Revolu\u00e7\u00e3o dos Cravos. - Alc\u00e1cer do Sal,  Foto: Sebasti\u00e3o Salgado\" title=\"Sebasti\u00e3o Salgado\" class=\"flex-fill img-cover\"\/><br \/>\n        <img data-recalc-dims=\"1\" decoding=\"async\" src=\"https:\/\/i0.wp.com\/imagens.ebc.com.br\/NRNgy70J7-zRaw44JJm6KtegGaA%3D\/365x0\/smart\/https%3A\/\/agenciabrasil.ebc.com.br\/sites\/default\/files\/thumbnails\/image\/2024\/04\/25\/alcacer_do_sal_portugal_1975_credito_c_sebastiao_salgado.jpg?w=696&#038;ssl=1\" alt=\"Mostra traz fotografias de Sebasti\u00e3o Salgado na Revolu\u00e7\u00e3o dos Cravos. - Alc\u00e1cer do Sal,  Foto: Sebasti\u00e3o Salgado\" title=\"Sebasti\u00e3o Salgado\" class=\"flex-fill img-cover\"\/>\n    <\/div>\n<p><!-- END scald=382437 --><\/div>\n<p><h6 class=\"meta\"><!--copyright=382437-->Exposi\u00e7\u00e3o marca os 50 anos da Revolu\u00e7\u00e3o dos Cravos &#8211; <strong>Sebasti\u00e3o Salgado\/direitos reservados<\/strong><!--END copyright=382437--><\/h6>\n<\/p>\n<\/div>\n<p>Em uma imagem feita em Alc\u00e1cer do Sal, na regi\u00e3o do Alentejo, trabalhadores ocupam a sede de uma fazenda. O grupo contrasta com a suntuosidade da mob\u00edlia e da fam\u00edlia propriet\u00e1ria, representada ao fundo em um quadro com um cavaleiro retratado com ares de nobreza.<\/p>\n<p>Os choques culturais tamb\u00e9m est\u00e3o representados no caminhar de uma senhora que passa, coberta de negro dos p\u00e9s \u00e0 cabe\u00e7a, em frente a desenhos dos rostos dos te\u00f3ricos Friedrich Engels e Karl Marx (imagem de destaque). Nas janelas, de desenho tradicional, \u00e9 poss\u00edvel notar os adesivos do Partido Comunista Portugu\u00eas.<\/p>\n<h2>A revolu\u00e7\u00e3o<\/h2>\n<p>No \u00faltimo dia 25, Portugal celebrou os 50 anos da Revolu\u00e7\u00e3o dos Cravos, que levou ao fim da ditadura. O pa\u00eds vivia o regime desde a instaura\u00e7\u00e3o do chamado Estado Novo, em 1926, aprofundado pela Constitui\u00e7\u00e3o que passou a valer a partir de 1933.<\/p>\n<p>Entre 1932 e 1968, o pa\u00eds esteve sob o comando do ditador Ant\u00f3nio de Oliveira Salazar. Com sua morte, o regime perde for\u00e7a, sendo dirigido por Marcelo Caetano at\u00e9 a queda com a revolu\u00e7\u00e3o.<\/p>\n<p>O movimento que levou ao fim da ditadura em 25 de abril de 1974 foi impulsionado por militares, muitos que haviam combatido nas fracassadas guerras que tentaram manter sob dom\u00ednio portugu\u00eas as col\u00f4nias na \u00c1frica.<\/p>\n<p>A revolu\u00e7\u00e3o ficou conhecida pela imagem de soldados que colocavam cravos nos canos de suas armas.<\/p>\n<\/p><\/div>\n<p><br \/>\n<br \/><a href=\"https:\/\/agenciabrasil.ebc.com.br\/geral\/noticia\/2024-04\/mostra-traz-fotografias-de-sebastiao-salgado-na-revolucao-dos-cravos\" rel=\"noopener\">Ag\u00eancia Brasil<\/a><\/p>\n","protected":false},"excerpt":{"rendered":"<p>Mostra traz 50 fotografias in\u00e9ditas no Brasil &#8211; Sebasti\u00e3o Salgado\/direitos reservados Uma menina marcha descal\u00e7a no asfalto, seguida de perto por mais tr\u00eas crian\u00e7as, \u00e0 frente de um batalh\u00e3o de soldados. A foto foi feita em 1974, na cidade de Porto, em Portugal, pelo fot\u00f3grafo brasileiro Sebasti\u00e3o Salgado. Um registro da uni\u00e3o da popula\u00e7\u00e3o do [&hellip;]<\/p>\n","protected":false},"author":1,"featured_media":3033,"comment_status":"open","ping_status":"open","sticky":false,"template":"","format":"standard","meta":{"_jetpack_newsletter_access":"","_jetpack_dont_email_post_to_subs":false,"_jetpack_newsletter_tier_id":0,"_jetpack_memberships_contains_paywalled_content":false,"_mbp_banners":[],"_jetpack_feature_clip_id":0,"_jetpack_memberships_contains_paid_content":false,"footnotes":"","jetpack_publicize_message":"","jetpack_publicize_feature_enabled":true,"jetpack_social_post_already_shared":true,"jetpack_social_options":{"image_generator_settings":{"template":"highway","default_image_id":0,"font":"","enabled":false},"version":2},"jetpack_post_was_ever_published":false},"categories":[1],"tags":[],"class_list":["post-3032","post","type-post","status-publish","format-standard","has-post-thumbnail","category-geral"],"jetpack_publicize_connections":[],"jetpack-related-posts":[],"jetpack_shortlink":"https:\/\/wp.me\/p7Eq1F-MU","jetpack_sharing_enabled":true,"jetpack_featured_media_url":"https:\/\/i0.wp.com\/guialimeira.com.br\/news\/wp-content\/uploads\/2024\/04\/aljustrel_portugal_1975_credito_c_sebastiao_salgado.jpg?fit=1600%2C800&ssl=1","_links":{"self":[{"href":"https:\/\/guialimeira.com.br\/news\/wp-json\/wp\/v2\/posts\/3032","targetHints":{"allow":["GET"]}}],"collection":[{"href":"https:\/\/guialimeira.com.br\/news\/wp-json\/wp\/v2\/posts"}],"about":[{"href":"https:\/\/guialimeira.com.br\/news\/wp-json\/wp\/v2\/types\/post"}],"author":[{"embeddable":true,"href":"https:\/\/guialimeira.com.br\/news\/wp-json\/wp\/v2\/users\/1"}],"replies":[{"embeddable":true,"href":"https:\/\/guialimeira.com.br\/news\/wp-json\/wp\/v2\/comments?post=3032"}],"version-history":[{"count":0,"href":"https:\/\/guialimeira.com.br\/news\/wp-json\/wp\/v2\/posts\/3032\/revisions"}],"wp:featuredmedia":[{"embeddable":true,"href":"https:\/\/guialimeira.com.br\/news\/wp-json\/wp\/v2\/media\/3033"}],"wp:attachment":[{"href":"https:\/\/guialimeira.com.br\/news\/wp-json\/wp\/v2\/media?parent=3032"}],"wp:term":[{"taxonomy":"category","embeddable":true,"href":"https:\/\/guialimeira.com.br\/news\/wp-json\/wp\/v2\/categories?post=3032"},{"taxonomy":"post_tag","embeddable":true,"href":"https:\/\/guialimeira.com.br\/news\/wp-json\/wp\/v2\/tags?post=3032"}],"curies":[{"name":"wp","href":"https:\/\/api.w.org\/{rel}","templated":true}]}}