{"id":30251,"date":"2025-04-12T10:36:34","date_gmt":"2025-04-12T13:36:34","guid":{"rendered":"https:\/\/guialimeira.com.br\/?p=30251"},"modified":"2025-04-12T10:36:34","modified_gmt":"2025-04-12T13:36:34","slug":"lula-apoia-dinamarca-contra-anexacao-da-groenlandia-pelos-eua","status":"publish","type":"post","link":"https:\/\/guialimeira.com.br\/news\/lula-apoia-dinamarca-contra-anexacao-da-groenlandia-pelos-eua\/","title":{"rendered":"Lula apoia Dinamarca contra anexa\u00e7\u00e3o da Groenl\u00e2ndia pelos EUA"},"content":{"rendered":"\n<figure class=\"wp-block-gallery has-nested-images columns-default is-cropped wp-block-gallery-1 is-layout-flex wp-block-gallery-is-layout-flex\">\n<figure class=\"wp-block-image size-large\"><\/figure>\n\t\t\t\t\t\n<figure class=\"wp-block-image size-large\"><img loading=\"lazy\" decoding=\"async\" width=\"1\" height=\"1\" data-attachment-id=\"30250\" data-permalink=\"https:\/\/guialimeira.com.br\/news\/lula-apoia-dinamarca-contra-anexacao-da-groenlandia-pelos-eua-2\/\" data-orig-file=\"https:\/\/i0.wp.com\/guialimeira.com.br\/news\/wp-content\/uploads\/2025\/04\/1744464991_768_ebc.gif?fit=1%2C1&amp;ssl=1\" data-orig-size=\"1,1\" data-comments-opened=\"1\" data-image-meta=\"{&quot;aperture&quot;:&quot;0&quot;,&quot;credit&quot;:&quot;&quot;,&quot;camera&quot;:&quot;&quot;,&quot;caption&quot;:&quot;&quot;,&quot;created_timestamp&quot;:&quot;0&quot;,&quot;copyright&quot;:&quot;&quot;,&quot;focal_length&quot;:&quot;0&quot;,&quot;iso&quot;:&quot;0&quot;,&quot;shutter_speed&quot;:&quot;0&quot;,&quot;title&quot;:&quot;&quot;,&quot;orientation&quot;:&quot;0&quot;}\" data-image-title=\"Lula apoia Dinamarca contra anexa\u00e7\u00e3o da Groenl\u00e2ndia pelos EUA\" data-image-description=\"\" data-image-caption=\"\" data-large-file=\"https:\/\/i0.wp.com\/guialimeira.com.br\/news\/wp-content\/uploads\/2025\/04\/1744464991_768_ebc.gif?fit=1%2C1&amp;ssl=1\" data-id=\"30250\" src=\"https:\/\/i0.wp.com\/guialimeira.com.br\/wp-content\/uploads\/2025\/04\/1744464991_768_ebc.gif?resize=1%2C1&amp;ssl=1\" alt=\"\" class=\"wp-image-30250\" \/><\/figure>\n\t\t\t\t\t<\/figure>\n \r\n<br><div>\n                    <p>O presidente Luiz In\u00e1cio Lula da Silva manifestou, nesta sexta-feira (11), apoio e solidariedade \u00e0 Dinamarca na quest\u00e3o da anexa\u00e7\u00e3o da Groenl\u00e2ndia pelo Estados Unidos. O presidente americano, Donald Trump, manifesta reiteradamente o <a href=\"https:\/\/agenciabrasil.ebc.com.br\/internacional\/noticia\/2025-03\/dinamarca-volta-negar-trump-anexacao-da-groenlandia\" target=\"_blank\" rel=\"noopener\">desejo de anexar o territ\u00f3rio aut\u00f4nomo dinamarqu\u00eas no \u00c1rtico ao pa\u00eds norte-americano<\/a>.<img data-recalc-dims=\"1\" decoding=\"async\" src=\"https:\/\/i0.wp.com\/guialimeira.com.br\/wp-content\/uploads\/2025\/04\/1744464991_568_ebc.png?w=696&#038;ssl=1\" style=\"width:1px;height:1px\" \/><img data-recalc-dims=\"1\" decoding=\"async\" src=\"https:\/\/i0.wp.com\/guialimeira.com.br\/wp-content\/uploads\/2025\/04\/1744464991_768_ebc.gif?w=696&#038;ssl=1\" style=\"width:1px;height:1px\" \/><\/p>\n\n<p><strong>Lula recebeu telefonema da primeira-ministra da Dinamarca, Mette Frederiksen<\/strong>, com quem conversou sobre o contexto geopol\u00edtico atual e outros temas de interesse dos dois pa\u00edses.<\/p>\n\n<p>Sobre a Groenl\u00e2ndia, a Dinamarca j\u00e1 reafirmou que o territ\u00f3rio n\u00e3o est\u00e1 aberto \u00e0 anexa\u00e7\u00e3o e <a href=\"https:\/\/agenciabrasil.ebc.com.br\/internacional\/noticia\/2025-03\/primeiro-ministro-da-groenlandia-denuncia-interferencia-estrangeira\" target=\"_blank\" rel=\"noopener\">l\u00edderes regionais j\u00e1 denunciaram a \u201cinterfer\u00eancia estrangeira\u201d<\/a>.\u00a0<\/p>\n\n<p><strong>Em meados de mar\u00e7o, Trump afirmou que a anexa\u00e7\u00e3o pelos Estados Unidos acabar\u00e1 por acontecer para promover a seguran\u00e7a internacional.<\/strong><\/p>\n\n<p>O territ\u00f3rio aut\u00f4nomo procura obter a soberania, mas continua financeiramente dependente da Dinamarca. Embora todos os principais partidos da Groenl\u00e2ndia sejam favor\u00e1veis \u00e0 independ\u00eancia do territ\u00f3rio a mais ou menos longo prazo, nenhum deles apoia a ideia de uma liga\u00e7\u00e3o aos Estados Unidos.<\/p>\n\n<p>A ilha \u00e1rtica, com 2 milh\u00f5es de quil\u00f4metros quadrados, 80% dos quais cobertos de gelo, tem popula\u00e7\u00e3o de apenas 56 mil habitantes. A regi\u00e3o \u00e9 importante do ponto de vista geoestrat\u00e9gico. <strong>Os Estados Unidos mant\u00eam uma base militar no norte da ilha<\/strong>, como parte de um amplo acordo de defesa assinado em 1951 entre Copenhague e Washington.<\/p>\n\n<p>Al\u00e9m da localiza\u00e7\u00e3o estrat\u00e9gica no \u00c1rtico, a Groenl\u00e2ndia \u00e9 cobi\u00e7ada por seus recursos naturais, embora a prospec\u00e7\u00e3o de petr\u00f3leo e a extra\u00e7\u00e3o de ur\u00e2nio sejam proibidas.<\/p>\n\n<h2>Pol\u00edtica internacional<\/h2>\n\n<p>Outro assunto do telefonema entre Lula e Frederiksen\u00a0 foram as <a href=\"https:\/\/agenciabrasil.ebc.com.br\/internacional\/noticia\/2025-04\/china-reage-e-e-eleva-impostos-sobre-produtos-dos-eua-em-125\" target=\"_blank\" rel=\"noopener\">altera\u00e7\u00f5es tarif\u00e1rias em curso no cen\u00e1rio internacional<\/a>, iniciadas pelo presidente dos Estados Unidos, Donald Trump.\u00a0<\/p>\n\n<blockquote>\n<p>\u201cAmbos concordaram com a import\u00e2ncia da defesa dos princ\u00edpios do multilateralismo, especialmente no que diz respeito ao livre com\u00e9rcio\u201d, diz nota da Presid\u00eancia.<\/p>\n<\/blockquote>\n\n<p>Na conversa, que durou cerca de 40 minutos, os <strong>l\u00edderes manifestaram a determina\u00e7\u00e3o de trabalhar juntos pela finaliza\u00e7\u00e3o do acordo comercial Mercosul-Uni\u00e3o Europeia<\/strong>, negociado h\u00e1 mais de 20 anos.\u00a0<\/p>\n\n<p>No segundo semestre, o Brasil estar\u00e1 na presid\u00eancia do bloco sul-americano e a Dinamarca na presid\u00eancia rotativa do Conselho da Uni\u00e3o Europeia.<\/p>\n\n<p>O presidente Lula refor\u00e7ou, ainda, o convite para que a primeira-ministra dinamarquesa visite o Brasil no segundo semestre, tanto <strong>para participar da 30\u00aa Confer\u00eancia das Na\u00e7\u00f5es Unidas sobre Mudan\u00e7a do Clima, em novembro<\/strong>, em Bel\u00e9m, quanto da C\u00fapula Brasil-Uni\u00e3o Europeia, cuja data ainda ser\u00e1 definida.<\/p>\n\n      <!-- Relacionada -->\n              \n            <!-- Relacionada -->\n    <\/div>\r\n<br>\r\n<br><a href=\"https:\/\/agenciabrasil.ebc.com.br\/politica\/noticia\/2025-04\/lula-apoia-dinamarca-contra-anexacao-da-groenlandia-pelos-eua\" rel=\"noopener\">Ag\u00eancia Brasil<\/a>","protected":false},"excerpt":{"rendered":"<p>O presidente Luiz In\u00e1cio Lula da Silva manifestou, nesta sexta-feira (11), apoio e solidariedade \u00e0 Dinamarca na quest\u00e3o da anexa\u00e7\u00e3o da Groenl\u00e2ndia pelo Estados Unidos. O presidente americano, Donald Trump, manifesta reiteradamente o desejo de anexar o territ\u00f3rio aut\u00f4nomo dinamarqu\u00eas no \u00c1rtico ao pa\u00eds norte-americano. Lula recebeu telefonema da primeira-ministra da Dinamarca, Mette Frederiksen, com [&hellip;]<\/p>\n","protected":false},"author":1,"featured_media":30252,"comment_status":"open","ping_status":"open","sticky":false,"template":"","format":"standard","meta":{"_jetpack_newsletter_access":"","_jetpack_dont_email_post_to_subs":false,"_jetpack_newsletter_tier_id":0,"_jetpack_memberships_contains_paywalled_content":false,"_mbp_banners":[],"_jetpack_feature_clip_id":0,"_jetpack_memberships_contains_paid_content":false,"footnotes":"","jetpack_publicize_message":"","jetpack_publicize_feature_enabled":true,"jetpack_social_post_already_shared":true,"jetpack_social_options":{"image_generator_settings":{"template":"highway","default_image_id":0,"font":"","enabled":false},"version":2},"jetpack_post_was_ever_published":false},"categories":[19],"tags":[],"class_list":["post-30251","post","type-post","status-publish","format-standard","has-post-thumbnail","category-politica"],"jetpack_publicize_connections":[],"jetpack-related-posts":[],"jetpack_shortlink":"https:\/\/wp.me\/p7Eq1F-7RV","jetpack_sharing_enabled":true,"jetpack_featured_media_url":"https:\/\/i0.wp.com\/guialimeira.com.br\/news\/wp-content\/uploads\/2025\/04\/Lula-apoia-Dinamarca-contra-anexacao-da-Groenlandia-pelos-EUA.jpg?fit=1600%2C800&ssl=1","_links":{"self":[{"href":"https:\/\/guialimeira.com.br\/news\/wp-json\/wp\/v2\/posts\/30251","targetHints":{"allow":["GET"]}}],"collection":[{"href":"https:\/\/guialimeira.com.br\/news\/wp-json\/wp\/v2\/posts"}],"about":[{"href":"https:\/\/guialimeira.com.br\/news\/wp-json\/wp\/v2\/types\/post"}],"author":[{"embeddable":true,"href":"https:\/\/guialimeira.com.br\/news\/wp-json\/wp\/v2\/users\/1"}],"replies":[{"embeddable":true,"href":"https:\/\/guialimeira.com.br\/news\/wp-json\/wp\/v2\/comments?post=30251"}],"version-history":[{"count":1,"href":"https:\/\/guialimeira.com.br\/news\/wp-json\/wp\/v2\/posts\/30251\/revisions"}],"predecessor-version":[{"id":30253,"href":"https:\/\/guialimeira.com.br\/news\/wp-json\/wp\/v2\/posts\/30251\/revisions\/30253"}],"wp:featuredmedia":[{"embeddable":true,"href":"https:\/\/guialimeira.com.br\/news\/wp-json\/wp\/v2\/media\/30252"}],"wp:attachment":[{"href":"https:\/\/guialimeira.com.br\/news\/wp-json\/wp\/v2\/media?parent=30251"}],"wp:term":[{"taxonomy":"category","embeddable":true,"href":"https:\/\/guialimeira.com.br\/news\/wp-json\/wp\/v2\/categories?post=30251"},{"taxonomy":"post_tag","embeddable":true,"href":"https:\/\/guialimeira.com.br\/news\/wp-json\/wp\/v2\/tags?post=30251"}],"curies":[{"name":"wp","href":"https:\/\/api.w.org\/{rel}","templated":true}]}}