{"id":30232,"date":"2025-04-12T00:32:29","date_gmt":"2025-04-12T03:32:29","guid":{"rendered":"https:\/\/guialimeira.com.br\/?p=30232"},"modified":"2025-04-12T00:32:29","modified_gmt":"2025-04-12T03:32:29","slug":"lula-viaja-a-china-em-maio-para-novo-encontro-com-xi-jinping","status":"publish","type":"post","link":"https:\/\/guialimeira.com.br\/news\/lula-viaja-a-china-em-maio-para-novo-encontro-com-xi-jinping\/","title":{"rendered":"Lula viaja \u00e0 China em maio para novo encontro com Xi Jinping"},"content":{"rendered":"\n<figure class=\"wp-block-gallery has-nested-images columns-default is-cropped wp-block-gallery-1 is-layout-flex wp-block-gallery-is-layout-flex\">\n<figure class=\"wp-block-image size-large\"><\/figure>\n\t\t\t\t\t\n<figure class=\"wp-block-image size-large\"><img loading=\"lazy\" decoding=\"async\" width=\"1\" height=\"1\" data-attachment-id=\"30231\" data-permalink=\"https:\/\/guialimeira.com.br\/news\/lula-viaja-a-china-em-maio-para-novo-encontro-com-2\/\" data-orig-file=\"https:\/\/i0.wp.com\/guialimeira.com.br\/news\/wp-content\/uploads\/2025\/04\/1744428747_905_ebc.gif?fit=1%2C1&amp;ssl=1\" data-orig-size=\"1,1\" data-comments-opened=\"1\" data-image-meta=\"{&quot;aperture&quot;:&quot;0&quot;,&quot;credit&quot;:&quot;&quot;,&quot;camera&quot;:&quot;&quot;,&quot;caption&quot;:&quot;&quot;,&quot;created_timestamp&quot;:&quot;0&quot;,&quot;copyright&quot;:&quot;&quot;,&quot;focal_length&quot;:&quot;0&quot;,&quot;iso&quot;:&quot;0&quot;,&quot;shutter_speed&quot;:&quot;0&quot;,&quot;title&quot;:&quot;&quot;,&quot;orientation&quot;:&quot;0&quot;}\" data-image-title=\"Lula viaja \u00e0 China em maio para novo encontro com\" data-image-description=\"\" data-image-caption=\"\" data-large-file=\"https:\/\/i0.wp.com\/guialimeira.com.br\/news\/wp-content\/uploads\/2025\/04\/1744428747_905_ebc.gif?fit=1%2C1&amp;ssl=1\" data-id=\"30231\" src=\"https:\/\/i0.wp.com\/guialimeira.com.br\/wp-content\/uploads\/2025\/04\/1744428747_905_ebc.gif?resize=1%2C1&amp;ssl=1\" alt=\"\" class=\"wp-image-30231\" \/><\/figure>\n\t\t\t\t\t<\/figure>\n \r\n<br><div>\n                    <p><strong>O presidente Luiz In\u00e1cio Lula da Silva deve visitar novamente a China, em maio, quando ter\u00e1 um novo encontro com o presidente Xi Jinping<\/strong>. <a href=\"https:\/\/agenciabrasil.ebc.com.br\/internacional\/noticia\/2025-04\/sem-consenso-declaracao-da-celac-critica-sancoes-e-guerra-comercial\" target=\"_blank\" rel=\"noopener\">A visita ocorrer\u00e1 no contexto da C\u00fapula entre China e pa\u00edses da Comunidade de Estados Latino-Americanos e Caribenhos (Celac)<\/a>. A data da viagem &#8211; entre 12 e 13 de maio &#8211; foi acertada esta semana durante a 9\u00aa C\u00fapula da Celac, realizada em Honduras, que contou com a presen\u00e7a de Lula.<img data-recalc-dims=\"1\" decoding=\"async\" src=\"https:\/\/i0.wp.com\/guialimeira.com.br\/wp-content\/uploads\/2025\/04\/1744428747_326_ebc.png?w=696&#038;ssl=1\" style=\"width:1px;height:1px\" \/><img data-recalc-dims=\"1\" decoding=\"async\" src=\"https:\/\/i0.wp.com\/guialimeira.com.br\/wp-content\/uploads\/2025\/04\/1744428747_905_ebc.gif?w=696&#038;ssl=1\" style=\"width:1px;height:1px\" \/><\/p>\n\n<p><strong><a href=\"https:\/\/agenciabrasil.ebc.com.br\/politica\/noticia\/2025-01\/lula-deve-viajar-para-russia-em-maio\" target=\"_blank\" rel=\"noopener\">A previs\u00e3o da viagem foi confirmada pelo Pal\u00e1cio do Planalto<\/a>, e deve ocorrer na sequ\u00eancia da visita que o presidente far\u00e1 \u00e0 R\u00fassia<\/strong>.<\/p>\n\n<p><strong>\u00a0A convite do presidente Vladimir Putin, Lula participar\u00e1 das celebra\u00e7\u00f5es dos 80 anos da vit\u00f3ria da Uni\u00e3o Sovi\u00e9tica sobre a Alemanha nazista na segunda guerra mundial<\/strong>. \u00c9 o feriado mais importante da R\u00fassia, que ocorre no dia 9 de maio, com um grandioso desfile c\u00edvico-militar em Moscou. \u00a0 \u00a0 \u00a0<\/p>\n\n<h2>Com\u00e9rcio internacional<\/h2>\n\n<p><a href=\"https:\/\/agenciabrasil.ebc.com.br\/internacional\/noticia\/2025-04\/china-reage-e-e-eleva-impostos-sobre-produtos-dos-eua-em-125\" target=\"_blank\" rel=\"noopener\">O encontro entre Lula e Xi Jinping ocorrer\u00e1 em meio ao acirramento da guerra comercial entre Estados Unidos e China<\/a>, as duas maiores economias do planeta. <strong>A imposi\u00e7\u00e3o de tarifas m\u00fatuas, desencadeada por iniciativa do presidente norte-americano Donald Trump, vem causando sucessivas turbul\u00eancias nos mercados de a\u00e7\u00f5es e alimenta o temor de uma recess\u00e3o global.<\/strong><\/p>\n\n<p><a href=\"https:\/\/agenciabrasil.ebc.com.br\/politica\/noticia\/2024-11\/relacao-entre-brasil-e-china-vive-melhor-momento-diz-xi-jinping\" target=\"_blank\" rel=\"noopener\">A viagem \u00e0 China ser\u00e1 a segunda visita oficial de Lula neste terceiro mandato<\/a>. A visita anterior ocorreu em abril de 2023, que <a href=\"https:\/\/agenciabrasil.ebc.com.br\/politica\/noticia\/2024-11\/relacao-entre-brasil-e-china-vive-melhor-momento-diz-xi-jinping\" target=\"_blank\" rel=\"noopener\">foi retribu\u00edda por Xi Jinping em visita de Estado em novembro do ano passado<\/a>, ap\u00f3s a C\u00fapula do G20, sediada pelo Brasil. Al\u00e9m disso, eles haviam se encontrado outra vez em 2023 na C\u00fapula dos Brics, na \u00c1frica do Sul.<\/p>\n\n      <!-- Relacionada -->\n              \n            <!-- Relacionada -->\n    <\/div>\r\n<br>\r\n<br><a href=\"https:\/\/agenciabrasil.ebc.com.br\/politica\/noticia\/2025-04\/lula-viaja-china-em-maio-para-novo-encontro-com-xi-jinping-0\" rel=\"noopener\">Ag\u00eancia Brasil<\/a>","protected":false},"excerpt":{"rendered":"<p>O presidente Luiz In\u00e1cio Lula da Silva deve visitar novamente a China, em maio, quando ter\u00e1 um novo encontro com o presidente Xi Jinping. A visita ocorrer\u00e1 no contexto da C\u00fapula entre China e pa\u00edses da Comunidade de Estados Latino-Americanos e Caribenhos (Celac). A data da viagem &#8211; entre 12 e 13 de maio &#8211; [&hellip;]<\/p>\n","protected":false},"author":1,"featured_media":24739,"comment_status":"open","ping_status":"open","sticky":false,"template":"","format":"standard","meta":{"_jetpack_newsletter_access":"","_jetpack_dont_email_post_to_subs":false,"_jetpack_newsletter_tier_id":0,"_jetpack_memberships_contains_paywalled_content":false,"_mbp_banners":[],"_jetpack_feature_clip_id":0,"_jetpack_memberships_contains_paid_content":false,"footnotes":"","jetpack_publicize_message":"","jetpack_publicize_feature_enabled":true,"jetpack_social_post_already_shared":true,"jetpack_social_options":{"image_generator_settings":{"template":"highway","default_image_id":0,"font":"","enabled":false},"version":2},"jetpack_post_was_ever_published":false},"categories":[19],"tags":[],"class_list":["post-30232","post","type-post","status-publish","format-standard","has-post-thumbnail","category-politica"],"jetpack_publicize_connections":[],"jetpack-related-posts":[],"jetpack_shortlink":"https:\/\/wp.me\/p7Eq1F-7RC","jetpack_sharing_enabled":true,"jetpack_featured_media_url":"https:\/\/i0.wp.com\/guialimeira.com.br\/news\/wp-content\/uploads\/2025\/02\/Lula-anuncia-parcela-do-Pe-de-Meia-e-ampliacao-do-Farmacia-Popular.png?fit=1600%2C800&ssl=1","_links":{"self":[{"href":"https:\/\/guialimeira.com.br\/news\/wp-json\/wp\/v2\/posts\/30232","targetHints":{"allow":["GET"]}}],"collection":[{"href":"https:\/\/guialimeira.com.br\/news\/wp-json\/wp\/v2\/posts"}],"about":[{"href":"https:\/\/guialimeira.com.br\/news\/wp-json\/wp\/v2\/types\/post"}],"author":[{"embeddable":true,"href":"https:\/\/guialimeira.com.br\/news\/wp-json\/wp\/v2\/users\/1"}],"replies":[{"embeddable":true,"href":"https:\/\/guialimeira.com.br\/news\/wp-json\/wp\/v2\/comments?post=30232"}],"version-history":[{"count":1,"href":"https:\/\/guialimeira.com.br\/news\/wp-json\/wp\/v2\/posts\/30232\/revisions"}],"predecessor-version":[{"id":30233,"href":"https:\/\/guialimeira.com.br\/news\/wp-json\/wp\/v2\/posts\/30232\/revisions\/30233"}],"wp:featuredmedia":[{"embeddable":true,"href":"https:\/\/guialimeira.com.br\/news\/wp-json\/wp\/v2\/media\/24739"}],"wp:attachment":[{"href":"https:\/\/guialimeira.com.br\/news\/wp-json\/wp\/v2\/media?parent=30232"}],"wp:term":[{"taxonomy":"category","embeddable":true,"href":"https:\/\/guialimeira.com.br\/news\/wp-json\/wp\/v2\/categories?post=30232"},{"taxonomy":"post_tag","embeddable":true,"href":"https:\/\/guialimeira.com.br\/news\/wp-json\/wp\/v2\/tags?post=30232"}],"curies":[{"name":"wp","href":"https:\/\/api.w.org\/{rel}","templated":true}]}}