{"id":30225,"date":"2025-04-11T22:30:38","date_gmt":"2025-04-12T01:30:38","guid":{"rendered":"https:\/\/guialimeira.com.br\/2025\/04\/11\/padilha-vacina-lideres-indigenas-durante-acampamento-em-brasilia\/"},"modified":"2025-04-11T22:30:38","modified_gmt":"2025-04-12T01:30:38","slug":"padilha-vacina-lideres-indigenas-durante-acampamento-em-brasilia","status":"publish","type":"post","link":"https:\/\/guialimeira.com.br\/news\/padilha-vacina-lideres-indigenas-durante-acampamento-em-brasilia\/","title":{"rendered":"Padilha vacina lideres ind\u00edgenas durante acampamento em Bras\u00edlia"},"content":{"rendered":"<p> <br \/>\n<\/p>\n<div>\n<p>O ministro da Sa\u00fade, Alexandre Padilha, visitou, nesta quarta-feira (9), a maior mobiliza\u00e7\u00e3o ind\u00edgena do pa\u00eds, o Acampamento Terra Livre (ATL). <strong>Para sensibilizar os povos ind\u00edgenas sobre a import\u00e2ncia da vacina\u00e7\u00e3o e a seguran\u00e7a dos imunizantes, Padilha, que \u00e9 m\u00e9dico, vacinou contra a gripe\u00a0um grupo de lideran\u00e7as ind\u00edgenas e tamb\u00e9m\u00a0integrantes do governo federal.<\/strong><img data-recalc-dims=\"1\" decoding=\"async\" src=\"https:\/\/i0.wp.com\/agenciabrasil.ebc.com.br\/ebc.png?w=696&#038;ssl=1\" style=\"width:1px; height:1px; display:inline;\"\/><img data-recalc-dims=\"1\" decoding=\"async\" src=\"https:\/\/i0.wp.com\/agenciabrasil.ebc.com.br\/ebc.gif?w=696&#038;ssl=1\" style=\"width:1px; height:1px; display:inline;\"\/><\/p>\n<p>A imuniza\u00e7\u00e3o dos povos ind\u00edgenas faz parte da <a href=\"https:\/\/agenciabrasil.ebc.com.br\/saude\/noticia\/2025-04\/campanha-de-vacinacao-contra-gripe-comeca-nesta-segunda\" target=\"_blank\" rel=\"noopener\">Campanha Nacional de Vacina\u00e7\u00e3o Contra a Influenza<\/a>\u00a0\u2013 infec\u00e7\u00e3o aguda do sistema respirat\u00f3rio causada\u00a0pelo v\u00edrus influenza. A campanha come\u00e7ou nesta segunda-feira (7) em todas as unidades federativas das regi\u00f5es Centro-Oeste, Nordeste, Sudeste e Sul. Na Regi\u00e3o Norte, a a\u00e7\u00e3o ter\u00e1 in\u00edcio no segundo semestre, quando come\u00e7a o inverno amaz\u00f4nico.<br \/>\u00a0<\/p>\n<div class=\"dnd-widget-wrapper context-cheio_8colunas type-image\">\n<div class=\"dnd-atom-rendered\"><!-- scald=420444:cheio_8colunas --><br \/>\n            <img data-recalc-dims=\"1\" decoding=\"async\" src=\"https:\/\/i0.wp.com\/imagens.ebc.com.br\/8OO3PzqOclLjRvdHguefiVXasAE%3D\/754x0\/smart\/https%3A\/\/agenciabrasil.ebc.com.br\/sites\/default\/files\/thumbnails\/image\/2025\/04\/09\/09042025-pzzb1275.jpg?w=696&#038;ssl=1\" alt=\"Bras\u00edlia (DF) 09\/04\/2025 O ministro da Sa\u00fade, Alexandre Padilha, vacina ind\u00edgenas durante a plen\u00e1ria de sa\u00fade ind\u00edgena no Acampamento Terra Livre   Foto: Fabio Rodrigues-Pozzebom\/ Ag\u00eancia Brasil\" title=\"Fabio Rodrigues-Pozzebom\/ Ag\u00eancia Brasil\"\/><br \/>\n        <img data-recalc-dims=\"1\" decoding=\"async\" src=\"https:\/\/i0.wp.com\/imagens.ebc.com.br\/8OO3PzqOclLjRvdHguefiVXasAE%3D\/754x0\/smart\/https%3A\/\/agenciabrasil.ebc.com.br\/sites\/default\/files\/thumbnails\/image\/2025\/04\/09\/09042025-pzzb1275.jpg?w=696&#038;ssl=1\" alt=\"Bras\u00edlia (DF) 09\/04\/2025 O ministro da Sa\u00fade, Alexandre Padilha, vacina ind\u00edgenas durante a plen\u00e1ria de sa\u00fade ind\u00edgena no Acampamento Terra Livre   Foto: Fabio Rodrigues-Pozzebom\/ Ag\u00eancia Brasil\" title=\"Fabio Rodrigues-Pozzebom\/ Ag\u00eancia Brasil\"\/><br \/>\n    <!-- END scald=420444 --><\/div>\n<p><h6 class=\"meta\">Alexandre Padilha aplicou a vacina contra a gripe em lideran\u00e7as ind\u00edgenas no Acampamento Terra Livre para mostrar seguran\u00e7a do imunizante- <strong>Fabio Rodrigues-Pozzebom\/ Ag\u00eancia Brasil<\/strong><!--END copyright=420444--><\/h6>\n<\/p>\n<\/div>\n<h2>P\u00fablico-alvo<\/h2>\n<p><strong>Os ind\u00edgenas est\u00e3o entre os grupos vulner\u00e1veis que podem receber a dose do imunizante, gratuitamente, na rede p\u00fablica de sa\u00fade. Tamb\u00e9m fazem parte do p\u00fablico-alvo:<\/strong><\/p>\n<ul>\n<li>crian\u00e7as a partir de 6 meses e menos de 6\u00a0anos de idade,<\/li>\n<li>idosos;<\/li>\n<li>gestantes;<\/li>\n<li>trabalhadores da sa\u00fade;<\/li>\n<li>pu\u00e9rperas;<\/li>\n<li>professores dos ensinos b\u00e1sico e superior;<\/li>\n<li>pessoas em situa\u00e7\u00e3o de rua;<\/li>\n<li>profissionais das for\u00e7as de seguran\u00e7a, de salvamento e das For\u00e7as Armadas.<\/li>\n<\/ul>\n<p><strong>A campanha tamb\u00e9m contempla pessoas com defici\u00eancia permanente e com doen\u00e7as cr\u00f4nicas n\u00e3o transmiss\u00edveis e outras condi\u00e7\u00f5es cl\u00ednicas especiais (independentemente da idade); caminhoneiros; trabalhadores do transporte rodovi\u00e1rio coletivo (urbano e de longo curso); trabalhadores portu\u00e1rios; funcion\u00e1rios do sistema de priva\u00e7\u00e3o de liberdade e a popula\u00e7\u00e3o privada de liberdade, incluindo adolescentes e jovens sob medidas socioeducativas (com idade entre 12 e 21 anos).<\/strong><\/p>\n<div class=\"dnd-widget-wrapper context-medio_4colunas type-image atom-align-right\">\n<div class=\"dnd-atom-rendered\"><!-- scald=420441:medio_4colunas {\"additionalClasses\":\"\"} --><br \/>\n            <img data-recalc-dims=\"1\" decoding=\"async\" src=\"https:\/\/i0.wp.com\/imagens.ebc.com.br\/JZss5nus_xtaAzt1Lqex6CohK4k%3D\/365x0\/smart\/https%3A\/\/agenciabrasil.ebc.com.br\/sites\/default\/files\/thumbnails\/image\/2025\/04\/09\/09042025-pzzb1061.jpg?w=696&#038;ssl=1\" alt=\"Bras\u00edlia (DF) 09\/04\/2025 O ministro da Sa\u00fade, Alexandre Padilha, vacina a presidente da Funai, Joenia Wapichana durante a plen\u00e1ria de sa\u00fade ind\u00edgena no Acampamento Terra Livre   Foto: Fabio Rodrigues-Pozzebom\/ Ag\u00eancia Brasil\" title=\"Fabio Rodrigues-Pozzebom\/ Ag\u00eancia Brasil\"\/><br \/>\n        <img data-recalc-dims=\"1\" decoding=\"async\" src=\"https:\/\/i0.wp.com\/imagens.ebc.com.br\/JZss5nus_xtaAzt1Lqex6CohK4k%3D\/365x0\/smart\/https%3A\/\/agenciabrasil.ebc.com.br\/sites\/default\/files\/thumbnails\/image\/2025\/04\/09\/09042025-pzzb1061.jpg?w=696&#038;ssl=1\" alt=\"Bras\u00edlia (DF) 09\/04\/2025 O ministro da Sa\u00fade, Alexandre Padilha, vacina a presidente da Funai, Joenia Wapichana durante a plen\u00e1ria de sa\u00fade ind\u00edgena no Acampamento Terra Livre   Foto: Fabio Rodrigues-Pozzebom\/ Ag\u00eancia Brasil\" title=\"Fabio Rodrigues-Pozzebom\/ Ag\u00eancia Brasil\"\/><br \/>\n    <!-- END scald=420441 --><\/div>\n<p><h6 class=\"meta\">Padilha\u00a0vacinou\u00a0a presidente da Funai, Joenia Wapichana durante a plen\u00e1ria de sa\u00fade ind\u00edgena no Acampamento Terra Livre &#8211;\u00a0<strong>Fabio Rodrigues-Pozzebom\/ Ag\u00eancia Brasil<\/strong><!--END copyright=420441--><\/h6>\n<\/p>\n<\/div>\n<p>\u201cAproveitamos o Acampamento Terra Livre para dar visibilidade para esse ato\u201d, disse o ministro a jornalistas, logo ap\u00f3s imunizar a presidenta da Funda\u00e7\u00e3o Nacional dos Povos Ind\u00edgenas (Funai), Joenia Wapichana; o secret\u00e1rio nacional de Sa\u00fade Ind\u00edgena, Ricardo Weibe Tapeba; a deputada federal C\u00e9lia Xakriab\u00e1 (Psol-MG); e Alberto Terena, um dos coordenadores executivos da Articula\u00e7\u00e3o dos Povos Ind\u00edgenas (Apib), entidade que h\u00e1 20 anos organiza o acampamento, e outras lideran\u00e7as do movimento.<\/p>\n<p>\u201cHoje, vacinamos, aqui, algumas lideran\u00e7as tradicionais, mas ind\u00edgenas de todos os grupos et\u00e1rios devem ser vacinados\u201d, enfatizou Padilha, ao destacar a import\u00e2ncia da imuniza\u00e7\u00e3o. \u201cProteger a vida dos povos ind\u00edgenas \u00e9 proteger a diversidade [&#8230;] E a vacina \u00e9 uma das primeiras medidas de prote\u00e7\u00e3o. Por isso o Minist\u00e9rio da Sa\u00fade garante vacinas para os povos ind\u00edgenas, para todos os distritos sanit\u00e1rios especiais ind\u00edgenas, em todo o pa\u00eds\u201d, ressaltou\u00a0o ministro.<\/p>\n<p><strong>Padilha ainda assegurou que, al\u00e9m da Campanha Nacional de Vacina\u00e7\u00e3o Contra a Influenza, o minist\u00e9rio dar\u00e1 in\u00edcio, ainda em abril, ao M\u00eas da Vacina\u00e7\u00e3o dos Povos Ind\u00edgenas<\/strong>, intensificando a aplica\u00e7\u00e3o dos imunizantes que fazem parte do Calend\u00e1rio Nacional de Vacina\u00e7\u00e3o em todos os territ\u00f3rios ind\u00edgenas, incluindo aqueles de dif\u00edcil acesso geogr\u00e1fico. A previs\u00e3o \u00e9 que a a\u00e7\u00e3o comece no dia 25 de abril, com apoio da Organiza\u00e7\u00e3o Pan-Americana de Sa\u00fade (Opas).<\/p>\n<p>\u201cVamos fazer essa grande campanha de vacina\u00e7\u00e3o\u201d, assegurou o ministro, reconhecendo dois \u201cgrandes desafios\u201d para a iniciativa.<\/p>\n<div class=\"dnd-widget-wrapper context-medio_4colunas type-image atom-align-left\">\n<div class=\"dnd-atom-rendered\"><!-- scald=420446:medio_4colunas {\"additionalClasses\":\"\"} --><br \/>\n            <img data-recalc-dims=\"1\" decoding=\"async\" src=\"https:\/\/i0.wp.com\/imagens.ebc.com.br\/kb-hk0lXa7RUFp1bDQZ5_TCCM0U%3D\/365x0\/smart\/https%3A\/\/agenciabrasil.ebc.com.br\/sites\/default\/files\/thumbnails\/image\/2025\/04\/09\/09042025-pzzb1453.jpg?w=696&#038;ssl=1\" alt=\"Bras\u00edlia (DF) 09\/04\/2025 O ministro da Sa\u00fade, Alexandre Padilha, vacina ind\u00edgenas durante a plen\u00e1ria de sa\u00fade ind\u00edgena no Acampamento Terra Livre   Foto: Fabio Rodrigues-Pozzebom\/ Ag\u00eancia Brasil\" title=\"Fabio Rodrigues-Pozzebom\/ Ag\u00eancia Brasil\"\/><br \/>\n        <img data-recalc-dims=\"1\" decoding=\"async\" src=\"https:\/\/i0.wp.com\/imagens.ebc.com.br\/kb-hk0lXa7RUFp1bDQZ5_TCCM0U%3D\/365x0\/smart\/https%3A\/\/agenciabrasil.ebc.com.br\/sites\/default\/files\/thumbnails\/image\/2025\/04\/09\/09042025-pzzb1453.jpg?w=696&#038;ssl=1\" alt=\"Bras\u00edlia (DF) 09\/04\/2025 O ministro da Sa\u00fade, Alexandre Padilha, vacina ind\u00edgenas durante a plen\u00e1ria de sa\u00fade ind\u00edgena no Acampamento Terra Livre   Foto: Fabio Rodrigues-Pozzebom\/ Ag\u00eancia Brasil\" title=\"Fabio Rodrigues-Pozzebom\/ Ag\u00eancia Brasil\"\/><br \/>\n    <!-- END scald=420446 --><\/div>\n<p><h6 class=\"meta\"><!--copyright=420446-->Para Padilha, as fake news s\u00e3o grande desafio da campanha de vacina\u00e7\u00e3o\u00a0&#8211; <strong>Fabio Rodrigues-Pozzebom\/ Ag\u00eancia Brasil<\/strong>&#8211; <strong>Fabio Rodrigues-Pozzebom\/ Ag\u00eancia Brasil<\/strong><!--END copyright=420446--><\/h6>\n<\/p>\n<\/div>\n<p>\u201cInfelizmente, as mentiras, as <em>fake news<\/em>, o negacionismo, tamb\u00e9m chegaram at\u00e9 os povos ind\u00edgenas e a v\u00e1rios profissionais de sa\u00fade; levados por pessoas que n\u00e3o t\u00eam nenhum interesse em proteger a vida dos ind\u00edgenas. Ent\u00e3o, o primeiro grande desafio para vacinarmos os povos ind\u00edgenas \u00e9 enfrentarmos esse negacionismo.\u201d<\/p>\n<p>De acordo com o ministro, outro desafio \u00e9 a log\u00edstica. &#8220;O minist\u00e9rio faz uma verdadeira opera\u00e7\u00e3o, envolvendo helic\u00f3pteros, aeronaves, cadeia de frio m\u00f3vel, energia solar, profissionais de sa\u00fade espalhados por todas as terras ind\u00edgenas do pa\u00eds\u201d, finalizou o ministro, garantindo que, hoje, \u201ctodos os Distritos Sanit\u00e1rios Especiais Ind\u00edgenas [Dseis] t\u00eam m\u00e9dicos\u201d para atender \u00e0s comunidades e garantir a efetividade das campanhas p\u00fablicas de sa\u00fade.<\/p>\n<p>      <!-- Relacionada --><\/p>\n<p>            <!-- Relacionada -->\n    <\/div>\n<p><br \/>\n<br \/><a href=\"https:\/\/agenciabrasil.ebc.com.br\/saude\/noticia\/2025-04\/padilha-vacina-lideres-indigenas-durante-acampamento-em-brasilia\" rel=\"noopener\">Ag\u00eancia Brasil <\/a><\/p>\n","protected":false},"excerpt":{"rendered":"<p>O ministro da Sa\u00fade, Alexandre Padilha, visitou, nesta quarta-feira (9), a maior mobiliza\u00e7\u00e3o ind\u00edgena do pa\u00eds, o Acampamento Terra Livre (ATL). Para sensibilizar os povos ind\u00edgenas sobre a import\u00e2ncia da vacina\u00e7\u00e3o e a seguran\u00e7a dos imunizantes, Padilha, que \u00e9 m\u00e9dico, vacinou contra a gripe\u00a0um grupo de lideran\u00e7as ind\u00edgenas e tamb\u00e9m\u00a0integrantes do governo federal. A imuniza\u00e7\u00e3o [&hellip;]<\/p>\n","protected":false},"author":1,"featured_media":29935,"comment_status":"open","ping_status":"open","sticky":false,"template":"","format":"standard","meta":{"_jetpack_newsletter_access":"","_jetpack_dont_email_post_to_subs":false,"_jetpack_newsletter_tier_id":0,"_jetpack_memberships_contains_paywalled_content":false,"_mbp_banners":[],"_jetpack_feature_clip_id":0,"_jetpack_memberships_contains_paid_content":false,"footnotes":"","jetpack_publicize_message":"","jetpack_publicize_feature_enabled":true,"jetpack_social_post_already_shared":true,"jetpack_social_options":{"image_generator_settings":{"template":"highway","default_image_id":0,"font":"","enabled":false},"version":2},"jetpack_post_was_ever_published":false},"categories":[15],"tags":[],"class_list":["post-30225","post","type-post","status-publish","format-standard","has-post-thumbnail","category-saude"],"jetpack_publicize_connections":[],"jetpack-related-posts":[],"jetpack_shortlink":"https:\/\/wp.me\/p7Eq1F-7Rv","jetpack_sharing_enabled":true,"jetpack_featured_media_url":"https:\/\/i0.wp.com\/guialimeira.com.br\/news\/wp-content\/uploads\/2025\/04\/09042025-pzzb0890.jpg?fit=1600%2C800&ssl=1","_links":{"self":[{"href":"https:\/\/guialimeira.com.br\/news\/wp-json\/wp\/v2\/posts\/30225","targetHints":{"allow":["GET"]}}],"collection":[{"href":"https:\/\/guialimeira.com.br\/news\/wp-json\/wp\/v2\/posts"}],"about":[{"href":"https:\/\/guialimeira.com.br\/news\/wp-json\/wp\/v2\/types\/post"}],"author":[{"embeddable":true,"href":"https:\/\/guialimeira.com.br\/news\/wp-json\/wp\/v2\/users\/1"}],"replies":[{"embeddable":true,"href":"https:\/\/guialimeira.com.br\/news\/wp-json\/wp\/v2\/comments?post=30225"}],"version-history":[{"count":0,"href":"https:\/\/guialimeira.com.br\/news\/wp-json\/wp\/v2\/posts\/30225\/revisions"}],"wp:featuredmedia":[{"embeddable":true,"href":"https:\/\/guialimeira.com.br\/news\/wp-json\/wp\/v2\/media\/29935"}],"wp:attachment":[{"href":"https:\/\/guialimeira.com.br\/news\/wp-json\/wp\/v2\/media?parent=30225"}],"wp:term":[{"taxonomy":"category","embeddable":true,"href":"https:\/\/guialimeira.com.br\/news\/wp-json\/wp\/v2\/categories?post=30225"},{"taxonomy":"post_tag","embeddable":true,"href":"https:\/\/guialimeira.com.br\/news\/wp-json\/wp\/v2\/tags?post=30225"}],"curies":[{"name":"wp","href":"https:\/\/api.w.org\/{rel}","templated":true}]}}