{"id":30215,"date":"2025-04-11T20:38:35","date_gmt":"2025-04-11T23:38:35","guid":{"rendered":"https:\/\/guialimeira.com.br\/?p=30215"},"modified":"2025-04-11T20:38:35","modified_gmt":"2025-04-11T23:38:35","slug":"em-busca-de-melhorias-comissao-de-obras-retoma-vista-ao-centro-comunitario-do-cecap","status":"publish","type":"post","link":"https:\/\/guialimeira.com.br\/news\/em-busca-de-melhorias-comissao-de-obras-retoma-vista-ao-centro-comunitario-do-cecap\/","title":{"rendered":"Em busca de melhorias, Comiss\u00e3o de Obras retoma vista ao Centro Comunit\u00e1rio do Cecap"},"content":{"rendered":"\n<figure class=\"wp-block-gallery has-nested-images columns-default is-cropped wp-block-gallery-1 is-layout-flex wp-block-gallery-is-layout-flex\"><\/figure>\n \r\n<br><img data-recalc-dims=\"1\" decoding=\"async\" src=\"https:\/\/i0.wp.com\/guialimeira.com.br\/wp-content\/uploads\/2025\/04\/2025-04-11_em-busca-de-melhorias-comissao-de-obras-retoma-vista-ao-centro-comunitario-do-cecap_1.jpg?w=696&#038;ssl=1\" \/><br><div>\n\t\t\t\t\t<p>A Comiss\u00e3o de Obras e Planejamento Urbano da C\u00e2mara Municipal realizou, na sexta-feira, 11 de abril, uma nova visita ao Centro Comunit\u00e1rio Victor D&#8217;Andr\u00e9a, no Cecap. A dilig\u00eancia contou com a presen\u00e7a de representantes da Prefeitura e teve como objetivo verificar as melhorias implementadas desde a <a href=\"https:\/\/www.limeira.sp.leg.br\/noticias\/view\/2025-03-07_comissao-de-obras-se-reune-com-usuarios-do-centro-comunitario-do-cecap\" rel=\"noopener\">\u00faltima visita, ocorrida h\u00e1 um m\u00eas,<\/a> quando os vereadores ouviram as demandas da comunidade. Entre as principais reclama\u00e7\u00f5es dos moradores, est\u00e3o a falta de seguran\u00e7a e as defici\u00eancias na infraestrutura do centro.<\/p><p>Durante a visita, o colegiado observou que um dos pedidos atendidos foi em rela\u00e7\u00e3o \u00e0 ro\u00e7agem. O mato alto e a consequente apari\u00e7\u00e3o de escorpi\u00f5es eram parte das reclama\u00e7\u00f5es dos moradores. Outras demandas de infraestrutura, no entanto, dependem de reforma. Por isso, o objetivo \u00e9 ampliar a articula\u00e7\u00e3o com o Poder Executivo para que realize os reparos necess\u00e1rios no centro comunit\u00e1rio.<\/p><p>Os vesti\u00e1rios pr\u00f3ximos \u00e0s piscinas, por exemplo, apresentam condi\u00e7\u00f5es prec\u00e1rias. No masculino, h\u00e1 falta de um vaso sanit\u00e1rio em um dos banheiros, enquanto outro est\u00e1 interditado. No feminino, tamb\u00e9m h\u00e1 um banheiro interditado e falta pia para a higiene das m\u00e3os. Al\u00e9m disso, a entrada do pr\u00e9dio apresenta riscos, como uma caixa de energia de alta tens\u00e3o sem tampa de seguran\u00e7a, o que pode ocasionar acidentes. As salas do centro sofrem com infiltra\u00e7\u00f5es causadas pelas chuvas, e a acessibilidade no local \u00e9 comprometida.\u00a0<\/p><p>Participaram os membros da Comiss\u00e3o, vereador Helder do T\u00e1xi (PSD), presidente; M\u00e1rcio do Estacionamento (DC), vice-presidente; e Jo\u00e3o Antunes Bano (Solidariedade), secret\u00e1rio. Representando a Prefeitura, estavam presentes o secret\u00e1rio Municipal de Seguran\u00e7a P\u00fablica e Defesa Civil, Siddhartha Le\u00e3o, o comandante da Guarda Civil Municipal (GCM), Henrique Paes, o presidente do Centro de Promo\u00e7\u00e3o Social Municipal (Ceprosom), Dimas Francisco Peruzza, o presidente da Associa\u00e7\u00e3o de Moradores do Cecap, Adir Almeida, o padre Diego Miquelotto e a assistente social, Raquel Ara\u00fajo.\u00a0<\/p><p>Um representante da Secretaria de Obras e Servi\u00e7os P\u00fablicos tamb\u00e9m foi convidado a participar, mas n\u00e3o compareceu.<\/p><p><strong>Inseguran\u00e7a\u00a0<\/strong><\/p><p>As invas\u00f5es, depreda\u00e7\u00f5es e falta de seguran\u00e7a no centro comunit\u00e1rio do Cecap s\u00e3o tamb\u00e9m questionadas pelos vereadores. Durante a dilig\u00eancia, o secret\u00e1rio Siddhartha e o comandante Paes refor\u00e7aram o interesse da Prefeitura em buscar uma solu\u00e7\u00e3o, contudo explicaram que no momento h\u00e1 limita\u00e7\u00f5es financeiras no governo municipal e de efetivo na GCM para atender a demanda. Eles se comprometeram a refor\u00e7ar as rondas, enquanto outras medidas n\u00e3o s\u00e3o vi\u00e1veis de serem adotadas no momento.\u00a0\u00a0<\/p><p>Como alternativas, foram debatidas a instala\u00e7\u00e3o de c\u00e2meras de seguran\u00e7a no Centro Comunit\u00e1rio, a disponibilidade de um guarda civil em uma base dentro do equipamento p\u00fablico e a contrata\u00e7\u00e3o de vigilantes. Essa pauta tamb\u00e9m foi abordada em<a href=\"https:\/\/www.limeira.sp.leg.br\/noticias\/view\/2025-03-28_comissao-ouve-secretario-siddhartha-leao-comandantes-da-gcm-e-pm-sobre-centros-comunitarios\" rel=\"noopener\"> reuni\u00e3o da Comiss\u00e3o de Seguran\u00e7a P\u00fablica<\/a> da C\u00e2mara em mar\u00e7o.\u00a0<\/p>\t\t\t\t<\/div>\r\n<br>\r\n<br><a href=\"https:\/\/www.limeira.sp.leg.br\/noticias\/view\/2025-04-11_em-busca-de-melhorias-comissao-de-obras-retoma-vista-ao-centro-comunitario-do-cecap\" rel=\"noopener\">Informa\u00e7\u00f5es CML <\/a>","protected":false},"excerpt":{"rendered":"<p>A Comiss\u00e3o de Obras e Planejamento Urbano da C\u00e2mara Municipal realizou, na sexta-feira, 11 de abril, uma nova visita ao Centro Comunit\u00e1rio Victor D&#8217;Andr\u00e9a, no Cecap. A dilig\u00eancia contou com a presen\u00e7a de representantes da Prefeitura e teve como objetivo verificar as melhorias implementadas desde a \u00faltima visita, ocorrida h\u00e1 um m\u00eas, quando os vereadores [&hellip;]<\/p>\n","protected":false},"author":1,"featured_media":30216,"comment_status":"open","ping_status":"open","sticky":false,"template":"","format":"standard","meta":{"_jetpack_newsletter_access":"","_jetpack_dont_email_post_to_subs":false,"_jetpack_newsletter_tier_id":0,"_jetpack_memberships_contains_paywalled_content":false,"_mbp_banners":[],"_jetpack_feature_clip_id":0,"_jetpack_memberships_contains_paid_content":false,"footnotes":"","jetpack_publicize_message":"","jetpack_publicize_feature_enabled":true,"jetpack_social_post_already_shared":true,"jetpack_social_options":{"image_generator_settings":{"template":"highway","default_image_id":0,"font":"","enabled":false},"version":2},"jetpack_post_was_ever_published":false},"categories":[19],"tags":[],"class_list":["post-30215","post","type-post","status-publish","format-standard","has-post-thumbnail","category-politica"],"jetpack_publicize_connections":[],"jetpack-related-posts":[],"jetpack_shortlink":"https:\/\/wp.me\/p7Eq1F-7Rl","jetpack_sharing_enabled":true,"jetpack_featured_media_url":"https:\/\/i0.wp.com\/guialimeira.com.br\/news\/wp-content\/uploads\/2025\/04\/Em-busca-de-melhorias-Comissao-de-Obras-retoma-vista-ao.jpg?fit=1280%2C640&ssl=1","_links":{"self":[{"href":"https:\/\/guialimeira.com.br\/news\/wp-json\/wp\/v2\/posts\/30215","targetHints":{"allow":["GET"]}}],"collection":[{"href":"https:\/\/guialimeira.com.br\/news\/wp-json\/wp\/v2\/posts"}],"about":[{"href":"https:\/\/guialimeira.com.br\/news\/wp-json\/wp\/v2\/types\/post"}],"author":[{"embeddable":true,"href":"https:\/\/guialimeira.com.br\/news\/wp-json\/wp\/v2\/users\/1"}],"replies":[{"embeddable":true,"href":"https:\/\/guialimeira.com.br\/news\/wp-json\/wp\/v2\/comments?post=30215"}],"version-history":[{"count":1,"href":"https:\/\/guialimeira.com.br\/news\/wp-json\/wp\/v2\/posts\/30215\/revisions"}],"predecessor-version":[{"id":30217,"href":"https:\/\/guialimeira.com.br\/news\/wp-json\/wp\/v2\/posts\/30215\/revisions\/30217"}],"wp:featuredmedia":[{"embeddable":true,"href":"https:\/\/guialimeira.com.br\/news\/wp-json\/wp\/v2\/media\/30216"}],"wp:attachment":[{"href":"https:\/\/guialimeira.com.br\/news\/wp-json\/wp\/v2\/media?parent=30215"}],"wp:term":[{"taxonomy":"category","embeddable":true,"href":"https:\/\/guialimeira.com.br\/news\/wp-json\/wp\/v2\/categories?post=30215"},{"taxonomy":"post_tag","embeddable":true,"href":"https:\/\/guialimeira.com.br\/news\/wp-json\/wp\/v2\/tags?post=30215"}],"curies":[{"name":"wp","href":"https:\/\/api.w.org\/{rel}","templated":true}]}}