{"id":30197,"date":"2025-04-11T18:38:26","date_gmt":"2025-04-11T21:38:26","guid":{"rendered":"https:\/\/guialimeira.com.br\/2025\/04\/11\/caio-souza-vai-a-final-das-barras-paralelas-em-etapa-da-copa-do-mundo\/"},"modified":"2025-04-11T18:38:26","modified_gmt":"2025-04-11T21:38:26","slug":"caio-souza-vai-a-final-das-barras-paralelas-em-etapa-da-copa-do-mundo","status":"publish","type":"post","link":"https:\/\/guialimeira.com.br\/news\/caio-souza-vai-a-final-das-barras-paralelas-em-etapa-da-copa-do-mundo\/","title":{"rendered":"Caio Souza vai \u00e0 final das barras paralelas em etapa da Copa do Mundo"},"content":{"rendered":"<p> <br \/>\n<\/p>\n<div>\n<p>O ginasta brasileiro Caio Souza, de 31 anos, vai disputar a final da etapa da Copa do Mundo de gin\u00e1stica art\u00edstica em Osijek (Cro\u00e1cia), no pr\u00f3ximo domingo (13), a partir das 10h (hor\u00e1rio e Bras\u00edlia). Em sua\u00a0primeira competi\u00e7\u00e3o internacional este ano, o o ginasta nascido em Volta Redonda (RJ) terminou na quarta posi\u00e7\u00e3o na\u00a0classificat\u00f3ria desta sexta-feira (11). Apenas oito atletas competir\u00e3o por medalhas. A etapa da Cro\u00e1cia \u00e9 a quarta do circuito mundial.<img data-recalc-dims=\"1\" decoding=\"async\" src=\"https:\/\/i0.wp.com\/agenciabrasil.ebc.com.br\/ebc.png?w=696&#038;ssl=1\" style=\"width:1px; height:1px; display:inline;\"\/><img data-recalc-dims=\"1\" decoding=\"async\" src=\"https:\/\/i0.wp.com\/agenciabrasil.ebc.com.br\/ebc.gif?w=696&#038;ssl=1\" style=\"width:1px; height:1px; display:inline;\"\/><\/p>\n<p>Caio alcan\u00e7ou nota final 13.866, mesmo total obtido pelo terceiro colocado, o uzbeque Rasuljon Abdurakhimov, que ficou \u00e0 frente do brasileiro por ter obtido nota mais alta na execu\u00e7\u00e3o: 8.766 contra 8.466. O chin\u00eas Xie Chenyi (14.433 pontos) encerrou em primeiro lugar, seguido do israelense Ron Pyatov (13.966).<\/p>\n<blockquote class=\"twitter-tweet\">\n<p dir=\"ltr\" lang=\"pt\" xml:lang=\"pt\">Segundo dia de classificat\u00f3rias t\u00e1 CHECK aqui na Copa do Mundo de Gin\u00e1stica Art\u00edstica de Osijek \ud83c\udded\ud83c\uddf7! E com final pro nosso Brasil \ud83c\udde7\ud83c\uddf7!<\/p>\n<p>\u21aa\ufe0f Caio Souza conquistou a nota 13.866 nas paralelas, avan\u00e7ando para a final na 4\ufe0f\u20e3 posi\u00e7\u00e3o <a href=\"https:\/\/t.co\/8DszE5yF4O\">pic.twitter.com\/8DszE5yF4O<\/a><\/p>\n<p>\u2014 Confedera\u00e7\u00e3o Brasileira de Gin\u00e1stica (@cbginastica) <a href=\"https:\/\/twitter.com\/cbginastica\/status\/1910735185756512688?ref_src=twsrc%5Etfw\" rel=\"noopener\">April 11, 2025<\/a><\/p><\/blockquote>\n<p>Na disputa do salto, al\u00e9m de Caio, o Brasil contou tamb\u00e9m com Tomas Rodrigues, de 24 anos, estreante nesta etapa a Cro\u00e1cia. Caio ficou em em 10\u00ba lugar, ao totalizar 13.749, e Tomas na 13\u00aa coloca\u00e7\u00e3o, com 13.283. \u00a0O l\u00edder da prova foi o arm\u00eanio Artur Davtyan, vice-campe\u00e3o ol\u00edmpico em Paris. \u00a0Caio tamb\u00e9m competiu na barra fixa, mas terminou longe da classifica\u00e7\u00e3o: foi o 27\u00ba colocado (10.833).<\/p>\n<p>A delega\u00e7\u00e3o brasileira na etapa de Osijek conta apenas com os dois ginastas. A equipe feminina (oito atletas da sele\u00e7\u00e3o adulta e seis\u00a0 da juvenil) est\u00e1 na It\u00e1lia para disputar o tradicional Trof\u00e9u Cidade Jesolo no s\u00e1bado (12) e no domingo (13).<\/p>\n<div class=\"dnd-widget-wrapper context-cheio_8colunas type-image\">\n<div class=\"dnd-atom-rendered\"><!-- scald=420850:cheio_8colunas --><br \/>\n            <img data-recalc-dims=\"1\" decoding=\"async\" src=\"https:\/\/i0.wp.com\/imagens.ebc.com.br\/ioRJPqRpk6dcLnaV7vv-pAHFZj0%3D\/754x0\/smart\/https%3A\/\/agenciabrasil.ebc.com.br\/sites\/default\/files\/thumbnails\/image\/2025\/04\/11\/ginastica_artistica_brasil_jesolo_2025.jpg?w=696&#038;ssl=1\" alt=\"delega\u00e7\u00e3o brasileira feminina de gin\u00e1stica art\u00edstica - embarque para disputa do 16\u00ba Trof\u00e9u Cidade de Jesolo (It\u00e1lia) - abril\/2025\" title=\"Divulga\u00e7\u00e3o\/CBG\"\/><br \/>\n        <img data-recalc-dims=\"1\" decoding=\"async\" src=\"https:\/\/i0.wp.com\/imagens.ebc.com.br\/ioRJPqRpk6dcLnaV7vv-pAHFZj0%3D\/754x0\/smart\/https%3A\/\/agenciabrasil.ebc.com.br\/sites\/default\/files\/thumbnails\/image\/2025\/04\/11\/ginastica_artistica_brasil_jesolo_2025.jpg?w=696&#038;ssl=1\" alt=\"delega\u00e7\u00e3o brasileira feminina de gin\u00e1stica art\u00edstica - embarque para disputa do 16\u00ba Trof\u00e9u Cidade de Jesolo (It\u00e1lia) - abril\/2025\" title=\"Divulga\u00e7\u00e3o\/CBG\"\/><br \/>\n    <!-- END scald=420850 --><\/div>\n<div class=\"dnd-caption-wrapper\">\n<p>Delega\u00e7\u00e3o brasileira feminina de gin\u00e1stica art\u00edstica que disputar\u00e1 o 16\u00ba Trof\u00e9u Cidade de Jesolo (It\u00e1lia) neste fim de semana\u00a0&#8211; <strong>Divulga\u00e7\u00e3o\/CBG<\/strong><!--END copyright=420850--><\/p>\n<\/div>\n<\/div>\n<p>      <!-- Relacionada --><\/p>\n<p>            <!-- Relacionada -->\n    <\/div>\n<p><script async src=\"\/\/platform.twitter.com\/widgets.js\" charset=\"utf-8\"><\/script><br \/>\n<br \/><br \/>\n<br \/><a href=\"https:\/\/agenciabrasil.ebc.com.br\/esportes\/noticia\/2025-04\/caio-souza-vai-final-das-barras-paralelas-em-etapa-da-copa-do-mundo\" rel=\"noopener\">Ag\u00eancia Brasil<\/a><\/p>\n","protected":false},"excerpt":{"rendered":"<p>O ginasta brasileiro Caio Souza, de 31 anos, vai disputar a final da etapa da Copa do Mundo de gin\u00e1stica art\u00edstica em Osijek (Cro\u00e1cia), no pr\u00f3ximo domingo (13), a partir das 10h (hor\u00e1rio e Bras\u00edlia). Em sua\u00a0primeira competi\u00e7\u00e3o internacional este ano, o o ginasta nascido em Volta Redonda (RJ) terminou na quarta posi\u00e7\u00e3o na\u00a0classificat\u00f3ria desta [&hellip;]<\/p>\n","protected":false},"author":1,"featured_media":30198,"comment_status":"open","ping_status":"open","sticky":false,"template":"","format":"standard","meta":{"_jetpack_newsletter_access":"","_jetpack_dont_email_post_to_subs":false,"_jetpack_newsletter_tier_id":0,"_jetpack_memberships_contains_paywalled_content":false,"_mbp_banners":[],"_jetpack_feature_clip_id":0,"_jetpack_memberships_contains_paid_content":false,"footnotes":"","jetpack_publicize_message":"","jetpack_publicize_feature_enabled":true,"jetpack_social_post_already_shared":true,"jetpack_social_options":{"image_generator_settings":{"template":"highway","default_image_id":0,"font":"","enabled":false},"version":2},"jetpack_post_was_ever_published":false},"categories":[23],"tags":[],"class_list":["post-30197","post","type-post","status-publish","format-standard","has-post-thumbnail","category-esportes"],"jetpack_publicize_connections":[],"jetpack-related-posts":[],"jetpack_shortlink":"https:\/\/wp.me\/p7Eq1F-7R3","jetpack_sharing_enabled":true,"jetpack_featured_media_url":"https:\/\/i0.wp.com\/guialimeira.com.br\/news\/wp-content\/uploads\/2025\/04\/caio_souza_ginastica_artistica_argolas.jpg?fit=1600%2C800&ssl=1","_links":{"self":[{"href":"https:\/\/guialimeira.com.br\/news\/wp-json\/wp\/v2\/posts\/30197","targetHints":{"allow":["GET"]}}],"collection":[{"href":"https:\/\/guialimeira.com.br\/news\/wp-json\/wp\/v2\/posts"}],"about":[{"href":"https:\/\/guialimeira.com.br\/news\/wp-json\/wp\/v2\/types\/post"}],"author":[{"embeddable":true,"href":"https:\/\/guialimeira.com.br\/news\/wp-json\/wp\/v2\/users\/1"}],"replies":[{"embeddable":true,"href":"https:\/\/guialimeira.com.br\/news\/wp-json\/wp\/v2\/comments?post=30197"}],"version-history":[{"count":0,"href":"https:\/\/guialimeira.com.br\/news\/wp-json\/wp\/v2\/posts\/30197\/revisions"}],"wp:featuredmedia":[{"embeddable":true,"href":"https:\/\/guialimeira.com.br\/news\/wp-json\/wp\/v2\/media\/30198"}],"wp:attachment":[{"href":"https:\/\/guialimeira.com.br\/news\/wp-json\/wp\/v2\/media?parent=30197"}],"wp:term":[{"taxonomy":"category","embeddable":true,"href":"https:\/\/guialimeira.com.br\/news\/wp-json\/wp\/v2\/categories?post=30197"},{"taxonomy":"post_tag","embeddable":true,"href":"https:\/\/guialimeira.com.br\/news\/wp-json\/wp\/v2\/tags?post=30197"}],"curies":[{"name":"wp","href":"https:\/\/api.w.org\/{rel}","templated":true}]}}