{"id":30194,"date":"2025-04-11T18:36:26","date_gmt":"2025-04-11T21:36:26","guid":{"rendered":"https:\/\/guialimeira.com.br\/?p=30194"},"modified":"2025-04-11T18:36:26","modified_gmt":"2025-04-11T21:36:26","slug":"vereadores-votam-seis-proposituras-na-proxima-sessao-ordinaria","status":"publish","type":"post","link":"https:\/\/guialimeira.com.br\/news\/vereadores-votam-seis-proposituras-na-proxima-sessao-ordinaria\/","title":{"rendered":"Vereadores votam seis proposituras na pr\u00f3xima sess\u00e3o ordin\u00e1ria"},"content":{"rendered":"\n<figure class=\"wp-block-gallery has-nested-images columns-default is-cropped wp-block-gallery-1 is-layout-flex wp-block-gallery-is-layout-flex\"><\/figure>\n \r\n<br><img data-recalc-dims=\"1\" decoding=\"async\" src=\"https:\/\/i0.wp.com\/guialimeira.com.br\/wp-content\/uploads\/2025\/04\/2025-04-11_vereadores-votam-seis-proposituras-na-proxima-sessao-da-camara-de-limeira_1.jpg?w=696&#038;ssl=1\" \/><br><div>\n\t\t\t\t\t<p>Seis projetos est\u00e3o listados na <a href=\"https:\/\/consulta.limeira.sp.leg.br\/Sessoes\/Sessao\/3528\" rel=\"noopener\">Ordem do Dia<\/a> para vota\u00e7\u00e3o durante a sess\u00e3o ordin\u00e1ria da C\u00e2mara Municipal na segunda-feira, 14 de abril. Os trabalhos podem ser acompanhados\u00a0 ao vivo pelos canais de comunica\u00e7\u00e3o do Legislativo no <a href=\"https:\/\/www.youtube.com\/user\/camaradelimeira\" rel=\"noopener\">Youtube<\/a>,<a href=\"https:\/\/www.facebook.com\/camaradelimeira\/\" rel=\"noopener\"> Facebook<\/a> e<a href=\"http:\/\/www.limeira.sp.leg.br\/sessoes\/aovivo\" rel=\"noopener\"> site<\/a>, e pela R\u00e1dio Limeira FM 106,9, a partir das 17h. \u00a0<\/p><p>Os mun\u00edcipes tamb\u00e9m podem conferir as sess\u00f5es de forma presencial. Temporariamente a C\u00e2mara est\u00e1 localizada na rua Clarino Peixoto, 280 &#8211; Jardim Maria Buchi Modeneis, devido \u00e0s obras de reforma e amplia\u00e7\u00e3o da sede. Para entrar no pr\u00e9dio basta se identificar na portaria e seguir at\u00e9 o \u00faltimo bloco.\u00a0 As orienta\u00e7\u00f5es para chegar ao novo endere\u00e7o est\u00e3o neste<a href=\"https:\/\/www.limeira.sp.leg.br\/noticias\/view\/2025-01-30_camara-de-limeira-funciona-em-novo-endereco-devido-obras-de-ampliacao-e-reforma\" rel=\"noopener\"> link<\/a>.\u00a0\u00a0 \u00a0<\/p><p><strong>Confira os itens que v\u00e3o \u00e0 vota\u00e7\u00e3o:<\/strong><\/p><p><a href=\"https:\/\/consulta.limeira.sp.leg.br\/Documentos\/Documento\/347993\" rel=\"noopener\">Projeto de Decreto Legislativo N\u00ba 20\/2024<\/a>, do vereador Helder do T\u00e1xi (PSD), que concede o T\u00edtulo de Cidad\u00e3o Limeirense a L\u00e1zaro Barbosa.<\/p><p><a href=\"https:\/\/consulta.limeira.sp.leg.br\/Documentos\/Documento\/370780\" rel=\"noopener\">Projeto de Lei N\u00ba 46\/2025<\/a>, da Comiss\u00e3o de Esporte, Cultura e Lazer, que institui o Fundo Municipal de Esportes no Munic\u00edpio de Limeira em conson\u00e2ncia com a<a href=\"https:\/\/www.planalto.gov.br\/ccivil_03\/_ato2023-2026\/2023\/lei\/l14597.htm\" rel=\"noopener\"> Lei Federal N\u00ba 14.597\/ 2023<\/a> (Lei Geral do Esporte).\u00a0<\/p><p><a href=\"https:\/\/consulta.limeira.sp.leg.br\/Documentos\/Documento\/372603\" rel=\"noopener\">Projeto de Resolu\u00e7\u00e3o N\u00ba 14\/2025<\/a> da Mesa Diretora. altera os anexos III, IV e VI da <a href=\"https:\/\/legislacao.limeira.sp.leg.br\/Limeira-SP\/Resolucoes\/846-2023\" rel=\"noopener\">Resolu\u00e7\u00e3o N\u00ba 846\/2023<\/a> que trata sobre a reestrutura\u00e7\u00e3o administrativa e organizacional e sobre o quadro permanente de cargos, refer\u00eancias, vencimentos, fun\u00e7\u00f5es gratificadas e atribui\u00e7\u00f5es da C\u00e2mara Municipal de Limeira.<\/p><p><a href=\"https:\/\/consulta.limeira.sp.leg.br\/Documentos\/Documento\/373748\" rel=\"noopener\">Projeto de Lei Complementar N\u00ba 3\/2025<\/a> da Mesa Diretora, que disp\u00f5e sobre a revis\u00e3o geral anual dos vencimentos dos servidores camar\u00e1rios integrantes do Poder Legislativo e dos proventos e pens\u00f5es correspondentes, nos termos do <a href=\"https:\/\/www.jusbrasil.com.br\/doutrina\/secao\/art-37-secao-i-disposicoes-gerais-constituicao-federal-comentada\/1153089213?utm_source=google&amp;utm_medium=cpc&amp;utm_campaign=doutrina_dsa_capitulos&amp;utm_term=&amp;utm_content=custo-beneficio&amp;campaign=true&amp;gad_source=1&amp;gclid=CjwKCAjw--K_BhB5EiwAuwYoyu2jGJelm5Wh2_uG6eNpGwqEw-R-rqTIG-Zngj453q4s0ukM8ZySURoC88UQAvD_BwE\" rel=\"noopener\">inciso X do art. 37 da Constitui\u00e7\u00e3o Federal de 1988<\/a>.\u00a0<\/p><p><a href=\"https:\/\/consulta.limeira.sp.leg.br\/Documentos\/Documento\/373749\" rel=\"noopener\">Projeto de Resolu\u00e7\u00e3o N\u00ba 15\/2025<\/a>\u00a0 da Mesa Diretora, que modifica a reda\u00e7\u00e3o do par\u00e1grafo \u00fanico do art. 1\u00ba da <a href=\"https:\/\/legislacao.limeira.sp.leg.br\/limeira-sp?Pagina=1&amp;Pesquisa=Avancada&amp;TipoId=28&amp;Numero=572&amp;Ano=2014&amp;Data=&amp;NumeroFinal=&amp;AnoFinal=&amp;DataFinal=&amp;SituacaoId=0&amp;ClassificacaoId=0&amp;IniciativaTipoId=0&amp;IniciativaEntidadeId=0&amp;EmentaAssunto=&amp;NoTexto=false\" rel=\"noopener\">Resolu\u00e7\u00e3o N\u00ba 572\/2014<\/a>, que autoriza a C\u00e2mara Municipal a conceder Aux\u00edlio Alimenta\u00e7\u00e3o.<\/p><p><a href=\"https:\/\/consulta.limeira.sp.leg.br\/Documentos\/Documento\/373750\" rel=\"noopener\">Projeto de Resolu\u00e7\u00e3o N\u00ba 16\/2025<\/a> da Mesa Diretora, que altera o par\u00e1grafo \u00fanico do art. 1\u00ba da <a href=\"https:\/\/legislacao.limeira.sp.leg.br\/limeira-sp?Pagina=1&amp;Pesquisa=Avancada&amp;TipoId=28&amp;Numero=601&amp;Ano=2015&amp;Data=&amp;NumeroFinal=&amp;AnoFinal=&amp;DataFinal=&amp;SituacaoId=0&amp;ClassificacaoId=0&amp;IniciativaTipoId=0&amp;IniciativaEntidadeId=0&amp;EmentaAssunto=&amp;NoTexto=false\" rel=\"noopener\">Resolu\u00e7\u00e3o N\u00ba 601\/2015<\/a>, que autoriza a C\u00e2mara Municipal a conceder Vale Refei\u00e7\u00e3o.\u00a0<\/p>\t\t\t\t<\/div>\r\n<br>\r\n<br><a href=\"https:\/\/www.limeira.sp.leg.br\/noticias\/view\/2025-04-11_vereadores-votam-seis-proposituras-na-proxima-sessao-ordinaria\" rel=\"noopener\">Informa\u00e7\u00f5es CML <\/a>","protected":false},"excerpt":{"rendered":"<p>Seis projetos est\u00e3o listados na Ordem do Dia para vota\u00e7\u00e3o durante a sess\u00e3o ordin\u00e1ria da C\u00e2mara Municipal na segunda-feira, 14 de abril. Os trabalhos podem ser acompanhados\u00a0 ao vivo pelos canais de comunica\u00e7\u00e3o do Legislativo no Youtube, Facebook e site, e pela R\u00e1dio Limeira FM 106,9, a partir das 17h. \u00a0 Os mun\u00edcipes tamb\u00e9m podem [&hellip;]<\/p>\n","protected":false},"author":1,"featured_media":30195,"comment_status":"open","ping_status":"open","sticky":false,"template":"","format":"standard","meta":{"_jetpack_newsletter_access":"","_jetpack_dont_email_post_to_subs":false,"_jetpack_newsletter_tier_id":0,"_jetpack_memberships_contains_paywalled_content":false,"_mbp_banners":[],"_jetpack_feature_clip_id":0,"_jetpack_memberships_contains_paid_content":false,"footnotes":"","jetpack_publicize_message":"","jetpack_publicize_feature_enabled":true,"jetpack_social_post_already_shared":true,"jetpack_social_options":{"image_generator_settings":{"template":"highway","default_image_id":0,"font":"","enabled":false},"version":2},"jetpack_post_was_ever_published":false},"categories":[19],"tags":[],"class_list":["post-30194","post","type-post","status-publish","format-standard","has-post-thumbnail","category-politica"],"jetpack_publicize_connections":[],"jetpack-related-posts":[],"jetpack_shortlink":"https:\/\/wp.me\/p7Eq1F-7R0","jetpack_sharing_enabled":true,"jetpack_featured_media_url":"https:\/\/i0.wp.com\/guialimeira.com.br\/news\/wp-content\/uploads\/2025\/04\/Vereadores-votam-seis-proposituras-na-proxima-sessao-ordinaria.jpg?fit=1280%2C640&ssl=1","_links":{"self":[{"href":"https:\/\/guialimeira.com.br\/news\/wp-json\/wp\/v2\/posts\/30194","targetHints":{"allow":["GET"]}}],"collection":[{"href":"https:\/\/guialimeira.com.br\/news\/wp-json\/wp\/v2\/posts"}],"about":[{"href":"https:\/\/guialimeira.com.br\/news\/wp-json\/wp\/v2\/types\/post"}],"author":[{"embeddable":true,"href":"https:\/\/guialimeira.com.br\/news\/wp-json\/wp\/v2\/users\/1"}],"replies":[{"embeddable":true,"href":"https:\/\/guialimeira.com.br\/news\/wp-json\/wp\/v2\/comments?post=30194"}],"version-history":[{"count":1,"href":"https:\/\/guialimeira.com.br\/news\/wp-json\/wp\/v2\/posts\/30194\/revisions"}],"predecessor-version":[{"id":30196,"href":"https:\/\/guialimeira.com.br\/news\/wp-json\/wp\/v2\/posts\/30194\/revisions\/30196"}],"wp:featuredmedia":[{"embeddable":true,"href":"https:\/\/guialimeira.com.br\/news\/wp-json\/wp\/v2\/media\/30195"}],"wp:attachment":[{"href":"https:\/\/guialimeira.com.br\/news\/wp-json\/wp\/v2\/media?parent=30194"}],"wp:term":[{"taxonomy":"category","embeddable":true,"href":"https:\/\/guialimeira.com.br\/news\/wp-json\/wp\/v2\/categories?post=30194"},{"taxonomy":"post_tag","embeddable":true,"href":"https:\/\/guialimeira.com.br\/news\/wp-json\/wp\/v2\/tags?post=30194"}],"curies":[{"name":"wp","href":"https:\/\/api.w.org\/{rel}","templated":true}]}}