{"id":30145,"date":"2025-04-11T13:30:27","date_gmt":"2025-04-11T16:30:27","guid":{"rendered":"https:\/\/guialimeira.com.br\/?p=30145"},"modified":"2025-04-11T13:30:27","modified_gmt":"2025-04-11T16:30:27","slug":"felipe-penedo-propoe-politica-municipal-de-padronizacao-de-ecopontos","status":"publish","type":"post","link":"https:\/\/guialimeira.com.br\/news\/felipe-penedo-propoe-politica-municipal-de-padronizacao-de-ecopontos\/","title":{"rendered":"Felipe Penedo prop\u00f5e Pol\u00edtica Municipal de Padroniza\u00e7\u00e3o de Ecopontos"},"content":{"rendered":"\n<figure class=\"wp-block-gallery has-nested-images columns-default is-cropped wp-block-gallery-1 is-layout-flex wp-block-gallery-is-layout-flex\"><\/figure>\n \r\n<br><img data-recalc-dims=\"1\" decoding=\"async\" src=\"https:\/\/i0.wp.com\/guialimeira.com.br\/wp-content\/uploads\/2025\/04\/2025-04-11_felipe-penedo-propoe-politica-municipal-de-padronizacao-de-ecopontos_1.jpg?w=696&#038;ssl=1\" \/><br><div>\n\t\t\t\t\t<p>Com o prop\u00f3sito de gerir o descarte de res\u00edduos s\u00f3lidos de forma adequada, promover a preserva\u00e7\u00e3o ambiental e a melhoria na qualidade de vida da popula\u00e7\u00e3o limeirense, o vereador Felipe Penedo (PL) protocolou nesta quinta-feira, 10 de abril o <a href=\"https:\/\/consulta.limeira.sp.leg.br\/Documentos\/Documento\/374496\" rel=\"noopener\">Projeto de Lei N\u00b0 47\/2025<\/a> que institui a Pol\u00edtica Municipal de Padroniza\u00e7\u00e3o de ecopontos em \u00e1reas urbanas e rurais.<\/p><p>A propositura visa estabelecer crit\u00e9rios t\u00e9cnicos para a implementa\u00e7\u00e3o de ecopontos em \u00e1reas estrat\u00e9gicas, bem como a manuten\u00e7\u00e3o e padr\u00f5es de infraestrutura e sinaliza\u00e7\u00e3o que facilitem o uso e a seguran\u00e7a da popula\u00e7\u00e3o.<\/p><p>\u201cA gest\u00e3o adequada de res\u00edduos s\u00f3lidos \u00e9 um dos maiores desafios enfrentados pelos munic\u00edpios brasileiros, especialmente em um contexto de crescente urbaniza\u00e7\u00e3o e consumo. Em Limeira, a falta de infraestrutura adequada para o descarte correto de res\u00edduos recicl\u00e1veis, volumosos e especiais tem contribu\u00eddo para o aumento do descarte irregular, a polui\u00e7\u00e3o ambiental e a degrada\u00e7\u00e3o de \u00e1reas p\u00fablicas e privadas\u201d, argumentou o parlamentar.<\/p><p>O projeto pretende estabelecer parcerias com cooperativas de catadores, associa\u00e7\u00f5es comunit\u00e1rias e iniciativa privada para a gest\u00e3o dos res\u00edduos recebidos nos ecopontos e incentivar a participa\u00e7\u00e3o popular no descarte correto de res\u00edduos recicl\u00e1veis por meio de iniciativas de educa\u00e7\u00e3o ambiental.\u00a0<\/p><p>Felipe Penedo esclareceu que ecopontos s\u00e3o espa\u00e7os destinados ao recebimento de res\u00edduos que n\u00e3o podem ser descartados na coleta regular, como m\u00f3veis velhos, eletroeletr\u00f4nicos, entulhos de constru\u00e7\u00e3o civil e outros materiais recicl\u00e1veis. \u201cA implanta\u00e7\u00e3o de ecopontos padronizados e estrategicamente localizados nas zonas urbanas e rurais de Limeira \u00e9 uma medida essencial para promover a gest\u00e3o sustent\u00e1vel de res\u00edduos, reduzir o impacto ambiental e melhorar a qualidade de vida da popula\u00e7\u00e3o\u201d, defendeu.\u00a0<\/p><p>Para garantir a efici\u00eancia do funcionamento desses espa\u00e7os, uma das diretrizes da propositura estabelece a necessidade de monitoramento, avalia\u00e7\u00e3o peri\u00f3dica e a cria\u00e7\u00e3o de mecanismos que co\u00edbem o descarte irregular de res\u00edduos.<\/p><p>Dentre os benef\u00edcios da iniciativa, o vereador destacou a redu\u00e7\u00e3o do descarte irregular, a valoriza\u00e7\u00e3o dos espa\u00e7os p\u00fablicos, o aumento da conscientiza\u00e7\u00e3o ambiental da popula\u00e7\u00e3o e a oportunidade de gera\u00e7\u00e3o de empregos por meio da participa\u00e7\u00e3o das cooperativas de catadores na implementa\u00e7\u00e3o do projeto.<\/p><p><i>Do Gabinete Parlamentar \u2013 Vereador Felipe Penedo\u00a0 (PL)<\/i><\/p><p><i>*Foto do Gabinete parlamentar<\/i><\/p><p><strong>As mat\u00e9rias de origem dos Gabinetes Parlamentares s\u00e3o de inteira\u00a0 responsabilidade dos parlamentares e de suas assessorias. S\u00e3o devidamente assinadas e n\u00e3o refletem, necessariamente, a opini\u00e3o institucional da C\u00e2mara Municipal de Limeira.<\/strong><\/p>\t\t\t\t<\/div>\r\n<br>\r\n<br><a href=\"https:\/\/www.limeira.sp.leg.br\/noticias\/view\/2025-04-11_felipe-penedo-propoe-politica-municipal-de-padronizacao-de-ecopontos\" rel=\"noopener\">Informa\u00e7\u00f5es CML <\/a>","protected":false},"excerpt":{"rendered":"<p>Com o prop\u00f3sito de gerir o descarte de res\u00edduos s\u00f3lidos de forma adequada, promover a preserva\u00e7\u00e3o ambiental e a melhoria na qualidade de vida da popula\u00e7\u00e3o limeirense, o vereador Felipe Penedo (PL) protocolou nesta quinta-feira, 10 de abril o Projeto de Lei N\u00b0 47\/2025 que institui a Pol\u00edtica Municipal de Padroniza\u00e7\u00e3o de ecopontos em \u00e1reas [&hellip;]<\/p>\n","protected":false},"author":1,"featured_media":30146,"comment_status":"open","ping_status":"open","sticky":false,"template":"","format":"standard","meta":{"_jetpack_newsletter_access":"","_jetpack_dont_email_post_to_subs":false,"_jetpack_newsletter_tier_id":0,"_jetpack_memberships_contains_paywalled_content":false,"_mbp_banners":[],"_jetpack_feature_clip_id":0,"_jetpack_memberships_contains_paid_content":false,"footnotes":"","jetpack_publicize_message":"","jetpack_publicize_feature_enabled":true,"jetpack_social_post_already_shared":true,"jetpack_social_options":{"image_generator_settings":{"template":"highway","default_image_id":0,"font":"","enabled":false},"version":2},"jetpack_post_was_ever_published":false},"categories":[19],"tags":[],"class_list":["post-30145","post","type-post","status-publish","format-standard","has-post-thumbnail","category-politica"],"jetpack_publicize_connections":[],"jetpack-related-posts":[],"jetpack_shortlink":"https:\/\/wp.me\/p7Eq1F-7Qd","jetpack_sharing_enabled":true,"jetpack_featured_media_url":"https:\/\/i0.wp.com\/guialimeira.com.br\/news\/wp-content\/uploads\/2025\/04\/Felipe-Penedo-propoe-Politica-Municipal-de-Padronizacao-de-Ecopontos.jpg?fit=1280%2C640&ssl=1","_links":{"self":[{"href":"https:\/\/guialimeira.com.br\/news\/wp-json\/wp\/v2\/posts\/30145","targetHints":{"allow":["GET"]}}],"collection":[{"href":"https:\/\/guialimeira.com.br\/news\/wp-json\/wp\/v2\/posts"}],"about":[{"href":"https:\/\/guialimeira.com.br\/news\/wp-json\/wp\/v2\/types\/post"}],"author":[{"embeddable":true,"href":"https:\/\/guialimeira.com.br\/news\/wp-json\/wp\/v2\/users\/1"}],"replies":[{"embeddable":true,"href":"https:\/\/guialimeira.com.br\/news\/wp-json\/wp\/v2\/comments?post=30145"}],"version-history":[{"count":1,"href":"https:\/\/guialimeira.com.br\/news\/wp-json\/wp\/v2\/posts\/30145\/revisions"}],"predecessor-version":[{"id":30147,"href":"https:\/\/guialimeira.com.br\/news\/wp-json\/wp\/v2\/posts\/30145\/revisions\/30147"}],"wp:featuredmedia":[{"embeddable":true,"href":"https:\/\/guialimeira.com.br\/news\/wp-json\/wp\/v2\/media\/30146"}],"wp:attachment":[{"href":"https:\/\/guialimeira.com.br\/news\/wp-json\/wp\/v2\/media?parent=30145"}],"wp:term":[{"taxonomy":"category","embeddable":true,"href":"https:\/\/guialimeira.com.br\/news\/wp-json\/wp\/v2\/categories?post=30145"},{"taxonomy":"post_tag","embeddable":true,"href":"https:\/\/guialimeira.com.br\/news\/wp-json\/wp\/v2\/tags?post=30145"}],"curies":[{"name":"wp","href":"https:\/\/api.w.org\/{rel}","templated":true}]}}