{"id":30120,"date":"2025-04-11T10:27:38","date_gmt":"2025-04-11T13:27:38","guid":{"rendered":"https:\/\/guialimeira.com.br\/?p=30120"},"modified":"2025-04-11T10:27:38","modified_gmt":"2025-04-11T13:27:38","slug":"camara-de-limeira-promove-2-simposio-de-gestao-da-saude-emocional","status":"publish","type":"post","link":"https:\/\/guialimeira.com.br\/news\/camara-de-limeira-promove-2-simposio-de-gestao-da-saude-emocional\/","title":{"rendered":"C\u00e2mara de Limeira promove 2\u00b0 Simp\u00f3sio de Gest\u00e3o da Sa\u00fade Emocional"},"content":{"rendered":"\n<figure class=\"wp-block-gallery has-nested-images columns-default is-cropped wp-block-gallery-1 is-layout-flex wp-block-gallery-is-layout-flex\"><\/figure>\n \r\n<br><img data-recalc-dims=\"1\" decoding=\"async\" src=\"https:\/\/i0.wp.com\/guialimeira.com.br\/wp-content\/uploads\/2025\/04\/2025-04-11_camara-de-limeira-promove-2-simposio-de-gestao-da-saude-emocional_1.png?w=696&#038;ssl=1\" \/><br><div>\n\t\t\t\t\t<p>O segundo Simp\u00f3sio de Gest\u00e3o da Sa\u00fade Emocional promovido pela Escola Legislativa da C\u00e2mara Municipal de Limeira acontece no dia 29 de abril, \u00e0s 19h. Palestras com profissionais especialistas em psicologia, nutri\u00e7\u00e3o, direito e pedagogia prop\u00f5e debate sobre a atua\u00e7\u00e3o de equipes multidisciplinares em tratamentos terap\u00eauticos.<\/p><p>O evento \u00e9 gratuito e acontece no Plen\u00e1rio da C\u00e2mara Municipal de Limeira, localizada no Centro Empresarial Europa Center, rua Clarindo Peixoto de Oliveira, 280, Jardim Maria Buchi Modeneis. Para participar basta se inscrever acessando este <a href=\"https:\/\/escolalegislativa.limeira.sp.leg.br\/evento\/132\" rel=\"noopener\">link<\/a>.<\/p><p><strong>Confira a programa\u00e7\u00e3o:\u00a0<\/strong><\/p><p>19h \u2013 Abertura: Momento Terap\u00eautico, acolhimento e reflexologia com som ambiente terap\u00eautico<\/p><p>19h15 \u2013 Boas Vindas e agradecimentos<\/p><p>19h20 \u00e0s 20h20 \u2013 Palestra: Estrat\u00e9gia Pr\u00e1tica para o Bem-Estar Mental<\/p><p>20h20 \u00e0s 20h30 \u2013 Intervalo, network, m\u00fasica terap\u00eautica e coffee break<\/p><p>20h30 \u00e0s 22h \u2013 Encerramento: Roda de Conversa. Tema: A import\u00e2ncia da Equipe Multidisciplinar nos cuidados com a Sa\u00fade Emocional.<\/p>\t\t\t\t<\/div>\r\n<br>\r\n<br><a href=\"https:\/\/www.limeira.sp.leg.br\/noticias\/view\/2025-04-11_camara-de-limeira-promove-2-simposio-de-gestao-da-saude-emocional\" rel=\"noopener\">Informa\u00e7\u00f5es CML <\/a>","protected":false},"excerpt":{"rendered":"<p>O segundo Simp\u00f3sio de Gest\u00e3o da Sa\u00fade Emocional promovido pela Escola Legislativa da C\u00e2mara Municipal de Limeira acontece no dia 29 de abril, \u00e0s 19h. Palestras com profissionais especialistas em psicologia, nutri\u00e7\u00e3o, direito e pedagogia prop\u00f5e debate sobre a atua\u00e7\u00e3o de equipes multidisciplinares em tratamentos terap\u00eauticos. O evento \u00e9 gratuito e acontece no Plen\u00e1rio da [&hellip;]<\/p>\n","protected":false},"author":1,"featured_media":30121,"comment_status":"open","ping_status":"open","sticky":false,"template":"","format":"standard","meta":{"_jetpack_newsletter_access":"","_jetpack_dont_email_post_to_subs":false,"_jetpack_newsletter_tier_id":0,"_jetpack_memberships_contains_paywalled_content":false,"_mbp_banners":[],"_jetpack_feature_clip_id":0,"_jetpack_memberships_contains_paid_content":false,"footnotes":"","jetpack_publicize_message":"","jetpack_publicize_feature_enabled":true,"jetpack_social_post_already_shared":true,"jetpack_social_options":{"image_generator_settings":{"template":"highway","default_image_id":0,"font":"","enabled":false},"version":2},"jetpack_post_was_ever_published":false},"categories":[19],"tags":[],"class_list":["post-30120","post","type-post","status-publish","format-standard","has-post-thumbnail","category-politica"],"jetpack_publicize_connections":[],"jetpack-related-posts":[],"jetpack_shortlink":"https:\/\/wp.me\/p7Eq1F-7PO","jetpack_sharing_enabled":true,"jetpack_featured_media_url":"https:\/\/i0.wp.com\/guialimeira.com.br\/news\/wp-content\/uploads\/2025\/04\/Camara-de-Limeira-promove-2%C2%B0-Simposio-de-Gestao-da-Saude.png?fit=1280%2C640&ssl=1","_links":{"self":[{"href":"https:\/\/guialimeira.com.br\/news\/wp-json\/wp\/v2\/posts\/30120","targetHints":{"allow":["GET"]}}],"collection":[{"href":"https:\/\/guialimeira.com.br\/news\/wp-json\/wp\/v2\/posts"}],"about":[{"href":"https:\/\/guialimeira.com.br\/news\/wp-json\/wp\/v2\/types\/post"}],"author":[{"embeddable":true,"href":"https:\/\/guialimeira.com.br\/news\/wp-json\/wp\/v2\/users\/1"}],"replies":[{"embeddable":true,"href":"https:\/\/guialimeira.com.br\/news\/wp-json\/wp\/v2\/comments?post=30120"}],"version-history":[{"count":1,"href":"https:\/\/guialimeira.com.br\/news\/wp-json\/wp\/v2\/posts\/30120\/revisions"}],"predecessor-version":[{"id":30122,"href":"https:\/\/guialimeira.com.br\/news\/wp-json\/wp\/v2\/posts\/30120\/revisions\/30122"}],"wp:featuredmedia":[{"embeddable":true,"href":"https:\/\/guialimeira.com.br\/news\/wp-json\/wp\/v2\/media\/30121"}],"wp:attachment":[{"href":"https:\/\/guialimeira.com.br\/news\/wp-json\/wp\/v2\/media?parent=30120"}],"wp:term":[{"taxonomy":"category","embeddable":true,"href":"https:\/\/guialimeira.com.br\/news\/wp-json\/wp\/v2\/categories?post=30120"},{"taxonomy":"post_tag","embeddable":true,"href":"https:\/\/guialimeira.com.br\/news\/wp-json\/wp\/v2\/tags?post=30120"}],"curies":[{"name":"wp","href":"https:\/\/api.w.org\/{rel}","templated":true}]}}