{"id":30096,"date":"2025-04-11T00:19:45","date_gmt":"2025-04-11T03:19:45","guid":{"rendered":"https:\/\/guialimeira.com.br\/2025\/04\/11\/alan-patrick-brilha-e-inter-supera-atletico-nacional-na-libertadores\/"},"modified":"2025-04-11T00:19:45","modified_gmt":"2025-04-11T03:19:45","slug":"alan-patrick-brilha-e-inter-supera-atletico-nacional-na-libertadores","status":"publish","type":"post","link":"https:\/\/guialimeira.com.br\/news\/alan-patrick-brilha-e-inter-supera-atletico-nacional-na-libertadores\/","title":{"rendered":"Alan Patrick brilha e Inter supera Atl\u00e9tico Nacional na Libertadores"},"content":{"rendered":"<p> <br \/>\n<\/p>\n<div>\n<p>Contando com uma grande atua\u00e7\u00e3o do meia-atacante Alan Patrick, o Internacional derrotou o Atl\u00e9tico Nacional (Col\u00f4mbia) por 3 a 0, na noite desta quinta-feira (10) no est\u00e1dio Beira-Rio, em Porto Alegre, para assumir a lideran\u00e7a do Grupo F da Copa Libertadores.<img data-recalc-dims=\"1\" decoding=\"async\" src=\"https:\/\/i0.wp.com\/agenciabrasil.ebc.com.br\/ebc.png?w=696&#038;ssl=1\" style=\"width:1px; height:1px; display:inline;\"\/><img data-recalc-dims=\"1\" decoding=\"async\" src=\"https:\/\/i0.wp.com\/agenciabrasil.ebc.com.br\/ebc.gif?w=696&#038;ssl=1\" style=\"width:1px; height:1px; display:inline;\"\/><\/p>\n<blockquote class=\"twitter-tweet\">\n<p dir=\"ltr\" lang=\"pt\" xml:lang=\"pt\">\ud83d\udd34\u26aa\ufe0f BAILE DO MAESTRO! Com tr\u00eas gols de Alan Patrick, o <a href=\"https:\/\/twitter.com\/SCInternacional?ref_src=twsrc%5Etfw\" rel=\"noopener\">@SCInternacional<\/a> bateu o <a href=\"https:\/\/twitter.com\/nacionaloficial?ref_src=twsrc%5Etfw\" rel=\"noopener\">@nacionaloficial<\/a> no Beira-Rio. <a href=\"https:\/\/twitter.com\/hashtag\/Libertadores?src=hash&amp;ref_src=twsrc%5Etfw\" rel=\"noopener\">#Libertadores<\/a> <a href=\"https:\/\/twitter.com\/hashtag\/GloriaEterna?src=hash&amp;ref_src=twsrc%5Etfw\" rel=\"noopener\">#GloriaEterna<\/a> <a href=\"https:\/\/t.co\/Io8Dw0i6JZ\">pic.twitter.com\/Io8Dw0i6JZ<\/a><\/p>\n<p>\u2014 CONMEBOL Libertadores (@LibertadoresBR) <a href=\"https:\/\/twitter.com\/LibertadoresBR\/status\/1910481483405353210?ref_src=twsrc%5Etfw\" rel=\"noopener\">April 10, 2025<\/a><\/p><\/blockquote>\n<p>Com o triunfo atuando em casa, o Colorado chegou aos quatro pontos. A vice-lideran\u00e7a da chave \u00e9 do Bahia, que superou o Nacional (Uruguai) por 1 a 0 na \u00faltima quarta-feira (9) para tamb\u00e9m somar quatro pontos, mas com saldo de gols pior do que o do time do Rio Grande do Sul.<\/p>\n<p>Apesar de criar boas oportunidades no primeiro tempo, o time comandado pelo t\u00e9cnico Roger Machado s\u00f3 conseguiu abrir o marcador ap\u00f3s o intervalo. Logo no primeiro minuto da etapa final, Wesley foi derrubado por Tesillo dentro da \u00e1rea e o juiz marcou p\u00eanalti a favor do Internacional. Tr\u00eas minutos depois Alan Patrick foi para a cobran\u00e7a e n\u00e3o falhou.<\/p>\n<p>A vida do Colorado ficou mais f\u00e1cil aos 21 minutos, quando Hinestroza foi expulso ap\u00f3s dar carrinho por tr\u00e1s em Vitinho. Com isso, a equipe brasileira assumiu de vez o comando das a\u00e7\u00f5es e conseguiu ampliar o marcador com outros dois gols de Alan Patrick, aos 36 minutos em cobran\u00e7a de p\u00eanalti e aos 42 ao bater de primeira ap\u00f3s aproveitar cruzamento de Aguirre.<\/p>\n<h2>Empate frustrante<\/h2>\n<p>Quem deixou escapar a vit\u00f3ria foi o S\u00e3o Paulo, que, jogando no Morumbis, chegou a abrir uma vantagem de dois gols sobre o Alianza Lima (Peru), mas acabou cedendo o empate no placar final.<\/p>\n<blockquote class=\"twitter-tweet\">\n<p dir=\"ltr\" lang=\"pt\" xml:lang=\"pt\">\u23f1\ufe0f Fim de jogo! <a href=\"https:\/\/twitter.com\/SaoPauloFC?ref_src=twsrc%5Etfw\" rel=\"noopener\">@SaoPauloFC<\/a> 2-2 <a href=\"https:\/\/twitter.com\/ClubALoficial?ref_src=twsrc%5Etfw\" rel=\"noopener\">@ClubALoficial<\/a> no Morumbis. <a href=\"https:\/\/twitter.com\/hashtag\/Libertadores?src=hash&amp;ref_src=twsrc%5Etfw\" rel=\"noopener\">#Libertadores<\/a> <a href=\"https:\/\/twitter.com\/hashtag\/GloriaEterna?src=hash&amp;ref_src=twsrc%5Etfw\" rel=\"noopener\">#GloriaEterna<\/a> <a href=\"https:\/\/t.co\/LzFbVb24C7\">pic.twitter.com\/LzFbVb24C7<\/a><\/p>\n<p>\u2014 CONMEBOL Libertadores (@LibertadoresBR) <a href=\"https:\/\/twitter.com\/LibertadoresBR\/status\/1910520180536467821?ref_src=twsrc%5Etfw\" rel=\"noopener\">April 11, 2025<\/a><\/p><\/blockquote>\n<p>A equipe comandada pelo t\u00e9cnico Luis Zubeld\u00eda foi bem no primeiro tempo, e abriu 2 a 0 gra\u00e7as ao faro de gol de Ferreira. Por\u00e9m, na etapa final o Tricolor caiu de produ\u00e7\u00e3o e permitiu que o Alianza Lima empatasse gra\u00e7as a gols de Quevedo e Eryc Castillo.<\/p>\n<h2>Invas\u00e3o de campo<\/h2>\n<p>O terceiro brasileiro a jogar pela Copa Libertadores nesta quinta foi o Fortaleza. O Le\u00e3o enfrentou o Colo-Colo (Chile) no Monumental de Santiago. Por\u00e9m, a partida teve que ser encerrada aos 38 minutos do segundo tempo, quando o placar ainda estava em 0 a 0, ap\u00f3s torcedores da equipe chilena invadirem o gramado. A Conmebol (Confedera\u00e7\u00e3o Sul-Americana de Futebol) cancelou a partida momentos depois.<\/p>\n<p>Em postagem nas redes sociais, o Fortaleza informou que todos os atletas, diretores, comiss\u00e3o e staff ficaram bem e seguros ap\u00f3s a invas\u00e3o dos torcedores do Colo-Colo ao gramado. Al\u00e9m disso, o clube afirmou: \u201cAp\u00f3s a confus\u00e3o iniciada por torcedores do Colo-Colo, o clube tem ajudado a tranquilizar e garantir a seguran\u00e7a de nossos torcedores que seguem nas arquibancadas at\u00e9 uma sa\u00edda 100% segura\u201d.<\/p>\n<p>Segundo nota emitida pela Conmebol, dois torcedores morreram nas imedia\u00e7\u00f5es do Est\u00e1dio Monumental antes do in\u00edcio da partida.<\/p>\n<p>      <!-- Relacionada --><\/p>\n<p>            <!-- Relacionada -->\n    <\/div>\n<p><script async src=\"\/\/platform.twitter.com\/widgets.js\" charset=\"utf-8\"><\/script><br \/>\n<br \/><br \/>\n<br \/><a href=\"https:\/\/agenciabrasil.ebc.com.br\/esportes\/noticia\/2025-04\/alan-patrick-brilha-e-inter-supera-atletico-nacional-na-libertadores\" rel=\"noopener\">Ag\u00eancia Brasil<\/a><\/p>\n","protected":false},"excerpt":{"rendered":"<p>Contando com uma grande atua\u00e7\u00e3o do meia-atacante Alan Patrick, o Internacional derrotou o Atl\u00e9tico Nacional (Col\u00f4mbia) por 3 a 0, na noite desta quinta-feira (10) no est\u00e1dio Beira-Rio, em Porto Alegre, para assumir a lideran\u00e7a do Grupo F da Copa Libertadores. \ud83d\udd34\u26aa\ufe0f BAILE DO MAESTRO! Com tr\u00eas gols de Alan Patrick, o @SCInternacional bateu o [&hellip;]<\/p>\n","protected":false},"author":1,"featured_media":30097,"comment_status":"open","ping_status":"open","sticky":false,"template":"","format":"standard","meta":{"_jetpack_newsletter_access":"","_jetpack_dont_email_post_to_subs":false,"_jetpack_newsletter_tier_id":0,"_jetpack_memberships_contains_paywalled_content":false,"_mbp_banners":[],"_jetpack_feature_clip_id":0,"_jetpack_memberships_contains_paid_content":false,"footnotes":"","jetpack_publicize_message":"","jetpack_publicize_feature_enabled":true,"jetpack_social_post_already_shared":true,"jetpack_social_options":{"image_generator_settings":{"template":"highway","default_image_id":0,"font":"","enabled":false},"version":2},"jetpack_post_was_ever_published":false},"categories":[23],"tags":[],"class_list":["post-30096","post","type-post","status-publish","format-standard","has-post-thumbnail","category-esportes"],"jetpack_publicize_connections":[],"jetpack-related-posts":[],"jetpack_shortlink":"https:\/\/wp.me\/p7Eq1F-7Pq","jetpack_sharing_enabled":true,"jetpack_featured_media_url":"https:\/\/i0.wp.com\/guialimeira.com.br\/news\/wp-content\/uploads\/2025\/04\/54444304625_b5a6a9e8cb_o.jpg?fit=1600%2C800&ssl=1","_links":{"self":[{"href":"https:\/\/guialimeira.com.br\/news\/wp-json\/wp\/v2\/posts\/30096","targetHints":{"allow":["GET"]}}],"collection":[{"href":"https:\/\/guialimeira.com.br\/news\/wp-json\/wp\/v2\/posts"}],"about":[{"href":"https:\/\/guialimeira.com.br\/news\/wp-json\/wp\/v2\/types\/post"}],"author":[{"embeddable":true,"href":"https:\/\/guialimeira.com.br\/news\/wp-json\/wp\/v2\/users\/1"}],"replies":[{"embeddable":true,"href":"https:\/\/guialimeira.com.br\/news\/wp-json\/wp\/v2\/comments?post=30096"}],"version-history":[{"count":0,"href":"https:\/\/guialimeira.com.br\/news\/wp-json\/wp\/v2\/posts\/30096\/revisions"}],"wp:featuredmedia":[{"embeddable":true,"href":"https:\/\/guialimeira.com.br\/news\/wp-json\/wp\/v2\/media\/30097"}],"wp:attachment":[{"href":"https:\/\/guialimeira.com.br\/news\/wp-json\/wp\/v2\/media?parent=30096"}],"wp:term":[{"taxonomy":"category","embeddable":true,"href":"https:\/\/guialimeira.com.br\/news\/wp-json\/wp\/v2\/categories?post=30096"},{"taxonomy":"post_tag","embeddable":true,"href":"https:\/\/guialimeira.com.br\/news\/wp-json\/wp\/v2\/tags?post=30096"}],"curies":[{"name":"wp","href":"https:\/\/api.w.org\/{rel}","templated":true}]}}