{"id":30087,"date":"2025-04-10T22:16:02","date_gmt":"2025-04-11T01:16:02","guid":{"rendered":"https:\/\/guialimeira.com.br\/?p=30087"},"modified":"2025-04-10T22:16:02","modified_gmt":"2025-04-11T01:16:02","slug":"dr-marcelo-rossi-cita-articulacao-pelo-centro-de-referencia-do-idoso-nos-100-dias-de-mandato","status":"publish","type":"post","link":"https:\/\/guialimeira.com.br\/news\/dr-marcelo-rossi-cita-articulacao-pelo-centro-de-referencia-do-idoso-nos-100-dias-de-mandato\/","title":{"rendered":"Dr. Marcelo Rossi cita articula\u00e7\u00e3o pelo Centro de Refer\u00eancia do Idoso nos 100 dias de mandato"},"content":{"rendered":"\n<figure class=\"wp-block-gallery has-nested-images columns-default is-cropped wp-block-gallery-1 is-layout-flex wp-block-gallery-is-layout-flex\"><\/figure>\n \r\n<br><img data-recalc-dims=\"1\" decoding=\"async\" src=\"https:\/\/i0.wp.com\/guialimeira.com.br\/wp-content\/uploads\/2025\/04\/2025-04-10_dr-marcelo-rossi-cita-articulacao-para-reforma-do-centro-de-referencia-do-idoso-e-avalia-.jpeg?w=696&#038;ssl=1\" \/><br><div>\n\t\t\t\t\t<p>Com o objetivo de prestar contas \u00e0 popula\u00e7\u00e3o, nesta quinta-feira, 10 de abril, o vereador Dr. Marcelo Rossi (MDB) fez balan\u00e7o das a\u00e7\u00f5es do mandato na C\u00e2mara Municipal nos primeiros 100 dias. Entre as frentes de trabalho, o parlamentar destacou a articula\u00e7\u00e3o com a Prefeitura para in\u00edcio da reforma do Centro de Refer\u00eancia do Idoso e para execu\u00e7\u00e3o de pol\u00edtica p\u00fablica municipal para o Tratamento e Preven\u00e7\u00e3o da Doen\u00e7a de Alzheimer em Limeira, conforme <a href=\"https:\/\/legislacao.limeira.sp.leg.br\/Limeira-SP\/LeisOrdinarias\/5833-2017\" rel=\"noopener\">Lei N\u00b0 5.833<\/a>, aprovada no Legislativo em 2017.\u00a0\u00a0<i> \u00a0\u00a0 \u00a0<\/i><\/p><p>Em fevereiro deste ano o vereador protocolou a <a href=\"https:\/\/consulta.limeira.sp.leg.br\/Documentos\/Documento\/364939\" rel=\"noopener\">Indica\u00e7\u00e3o N\u00b0 145\/2025<\/a> para oficializar o pedido e procurou o prefeito Murilo F\u00e9lix, que atendeu a demanda com in\u00edcio da reestrutura\u00e7\u00e3o do espa\u00e7o destinado \u00e0 conviv\u00eancia da terceira idade. Antes do in\u00edcio da obra, com dura\u00e7\u00e3o prevista de um ano, Dr. Marcelo conheceu o projeto e visitou o local. \u201cConheci o Centro do Idoso no meu primeiro mandato, antes do seu fechamento em 2020. Fiz inclusive uma mobiliza\u00e7\u00e3o popular no ano passado, por meio de abaixo-assinado\u201d, descreveu.\u00a0<\/p><p><strong>Centro de Refer\u00eancia do Alzheimer<\/strong><\/p><p>Autor da <a href=\"https:\/\/legislacao.limeira.sp.leg.br\/Limeira-SP\/LeisOrdinarias\/5833-2017\" rel=\"noopener\">Lei N\u00b0 5.833\/2017<\/a>, a \u201cLei do Alzheimer\u201d, o vereador tamb\u00e9m destacou o in\u00edcio das tratativas com o prefeito para a implanta\u00e7\u00e3o do Centro de Aten\u00e7\u00e3o e Preven\u00e7\u00e3o de Doen\u00e7a do Alzheimer. \u201c J\u00e1 fizemos reuni\u00f5es com especialistas na \u00e1rea e come\u00e7amos a visitar poss\u00edveis locais\u201d, mencionou.\u00a0<\/p><p><strong>Outras a\u00e7\u00f5es\u00a0<\/strong><\/p><p>Apresenta\u00e7\u00e3o do <a href=\"https:\/\/consulta.limeira.sp.leg.br\/arquivo?Id=485556\" rel=\"noopener\">Requerimento N\u00b0 202\/2025<\/a> que busca mapear o n\u00famero de pessoas diagnosticadas com Alzheimer e a estrutura de atendimento, <a href=\"https:\/\/consulta.limeira.sp.leg.br\/Documentos\/Documento\/372592\" rel=\"noopener\">Projeto N\u00b050\/2025<\/a> que cria o Banco Municipal de Fraldas, pedido de informa\u00e7\u00f5es sobre as Institui\u00e7\u00f5es de Longa Perman\u00eancia (ILP\u2019s) por meio do<a href=\"https:\/\/consulta.limeira.sp.leg.br\/Documentos\/Documento\/374034\" rel=\"noopener\"> Requerimento N\u00b0242\/2025<\/a>, a\u00e7\u00f5es de incentivo \u00e0 mamografia e \u00e0 vacina\u00e7\u00e3o contra gripe, al\u00e9m das indica\u00e7\u00f5es para a realiza\u00e7\u00e3o de servi\u00e7os nos bairros e os trabalhos da Comiss\u00e3o de Sa\u00fade tamb\u00e9m integram os 100 dias de mandato.<\/p><p><i>Do Gabinete Parlamentar \u2013 Vereador\u00a0 Dr. Marcelo Rossi (MDB)<\/i><\/p><p><i>*Fotos do Gabinete parlamentar<\/i><\/p><p><strong>As mat\u00e9rias de origem dos Gabinetes Parlamentares s\u00e3o de inteira\u00a0 responsabilidade dos parlamentares e de suas assessorias. S\u00e3o devidamente assinadas e n\u00e3o refletem, necessariamente, a opini\u00e3o institucional da C\u00e2mara Municipal de Limeira.<\/strong><\/p>\t\t\t\t<\/div>\r\n<br>\r\n<br><a href=\"https:\/\/www.limeira.sp.leg.br\/noticias\/view\/2025-04-10_dr-marcelo-rossi-cita-articulacao-pelo-centro-de-referencia-do-idoso-nos-100-dias-de-mandato\" rel=\"noopener\">Informa\u00e7\u00f5es CML <\/a>","protected":false},"excerpt":{"rendered":"<p>Com o objetivo de prestar contas \u00e0 popula\u00e7\u00e3o, nesta quinta-feira, 10 de abril, o vereador Dr. Marcelo Rossi (MDB) fez balan\u00e7o das a\u00e7\u00f5es do mandato na C\u00e2mara Municipal nos primeiros 100 dias. Entre as frentes de trabalho, o parlamentar destacou a articula\u00e7\u00e3o com a Prefeitura para in\u00edcio da reforma do Centro de Refer\u00eancia do Idoso [&hellip;]<\/p>\n","protected":false},"author":1,"featured_media":30023,"comment_status":"open","ping_status":"open","sticky":false,"template":"","format":"standard","meta":{"_jetpack_newsletter_access":"","_jetpack_dont_email_post_to_subs":false,"_jetpack_newsletter_tier_id":0,"_jetpack_memberships_contains_paywalled_content":false,"_mbp_banners":[],"_jetpack_feature_clip_id":0,"_jetpack_memberships_contains_paid_content":false,"footnotes":"","jetpack_publicize_message":"","jetpack_publicize_feature_enabled":true,"jetpack_social_post_already_shared":true,"jetpack_social_options":{"image_generator_settings":{"template":"highway","default_image_id":0,"font":"","enabled":false},"version":2},"jetpack_post_was_ever_published":false},"categories":[19],"tags":[],"class_list":["post-30087","post","type-post","status-publish","format-standard","has-post-thumbnail","category-politica"],"jetpack_publicize_connections":[],"jetpack-related-posts":[],"jetpack_shortlink":"https:\/\/wp.me\/p7Eq1F-7Ph","jetpack_sharing_enabled":true,"jetpack_featured_media_url":"https:\/\/i0.wp.com\/guialimeira.com.br\/news\/wp-content\/uploads\/2025\/04\/Dr-Marcelo-Rossi-cita-articulacao-para-reforma-do-Centro-de.jpeg?fit=1280%2C640&ssl=1","_links":{"self":[{"href":"https:\/\/guialimeira.com.br\/news\/wp-json\/wp\/v2\/posts\/30087","targetHints":{"allow":["GET"]}}],"collection":[{"href":"https:\/\/guialimeira.com.br\/news\/wp-json\/wp\/v2\/posts"}],"about":[{"href":"https:\/\/guialimeira.com.br\/news\/wp-json\/wp\/v2\/types\/post"}],"author":[{"embeddable":true,"href":"https:\/\/guialimeira.com.br\/news\/wp-json\/wp\/v2\/users\/1"}],"replies":[{"embeddable":true,"href":"https:\/\/guialimeira.com.br\/news\/wp-json\/wp\/v2\/comments?post=30087"}],"version-history":[{"count":1,"href":"https:\/\/guialimeira.com.br\/news\/wp-json\/wp\/v2\/posts\/30087\/revisions"}],"predecessor-version":[{"id":30088,"href":"https:\/\/guialimeira.com.br\/news\/wp-json\/wp\/v2\/posts\/30087\/revisions\/30088"}],"wp:featuredmedia":[{"embeddable":true,"href":"https:\/\/guialimeira.com.br\/news\/wp-json\/wp\/v2\/media\/30023"}],"wp:attachment":[{"href":"https:\/\/guialimeira.com.br\/news\/wp-json\/wp\/v2\/media?parent=30087"}],"wp:term":[{"taxonomy":"category","embeddable":true,"href":"https:\/\/guialimeira.com.br\/news\/wp-json\/wp\/v2\/categories?post=30087"},{"taxonomy":"post_tag","embeddable":true,"href":"https:\/\/guialimeira.com.br\/news\/wp-json\/wp\/v2\/tags?post=30087"}],"curies":[{"name":"wp","href":"https:\/\/api.w.org\/{rel}","templated":true}]}}