{"id":30080,"date":"2025-04-10T21:15:35","date_gmt":"2025-04-11T00:15:35","guid":{"rendered":"https:\/\/guialimeira.com.br\/?p=30080"},"modified":"2025-04-10T21:15:35","modified_gmt":"2025-04-11T00:15:35","slug":"mariana-calsa-presta-contas-dos-100-primeiros-dias-de-mandato","status":"publish","type":"post","link":"https:\/\/guialimeira.com.br\/news\/mariana-calsa-presta-contas-dos-100-primeiros-dias-de-mandato\/","title":{"rendered":"Mariana Calsa presta contas dos 100 primeiros dias de mandato"},"content":{"rendered":"\n<figure class=\"wp-block-gallery has-nested-images columns-default is-cropped wp-block-gallery-1 is-layout-flex wp-block-gallery-is-layout-flex\"><\/figure>\n \r\n<br><img data-recalc-dims=\"1\" decoding=\"async\" src=\"https:\/\/i0.wp.com\/guialimeira.com.br\/wp-content\/uploads\/2025\/04\/2025-04-10_mariana-calsa-presta-contas-dos-100-primeiros-dias-de-mandato_1.png?w=696&#038;ssl=1\" \/><br><div>\n\t\t\t\t\t<p>A vereadora Mariana Calsa (MDB) divulgou nesta quinta-feira, 10 de abril, um balan\u00e7o das a\u00e7\u00f5es realizadas nos primeiros 100 dias de seu segundo mandato na C\u00e2mara Municipal de Limeira. A iniciativa refor\u00e7a o compromisso da parlamentar com a transpar\u00eancia e a participa\u00e7\u00e3o cidad\u00e3, princ\u00edpios que orientam sua atua\u00e7\u00e3o. Mariana tem ainda como principais bandeiras a defesa dos direitos das mulheres, a educa\u00e7\u00e3o e a sustentabilidade.<\/p><p>Segundo a parlamentar, entre os destaques deste per\u00edodo est\u00e1 a implementa\u00e7\u00e3o da <a href=\"https:\/\/legislacao.limeira.sp.leg.br\/Limeira-SP\/LeisOrdinarias\/7023-2024\" rel=\"noopener\">Lei de Bilhetagem Eletr\u00f4nica<\/a> no transporte p\u00fablico municipal, que agora permite o pagamento de passagens por meio de cart\u00e3o de d\u00e9bito e PIX.<\/p><p>\u201cAp\u00f3s um trabalho de articula\u00e7\u00e3o com a nova gest\u00e3o da prefeitura, conseguimos viabilizar essa lei t\u00e3o necess\u00e1ria, que j\u00e1 est\u00e1 trazendo mais praticidade e seguran\u00e7a para os usu\u00e1rios do transporte p\u00fablico. Nosso foco \u00e9 justamente esse: buscar solu\u00e7\u00f5es que impactem positivamente o dia a dia da popula\u00e7\u00e3o\u201d, afirmou a vereadora.<\/p><p>De acordo com ela, antes da nova legisla\u00e7\u00e3o, a recarga de cr\u00e9ditos no transporte p\u00fablico s\u00f3 podia ser feita com dinheiro em esp\u00e9cie, no Terminal Urbano. Agora, com a amplia\u00e7\u00e3o dos meios de pagamento e a descentraliza\u00e7\u00e3o do servi\u00e7o, a recarga est\u00e1 dispon\u00edvel em diversos pontos da cidade. Confira os endere\u00e7os <a href=\"https:\/\/mapa.piu.com.br\/sou-limeira\" rel=\"noopener\">aqui.\u00a0<\/a><\/p><p>Na \u00e1rea da educa\u00e7\u00e3o, Mariana mant\u00e9m o compromisso de presen\u00e7a cont\u00ednua nas escolas municipais, al\u00e9m de buscar solu\u00e7\u00f5es para a climatiza\u00e7\u00e3o das salas de aula e na cobertura de quadras esportivas. Ela tamb\u00e9m foi autora da lei que institui a Pol\u00edtica Municipal das Bibliotecas Escolares, com o objetivo de incentivar a leitura entre os estudantes.<\/p><p>Outra frente importante de atua\u00e7\u00e3o foi o apoio \u00e0s mulheres. Mariana articulou a cria\u00e7\u00e3o da Comiss\u00e3o de Assuntos Relevantes sobre a legisla\u00e7\u00e3o de combate \u00e0 viol\u00eancia dom\u00e9stica e ao feminic\u00eddio. Tamb\u00e9m conquistou a aprova\u00e7\u00e3o e san\u00e7\u00e3o da <a href=\"https:\/\/www.sinj.df.gov.br\/sinj\/Norma\/06d966b25fdf421c89df08351ab8db02\/Lei_7583_25_11_2024.html\" rel=\"noopener\">Lei de Sa\u00fade Mental Materna<\/a>, que garante atendimento psicol\u00f3gico a gestantes, pu\u00e9rperas e m\u00e3es adotivas na rede p\u00fablica.<\/p><p>&#8220;Os 100 primeiros dias de mandato representam um marco importante, e \u00e9 fundamental dar visibilidade para as a\u00e7\u00f5es que estamos realizando para os limeirenses, afinal foram eles que me confiaram essa miss\u00e3o, e merecem estar informados sobre os resultados do nosso trabalho e o compromisso da nossa equipe&#8221;, concluiu a vereadora.<\/p><p><i>Do Gabinete Parlamentar \u2013 Vereadora Mariana Calsa (MDB)<\/i><\/p><p><i>*Fotos do Gabinete parlamentar<\/i><\/p><p><strong>As mat\u00e9rias de origem dos Gabinetes Parlamentares s\u00e3o de inteira\u00a0 responsabilidade dos parlamentares e de suas assessorias. S\u00e3o devidamente assinadas e n\u00e3o refletem, necessariamente, a opini\u00e3o institucional da C\u00e2mara Municipal de Limeira.<\/strong><\/p>\t\t\t\t<\/div>\r\n<br>\r\n<br><a href=\"https:\/\/www.limeira.sp.leg.br\/noticias\/view\/2025-04-10_mariana-calsa-presta-contas-dos-100-primeiros-dias-de-mandato\" rel=\"noopener\">Informa\u00e7\u00f5es CML <\/a>","protected":false},"excerpt":{"rendered":"<p>A vereadora Mariana Calsa (MDB) divulgou nesta quinta-feira, 10 de abril, um balan\u00e7o das a\u00e7\u00f5es realizadas nos primeiros 100 dias de seu segundo mandato na C\u00e2mara Municipal de Limeira. A iniciativa refor\u00e7a o compromisso da parlamentar com a transpar\u00eancia e a participa\u00e7\u00e3o cidad\u00e3, princ\u00edpios que orientam sua atua\u00e7\u00e3o. Mariana tem ainda como principais bandeiras a [&hellip;]<\/p>\n","protected":false},"author":1,"featured_media":30081,"comment_status":"open","ping_status":"open","sticky":false,"template":"","format":"standard","meta":{"_jetpack_newsletter_access":"","_jetpack_dont_email_post_to_subs":false,"_jetpack_newsletter_tier_id":0,"_jetpack_memberships_contains_paywalled_content":false,"_mbp_banners":[],"_jetpack_feature_clip_id":0,"_jetpack_memberships_contains_paid_content":false,"footnotes":"","jetpack_publicize_message":"","jetpack_publicize_feature_enabled":true,"jetpack_social_post_already_shared":true,"jetpack_social_options":{"image_generator_settings":{"template":"highway","default_image_id":0,"font":"","enabled":false},"version":2},"jetpack_post_was_ever_published":false},"categories":[19],"tags":[],"class_list":["post-30080","post","type-post","status-publish","format-standard","has-post-thumbnail","category-politica"],"jetpack_publicize_connections":[],"jetpack-related-posts":[],"jetpack_shortlink":"https:\/\/wp.me\/p7Eq1F-7Pa","jetpack_sharing_enabled":true,"jetpack_featured_media_url":"https:\/\/i0.wp.com\/guialimeira.com.br\/news\/wp-content\/uploads\/2025\/04\/Mariana-Calsa-presta-contas-dos-100-primeiros-dias-de-mandato.png?fit=1280%2C640&ssl=1","_links":{"self":[{"href":"https:\/\/guialimeira.com.br\/news\/wp-json\/wp\/v2\/posts\/30080","targetHints":{"allow":["GET"]}}],"collection":[{"href":"https:\/\/guialimeira.com.br\/news\/wp-json\/wp\/v2\/posts"}],"about":[{"href":"https:\/\/guialimeira.com.br\/news\/wp-json\/wp\/v2\/types\/post"}],"author":[{"embeddable":true,"href":"https:\/\/guialimeira.com.br\/news\/wp-json\/wp\/v2\/users\/1"}],"replies":[{"embeddable":true,"href":"https:\/\/guialimeira.com.br\/news\/wp-json\/wp\/v2\/comments?post=30080"}],"version-history":[{"count":1,"href":"https:\/\/guialimeira.com.br\/news\/wp-json\/wp\/v2\/posts\/30080\/revisions"}],"predecessor-version":[{"id":30082,"href":"https:\/\/guialimeira.com.br\/news\/wp-json\/wp\/v2\/posts\/30080\/revisions\/30082"}],"wp:featuredmedia":[{"embeddable":true,"href":"https:\/\/guialimeira.com.br\/news\/wp-json\/wp\/v2\/media\/30081"}],"wp:attachment":[{"href":"https:\/\/guialimeira.com.br\/news\/wp-json\/wp\/v2\/media?parent=30080"}],"wp:term":[{"taxonomy":"category","embeddable":true,"href":"https:\/\/guialimeira.com.br\/news\/wp-json\/wp\/v2\/categories?post=30080"},{"taxonomy":"post_tag","embeddable":true,"href":"https:\/\/guialimeira.com.br\/news\/wp-json\/wp\/v2\/tags?post=30080"}],"curies":[{"name":"wp","href":"https:\/\/api.w.org\/{rel}","templated":true}]}}